{"id":6436,"date":"2026-03-13T14:46:46","date_gmt":"2026-03-13T12:46:46","guid":{"rendered":"https:\/\/illadelstrails.com\/?p=6436"},"modified":"2026-03-13T14:46:46","modified_gmt":"2026-03-13T12:46:46","slug":"ferreries-se-vuelca-con-los-600-corredores-de-la-trail-del-nord","status":"publish","type":"post","link":"https:\/\/illadelstrails.com\/ca\/2026\/03\/13\/ferreries-se-vuelca-con-los-600-corredores-de-la-trail-del-nord\/","title":{"rendered":"Ferreries es bolca amb els 600 corredors de la Trail del Nord"},"content":{"rendered":"<p><em>El municipi acollir\u00e0 la meta de la segona prova de la Lliga Illa dels Trails que se celebra aquest dissabte<\/em><\/p>\n<p>&nbsp;<\/p>\n<p>La Trail del Nord compta les hores per arrencar la seva sisena edici\u00f3, la segona que t\u00e9 Ferreries com a epicentre, i que acollir\u00e0 600 participants repartits entre les dist\u00e0ncies de 30 km i de 15 km. L\u2019esdeveniment, segona prova de la Lliga Illa dels Trails que organitzen Elitechip i Biosport Menorca amb el patrocini de la Fundaci\u00f3 Foment del Turisme de Menorca, compta a m\u00e9s en aquesta cursa amb el suport de l\u2019Ajuntament de Ferreries, que s\u2019ha bolcat amb la prova.<\/p>\n<p>La cursa s\u2019ha presentat aquest dijous al consistori ferrerienc amb la pres\u00e8ncia del president del Consell, Adolfo Vilafranca; el batle, Pedro Pons; Joan Canals, gerent d\u2019Ulises; aix\u00ed com Toni Cap\u00f3, director general de Biosport Menorca i coorganitzador de l\u2019esdeveniment.<\/p>\n<p>La cursa arrencar\u00e0 dissabte a les 13.30 hores amb la sortida, des del cam\u00ed de Binimetl\u00b7l\u00e0, de la dist\u00e0ncia de 30 quil\u00f2metres. Una prova amb m\u00e9s de 1.000 metres de desnivell positiu que acabar\u00e0 a la zona esportiva de Ferreries. M\u00e9s de 200 esportistes s\u2019enfrontaran a un recorregut que transcorre en part pel Cam\u00ed de Cavalls i en part pel Cam\u00ed Reial del Nord, que inclou una pujada a Santa \u00c0gueda.<\/p>\n<p>A les 16 hores tindr\u00e0 lloc la segona sortida, la dels 14 quil\u00f2metres, que es far\u00e0 des de l\u2019aparcament de Cala Pilar en direcci\u00f3 a Ferreries pel Cam\u00ed Reial del Nord i en la qual hi ha m\u00e9s de 400 persones inscrites. Ambdues curses acabaran a la zona esportiva de Ferreries.<\/p>\n<p>\u201cLa Trail del Nord comptar\u00e0 enguany amb un 20 per cent m\u00e9s d\u2019inscrits que l\u2019any passat, cosa que \u00e9s un gran senyal de com s\u2019estan fent les coses, i m\u00e9s si tenim en compte que el 35 per cent dels participants s\u00f3n de fora de Menorca, fet que segueix la l\u00ednia que marquem des del Consell Insular i la Fundaci\u00f3 Foment del Turisme de promocionar l\u2019illa amb esdeveniments fora de la temporada alta\u201d, ha valorat el president del Consell, Adolfo Vilafranca.<\/p>\n<p>\u201cEstam encantats d\u2019obrir una vegada m\u00e9s Ferreries i el seu entorn a un esdeveniment d\u2019aquesta magnitud que permet, a m\u00e9s, promocionar elements del municipi com Santa \u00c0gueda, aix\u00ed com altres rutes que surten del Cam\u00ed de Cavalls i que ens caracteritzen, entre altres coses\u201d, ha assenyalat el batle de Ferreries, Pedro Pons. \u201cComplementam la part esportiva, que \u00e9s el principal reclam, amb un esdeveniment musical quan acabi la cursa que tindr\u00e0 lloc a la pla\u00e7a Espanya, vistes les previsions del temps\u201d, ha concl\u00f2s.<\/p>\n<p>Joan Canals, des del Grup Ulises, ha agra\u00eft \u201cla confian\u00e7a de l\u2019organitzaci\u00f3 per comptar amb nosaltres en un esdeveniment que, en ser fora de temporada, ens fa especial il\u00b7lusi\u00f3 i amb el qual tancam el cercle econ\u00f2mic que beneficia el municipi comprant tots els ingredients principals que se serviran dissabte en negocis de Ferreries\u201d.<\/p>\n<p>Per la seva banda, Toni Cap\u00f3 ha desvelat que \u201cl\u2019augment d\u2019inscrits \u00e9s important i ens indica que, no nom\u00e9s des de Menorca sin\u00f3 tamb\u00e9 des d\u2019altres punts de fora, hi ha inter\u00e8s que es facin aquest tipus d\u2019esdeveniments\u201d. En aquest sentit, el director general de Biosport Menorca ha assenyalat que \u201cestam especialment molt satisfets que la participaci\u00f3 femenina en els 14 quil\u00f2metres sigui del 47 per cent, molt a prop del 50 per cent, que \u00e9s un dels nostres objectius, i del 39 per cent en el global\u201d. Aix\u00ed mateix, Cap\u00f3 ha volgut agrair el suport de l\u2019Ajuntament \u201cperqu\u00e8 demostra que \u00e9s una administraci\u00f3 viva, que veu un problema i reacciona, com ha passat amb el canvi d\u2019ubicaci\u00f3 de les activitats de la tarda, i \u00e9s un plaer, com a organitzaci\u00f3, comptar amb companys d\u2019equip com ells\u201d.<\/p>\n<p>La cursa es complementar\u00e0 amb un espectacle musical, a partir de les 16 hores, a la pla\u00e7a Espanya de Ferreries, que comptar\u00e0 amb l\u2019actuaci\u00f3 del DJ Byone, de The Binigaus Band a partir de les 18 hores, de Cris Juanico a partir de les 20 hores i del DJ Axel Pi, membre del grup Sidonie, que tancar\u00e0 l\u2019acte a partir de les 22 hores.<\/p>\n<p>&nbsp;<\/p>\n","protected":false},"excerpt":{"rendered":"<p>El municipi acollir\u00e0 la meta de la segona prova de la Lliga Illa dels Trails que se celebra aquest dissabte &nbsp; La Trail del Nord compta les hores per arrencar la seva sisena edici\u00f3, la segona que t\u00e9 Ferreries com a epicentre, i que acollir\u00e0 600 participants repartits entre les dist\u00e0ncies de 30 km i [&hellip;]<\/p>\n","protected":false},"author":2,"featured_media":6437,"comment_status":"open","ping_status":"open","sticky":false,"template":"","format":"standard","meta":{"spay_email":"","footnotes":""},"categories":[70],"tags":[75,72,71,81],"class_list":["post-6436","post","type-post","status-publish","format-standard","has-post-thumbnail","hentry","category-trail-del-nord","tag-cami-de-cavalls","tag-illa-dels-trails","tag-menorca","tag-trail-del-nord"],"acf":[],"jetpack_featured_media_url":"https:\/\/i0.wp.com\/illadelstrails.com\/wp-content\/uploads\/2026\/03\/IMG_2751.jpg?fit=2048%2C1536&ssl=1","jetpack-related-posts":[{"id":6400,"url":"https:\/\/illadelstrails.com\/ca\/2025\/11\/19\/la-mejor-trail-del-nord-estrena-recorrido-distancia-y-meta-en-ferreries\/","url_meta":{"origin":6436,"position":0},"title":"La millor Trail del Nord estrena recorregut, dist\u00e0ncia i meta a Ferreries","date":"19 November, 2025","format":false,"excerpt":"La segona prova de la lliga Illa dels Trails se celebra aquest dissabte amb m\u00e9s de vint esportistes professionals de l\u2019equip ASICS i uns 600 inscrits entre les dist\u00e0ncies de 14KM i 30KM. \u00a0 La Trail del Nord es reinventa aquest dissabte, 29 de mar\u00e7, amb una edici\u00f3 especial que,\u2026","rel":"","context":"In &quot;Trail del Nord&quot;","img":{"alt_text":"","src":"https:\/\/i0.wp.com\/illadelstrails.com\/wp-content\/uploads\/2025\/11\/Foto-Presentacion.jpeg?fit=1200%2C772&ssl=1&resize=350%2C200","width":350,"height":200},"classes":[]},{"id":4834,"url":"https:\/\/illadelstrails.com\/ca\/2023\/03\/29\/tirant-area-de-trail-running-con-mas-de-800-participantes-en-la-trail-del-nord\/","url_meta":{"origin":6436,"position":1},"title":"Tirant, \u00e0rea de trail running amb m\u00e9s de 800 participants en la Trail del Nord","date":"29 March, 2023","format":false,"excerpt":"TRH Tirant Platja ser\u00e0 l'epicentre de la tercera edici\u00f3 d'una carrera que te r\u00e8cord d'inscripci\u00f3 amb les seves tres dist\u00e0ncies La tercera edici\u00f3 de la Trail del Nord s'ha presentat aquest dimecres lluint el cartell de r\u00e8cord de participaci\u00f3 superant \u00e0mpliament les 800 persones i rondant els 900. Gaireb\u00e9 un\u2026","rel":"","context":"In &quot;Trail del Nord&quot;","img":{"alt_text":"","src":"https:\/\/i0.wp.com\/illadelstrails.com\/wp-content\/uploads\/2023\/03\/2.jpeg?fit=1024%2C768&ssl=1&resize=350%2C200","width":350,"height":200},"classes":[]},{"id":5384,"url":"https:\/\/illadelstrails.com\/ca\/2023\/12\/11\/la-trail-del-nord-abre-sus-inscripciones-apostando-por-el-concierto-al-final-de-la-carrera\/","url_meta":{"origin":6436,"position":2},"title":"La Trail del Nord obre les seves inscripcions amb un concert al final de la cursa","date":"11 December, 2023","format":false,"excerpt":"El dissabte 13 d'abril tindr\u00e0 lloc la segona cita de la Lliga Illa dels Trails amb les seves tres propostes de 45 km, 24 km i 12 km La Trail del Nord se celebrar\u00e0 el 13 d'abril de 2024, tot i que oficialment comen\u00e7a aquest dimarts, 12 de desembre, a\u2026","rel":"","context":"In &quot;Trail del Nord&quot;","img":{"alt_text":"","src":"https:\/\/i0.wp.com\/illadelstrails.com\/wp-content\/uploads\/2023\/12\/Cartell_Trail_Nord_2024_INSTA.jpg?fit=1200%2C1200&ssl=1&resize=350%2C200","width":350,"height":200},"classes":[]},{"id":2582,"url":"https:\/\/illadelstrails.com\/ca\/2021\/01\/05\/la-trail-dels-barrancs-en-la-liga-illa-dels-trails\/","url_meta":{"origin":6436,"position":3},"title":"La Trail dels Barrancs, en la liga Illa dels Trails","date":"5 January, 2021","format":false,"excerpt":"La carrera, que se disputar\u00e1 el d\u00eda 28 de marzo, ser\u00e1 la segunda prueba de la liga Illa dels Trails El 28 de marzo Alaior acoger\u00e1 la segunda prueba de la liga Illa dels Trails, una competici\u00f3n que se estrena este 2021 y que premiar\u00e1 a los deportistas m\u00e1s regulares\u2026","rel":"","context":"In &quot;Trail dels Barrancs&quot;","img":{"alt_text":"","src":"https:\/\/i0.wp.com\/illadelstrails.com\/wp-content\/uploads\/2021\/01\/noticia_3.jpg?fit=1200%2C752&ssl=1&resize=350%2C200","width":350,"height":200},"classes":[]},{"id":2734,"url":"https:\/\/illadelstrails.com\/ca\/2021\/02\/08\/la-trail-del-nord-una-novedad-para-la-illa-dels-trails\/","url_meta":{"origin":6436,"position":4},"title":"La Trail del Nord, una novedad para la Illa dels Trails","date":"8 February, 2021","format":false,"excerpt":"La prueba se disputar\u00e1 el 14 de noviembre con las distancias de 48KM, 26KM y 14KM Los amantes de Trail Run tendr\u00e1n una nueva ocasi\u00f3n para disfrutar de su deporte en Menorca merced a la Trail del Nord, una prueba que contar\u00e1 con las distancias de 48KM, 26KM y 14KM\u2026","rel":"","context":"In &quot;Trail del Nord&quot;","img":{"alt_text":"","src":"https:\/\/i0.wp.com\/illadelstrails.com\/wp-content\/uploads\/2020\/12\/Trail-dels-fars-2020-211.jpg?fit=1200%2C800&ssl=1&resize=350%2C200","width":350,"height":200},"classes":[]},{"id":3508,"url":"https:\/\/illadelstrails.com\/ca\/2021\/11\/11\/la-trail-del-nord-debuta-superando-los-700-inscritos-para-cerrar-la-liga-illa-dels-trails\/","url_meta":{"origin":6436,"position":5},"title":"La Trail del Nord debuta superant els 700 inscrits per a tancar la lliga Illa dels Trails","date":"11 November, 2021","format":false,"excerpt":"L'\u00faltima carrera tindr\u00e0 lloc aquest diumenge amb tres dist\u00e0ncies que acabaran totes en el Poliesportiu Municipal de\u00a0Fornells La primera edici\u00f3 de la lliga\u00a0Illa\u00a0dels\u00a0Trails\u00a0arriba aquest diumenge a la seva fi amb la disputa de la\u00a0Trail\u00a0del\u00a0Nord, una carrera que s'estrena a Menorca i que ha despertat l'inter\u00e8s de m\u00e9s de 700 participants\u2026","rel":"","context":"In &quot;Trail del Nord&quot;","img":{"alt_text":"","src":"https:\/\/i0.wp.com\/illadelstrails.com\/wp-content\/uploads\/2021\/11\/Presentacio.jpeg?fit=1024%2C768&ssl=1&resize=350%2C200","width":350,"height":200},"classes":[]}],"_links":{"self":[{"href":"https:\/\/illadelstrails.com\/ca\/wp-json\/wp\/v2\/posts\/6436"}],"collection":[{"href":"https:\/\/illadelstrails.com\/ca\/wp-json\/wp\/v2\/posts"}],"about":[{"href":"https:\/\/illadelstrails.com\/ca\/wp-json\/wp\/v2\/types\/post"}],"author":[{"embeddable":true,"href":"https:\/\/illadelstrails.com\/ca\/wp-json\/wp\/v2\/users\/2"}],"replies":[{"embeddable":true,"href":"https:\/\/illadelstrails.com\/ca\/wp-json\/wp\/v2\/comments?post=6436"}],"version-history":[{"count":1,"href":"https:\/\/illadelstrails.com\/ca\/wp-json\/wp\/v2\/posts\/6436\/revisions"}],"predecessor-version":[{"id":6438,"href":"https:\/\/illadelstrails.com\/ca\/wp-json\/wp\/v2\/posts\/6436\/revisions\/6438"}],"wp:featuredmedia":[{"embeddable":true,"href":"https:\/\/illadelstrails.com\/ca\/wp-json\/wp\/v2\/media\/6437"}],"wp:attachment":[{"href":"https:\/\/illadelstrails.com\/ca\/wp-json\/wp\/v2\/media?parent=6436"}],"wp:term":[{"taxonomy":"category","embeddable":true,"href":"https:\/\/illadelstrails.com\/ca\/wp-json\/wp\/v2\/categories?post=6436"},{"taxonomy":"post_tag","embeddable":true,"href":"https:\/\/illadelstrails.com\/ca\/wp-json\/wp\/v2\/tags?post=6436"}],"curies":[{"name":"wp","href":"https:\/\/api.w.org\/{rel}","templated":true}]}}