{"id":6404,"date":"2025-11-19T15:19:59","date_gmt":"2025-11-19T13:19:59","guid":{"rendered":"https:\/\/illadelstrails.com\/?p=6404"},"modified":"2025-11-19T15:19:59","modified_gmt":"2025-11-19T13:19:59","slug":"el-team-asics-fuji-trail-el-autentico-vendaval-que-arrasa-en-la-trail-del-nord","status":"publish","type":"post","link":"https:\/\/illadelstrails.com\/ca\/2025\/11\/19\/el-team-asics-fuji-trail-el-autentico-vendaval-que-arrasa-en-la-trail-del-nord\/","title":{"rendered":"El Team Asics Fuji Trail, l\u2019aut\u00e8ntic vendaval que arrasa a la Trail del Nord"},"content":{"rendered":"<p><em>L\u2019equip professional de corredors s\u2019imposa als 23KM amb Kaline Osaki i Benjamin Roubiol, i als 14KM amb Maude Mathis i Quentin Meyleu.<\/em><\/p>\n<p>&nbsp;<\/p>\n<p>El gui\u00f3 es va complir amb escreix. La participaci\u00f3 del Team Asics Fuji Trail a la Trail del Nord, amb una vintena de participants, va tenyir una cursa que va haver de retallar els 30KM, modificar el recorregut de la seva prova reina i avan\u00e7ar la sortida dels 14KM com a mesures per fer front a l\u2019alerta taronja que amena\u00e7ava l\u2019illa. Quentin Meyleu i Maude Mathis van ser els m\u00e9s r\u00e0pids en la dist\u00e0ncia curta, mentre que en la llarga Kaline Osaki i Benjamin Roubiol van dominar de principi a fi. El vent, omnipresent, va condicionar una prova que va viure la seva primera edici\u00f3 amb arribada a Ferreries, amb el patrocini de Fundaci\u00f3 Foment del Turisme de Menorca i de Bosch &amp; Lozano, aix\u00ed com l\u2019Ajuntament de Ferreries.<\/p>\n<p>&nbsp;<\/p>\n<p>El part meteorol\u00f2gic i l\u2019amena\u00e7a de l\u2019alerta taronja van obligar l\u2019organitzaci\u00f3 a redefinir el tra\u00e7at dels 30KM per evitar la zona d\u2019Ets Alocs davant una possible emerg\u00e8ncia d\u2019un participant. Es va decidir oferir un recorregut alternatiu d\u2019uns 23KM amb una volta per Es Milocar i la corresponent pujada a Santa \u00c0gueda en les dues dist\u00e0ncies.<\/p>\n<p>&nbsp;<\/p>\n<p>A les 8 del mat\u00ed es va donar la sortida al p\u00e0rquing de Cala Pilar, amb la pres\u00e8ncia de l\u2019alcalde de Ferreries, Pedro Pons, i de la directora insular d\u2019Economia, Alicia Mart\u00ed, en una cursa llarga dominada de principi a fi per Benjamin Roubiol, que es va imposar a l\u2019esprint al seu company Ben Dihman per 14 segons de difer\u00e8ncia (1:30:12). El bronze se\u2019l va penjar el mallorqu\u00ed Jos\u00e9 Luis Garc\u00eda Pujadas amb 1:33:37.<\/p>\n<p>&nbsp;<\/p>\n<p>En dones, cursa tranquil\u00b7la i per gaudir per a Kaline Osaki, guanyadora amb un crono d\u20191:53:08, seguida de Maeva Danois amb 1:56:25. El podi el va completar la menorquina d\u2019Es Grau, Maria Carrasco, amb 2:06:54.<\/p>\n<p>&nbsp;<\/p>\n<p>A les 9 va comen\u00e7ar, al mateix lloc, l\u2019esdeveniment de 14KM. L\u2019equip d\u2019Asics, que es troba a Menorca fins dijous per fer un <em>training camp<\/em>, no va tenir rival en la dist\u00e0ncia curta. En homes, Quentin Meyleu va volar fins a la meta amb un espectacular 55:12, deixant Johannes Nussbaumer amb la plata (55:46) i Romain Discher amb el bronze (56:33).<\/p>\n<p>En categoria femenina, exhibici\u00f3 de Maude Mathis amb 1:05:53, seguida de Greta Garc\u00eda i Martina Cumerlato, que van entrar a meta pr\u00e0cticament juntes amb 1:07:05.<\/p>\n<p>&nbsp;<\/p>\n<p>Despr\u00e9s de la cursa es va procedir a l\u2019entrega de trofeus al poliesportiu de l\u2019Institut IES Biel Mart\u00ed, amb la pres\u00e8ncia de l\u2019alcalde de Ferreries, Pedro Pons, el president del Consell Insular, Adolfo Vilafranca, la directora de la Fundaci\u00f3 de Foment del Turisme de Menorca i el regidor d\u2019Esports d\u2019Es Mercadal, Tobal Pons, aix\u00ed com Santiago Mart\u00ednez, cap de m\u00e0rqueting esportiu d\u2019ASICS EMEA a Europa.<\/p>\n<p>&nbsp;<\/p>\n<p>L\u2019acci\u00f3 amb el Team Asics Fuji Trail s\u2019ha dut a terme amb la col\u00b7laboraci\u00f3 de l\u2019equip de Cam\u00ed de Cavalls 360\u00ba i estaran realitzant diferents activitats per l\u2019illa fins dijous, amb la promoci\u00f3 que aix\u00f2 suposa tant per a l\u2019illa com per al Cam\u00ed de Cavalls.<\/p>\n","protected":false},"excerpt":{"rendered":"<p>L\u2019equip professional de corredors s\u2019imposa als 23KM amb Kaline Osaki i Benjamin Roubiol, i als 14KM amb Maude Mathis i Quentin Meyleu. &nbsp; El gui\u00f3 es va complir amb escreix. La participaci\u00f3 del Team Asics Fuji Trail a la Trail del Nord, amb una vintena de participants, va tenyir una cursa que va haver de [&hellip;]<\/p>\n","protected":false},"author":2,"featured_media":6405,"comment_status":"open","ping_status":"open","sticky":false,"template":"","format":"standard","meta":{"spay_email":"","footnotes":""},"categories":[70],"tags":[75,72,71,81,74],"class_list":["post-6404","post","type-post","status-publish","format-standard","has-post-thumbnail","hentry","category-trail-del-nord","tag-cami-de-cavalls","tag-illa-dels-trails","tag-menorca","tag-trail-del-nord","tag-trail-run"],"acf":[],"jetpack_featured_media_url":"https:\/\/i0.wp.com\/illadelstrails.com\/wp-content\/uploads\/2025\/11\/PHOTO-2025-03-29-17-55-21.jpg?fit=1600%2C1066&ssl=1","jetpack-related-posts":[{"id":2734,"url":"https:\/\/illadelstrails.com\/ca\/2021\/02\/08\/la-trail-del-nord-una-novedad-para-la-illa-dels-trails\/","url_meta":{"origin":6404,"position":0},"title":"La Trail del Nord, una novedad para la Illa dels Trails","date":"8 February, 2021","format":false,"excerpt":"La prueba se disputar\u00e1 el 14 de noviembre con las distancias de 48KM, 26KM y 14KM Los amantes de Trail Run tendr\u00e1n una nueva ocasi\u00f3n para disfrutar de su deporte en Menorca merced a la Trail del Nord, una prueba que contar\u00e1 con las distancias de 48KM, 26KM y 14KM\u2026","rel":"","context":"In &quot;Trail del Nord&quot;","img":{"alt_text":"","src":"https:\/\/i0.wp.com\/illadelstrails.com\/wp-content\/uploads\/2020\/12\/Trail-dels-fars-2020-211.jpg?fit=1200%2C800&ssl=1&resize=350%2C200","width":350,"height":200},"classes":[]},{"id":6398,"url":"https:\/\/illadelstrails.com\/ca\/2025\/11\/19\/la-marca-internacional-asics-se-incorpora-como-patrocinador-de-la-trail-del-nord\/","url_meta":{"origin":6404,"position":1},"title":"La marca internacional ASICS s\u2019incorpora com a patrocinador de la Trail del Nord","date":"19 November, 2025","format":false,"excerpt":"La marca esportiva japonesa donar\u00e0 visibilitat a Menorca i a la prova, a m\u00e9s d\u2019inscriure els seus millors corredors. \u00a0 La Trail del Nord ha fet un pas de gegant en la seva expansi\u00f3 nacional i internacional. La cursa, que se celebrar\u00e0 el dissabte 29 de mar\u00e7, comptar\u00e0 amb el\u2026","rel":"","context":"In &quot;Trail del Nord&quot;","img":{"alt_text":"","src":"","width":0,"height":0},"classes":[]},{"id":3283,"url":"https:\/\/illadelstrails.com\/ca\/2021\/07\/21\/hotel-jeni-de-es-mercadal-alojamiento-oficial\/","url_meta":{"origin":6404,"position":2},"title":"Hotel Jeni de Es Mercadal, alojamiento oficial","date":"21 July, 2021","format":false,"excerpt":"Estamos muy contentos de anunciar que el Hotel Jeni ubicado en Es Mercadal, ser\u00e1 el alojamiento oficial para la Trail del Nord que se celebrar\u00e1 el 14 de noviembre en Menorca. La Trail del Nord es una de las pruebas nuevas de este proyecto Illa dels Trails que cuenta con\u2026","rel":"","context":"In &quot;Trail del Nord&quot;","img":{"alt_text":"","src":"https:\/\/i0.wp.com\/illadelstrails.com\/wp-content\/uploads\/2021\/07\/Hotel-Nord.jpg?fit=1200%2C1200&ssl=1&resize=350%2C200","width":350,"height":200},"classes":[]},{"id":6400,"url":"https:\/\/illadelstrails.com\/ca\/2025\/11\/19\/la-mejor-trail-del-nord-estrena-recorrido-distancia-y-meta-en-ferreries\/","url_meta":{"origin":6404,"position":3},"title":"La millor Trail del Nord estrena recorregut, dist\u00e0ncia i meta a Ferreries","date":"19 November, 2025","format":false,"excerpt":"La segona prova de la lliga Illa dels Trails se celebra aquest dissabte amb m\u00e9s de vint esportistes professionals de l\u2019equip ASICS i uns 600 inscrits entre les dist\u00e0ncies de 14KM i 30KM. \u00a0 La Trail del Nord es reinventa aquest dissabte, 29 de mar\u00e7, amb una edici\u00f3 especial que,\u2026","rel":"","context":"In &quot;Trail del Nord&quot;","img":{"alt_text":"","src":"https:\/\/i0.wp.com\/illadelstrails.com\/wp-content\/uploads\/2025\/11\/Foto-Presentacion.jpeg?fit=1200%2C772&ssl=1&resize=350%2C200","width":350,"height":200},"classes":[]},{"id":2738,"url":"https:\/\/illadelstrails.com\/ca\/2021\/02\/08\/los-encantos-de-la-trail-del-nord\/","url_meta":{"origin":6404,"position":4},"title":"Los encantos de la Trail del Nord","date":"8 February, 2021","format":false,"excerpt":"La prueba transcurre por el norte de Menorca el d\u00eda 14 de noviembre. El Castillo de Santa \u00c1gueda, las playas de Cavalleria, Cala Pilar o Binimetl\u00b7l\u00e0 son algunos de los encantos con los que contar\u00e1 la primera edici\u00f3n de la Trail del Nord, que tendr\u00e1 lugar el d\u00eda 14 de\u2026","rel":"","context":"In &quot;Trail del Nord&quot;","img":{"alt_text":"","src":"https:\/\/i0.wp.com\/illadelstrails.com\/wp-content\/uploads\/2020\/12\/WhatsApp-Image-2019-02-03-at-19.08.39.jpeg?fit=1200%2C800&ssl=1&resize=350%2C200","width":350,"height":200},"classes":[]},{"id":5384,"url":"https:\/\/illadelstrails.com\/ca\/2023\/12\/11\/la-trail-del-nord-abre-sus-inscripciones-apostando-por-el-concierto-al-final-de-la-carrera\/","url_meta":{"origin":6404,"position":5},"title":"La Trail del Nord obre les seves inscripcions amb un concert al final de la cursa","date":"11 December, 2023","format":false,"excerpt":"El dissabte 13 d'abril tindr\u00e0 lloc la segona cita de la Lliga Illa dels Trails amb les seves tres propostes de 45 km, 24 km i 12 km La Trail del Nord se celebrar\u00e0 el 13 d'abril de 2024, tot i que oficialment comen\u00e7a aquest dimarts, 12 de desembre, a\u2026","rel":"","context":"In &quot;Trail del Nord&quot;","img":{"alt_text":"","src":"https:\/\/i0.wp.com\/illadelstrails.com\/wp-content\/uploads\/2023\/12\/Cartell_Trail_Nord_2024_INSTA.jpg?fit=1200%2C1200&ssl=1&resize=350%2C200","width":350,"height":200},"classes":[]}],"_links":{"self":[{"href":"https:\/\/illadelstrails.com\/ca\/wp-json\/wp\/v2\/posts\/6404"}],"collection":[{"href":"https:\/\/illadelstrails.com\/ca\/wp-json\/wp\/v2\/posts"}],"about":[{"href":"https:\/\/illadelstrails.com\/ca\/wp-json\/wp\/v2\/types\/post"}],"author":[{"embeddable":true,"href":"https:\/\/illadelstrails.com\/ca\/wp-json\/wp\/v2\/users\/2"}],"replies":[{"embeddable":true,"href":"https:\/\/illadelstrails.com\/ca\/wp-json\/wp\/v2\/comments?post=6404"}],"version-history":[{"count":1,"href":"https:\/\/illadelstrails.com\/ca\/wp-json\/wp\/v2\/posts\/6404\/revisions"}],"predecessor-version":[{"id":6406,"href":"https:\/\/illadelstrails.com\/ca\/wp-json\/wp\/v2\/posts\/6404\/revisions\/6406"}],"wp:featuredmedia":[{"embeddable":true,"href":"https:\/\/illadelstrails.com\/ca\/wp-json\/wp\/v2\/media\/6405"}],"wp:attachment":[{"href":"https:\/\/illadelstrails.com\/ca\/wp-json\/wp\/v2\/media?parent=6404"}],"wp:term":[{"taxonomy":"category","embeddable":true,"href":"https:\/\/illadelstrails.com\/ca\/wp-json\/wp\/v2\/categories?post=6404"},{"taxonomy":"post_tag","embeddable":true,"href":"https:\/\/illadelstrails.com\/ca\/wp-json\/wp\/v2\/tags?post=6404"}],"curies":[{"name":"wp","href":"https:\/\/api.w.org\/{rel}","templated":true}]}}