{"id":6400,"date":"2025-11-19T15:17:55","date_gmt":"2025-11-19T13:17:55","guid":{"rendered":"https:\/\/illadelstrails.com\/?p=6400"},"modified":"2025-11-19T15:17:55","modified_gmt":"2025-11-19T13:17:55","slug":"la-mejor-trail-del-nord-estrena-recorrido-distancia-y-meta-en-ferreries","status":"publish","type":"post","link":"https:\/\/illadelstrails.com\/ca\/2025\/11\/19\/la-mejor-trail-del-nord-estrena-recorrido-distancia-y-meta-en-ferreries\/","title":{"rendered":"La millor Trail del Nord estrena recorregut, dist\u00e0ncia i meta a Ferreries"},"content":{"rendered":"<p><em>La segona prova de la lliga Illa dels Trails se celebra aquest dissabte amb m\u00e9s de vint esportistes professionals de l\u2019equip ASICS i uns 600 inscrits entre les dist\u00e0ncies de 14KM i 30KM.<\/em><\/p>\n<p>&nbsp;<\/p>\n<p>La Trail del Nord es reinventa aquest dissabte, 29 de mar\u00e7, amb una edici\u00f3 especial que, a m\u00e9s de ser la segona prova de la lliga Illa dels Trails, estrenar\u00e0 dist\u00e0ncia, recorreguts i meta a Ferreries, un municipi amb un marcat car\u00e0cter corredor que acollir\u00e0 l\u2019arribada d\u2019una prova amb uns 600 inscrits. A m\u00e9s, es preveu que sigui la millor edici\u00f3 fins ara, amb la participaci\u00f3 de m\u00e9s de 20 corredors professionals de l\u2019equip ASICS, marca de roba esportiva, que aprofitar\u00e0 la seva estada a Menorca per fer un <em>training camp<\/em>. La cita compta amb el patrocini de la Fundaci\u00f3 Foment del Turisme de Menorca, la col\u00b7laboraci\u00f3 de l\u2019Ajuntament de Ferreries i de Bosch Lozano, i l\u2019organitzaci\u00f3 de Biosport Menorca i Elitechip.<\/p>\n<p>&nbsp;<\/p>\n<p>La Trail del Nord s\u2019ha presentat aquest dimecres a l\u2019Ajuntament de Ferreries amb la pres\u00e8ncia de l\u2019alcalde, Pedro Pons, el conseller d\u2019Esports, Joan Pons Torres, i el coorganitzador de l\u2019esdeveniment, Guiem Bosch. El sal\u00f3 de plens de Ferreries ha servit d\u2019escenari perqu\u00e8 autoritats i organitzaci\u00f3 expliquin les novetats d\u2019una cursa que ha estat rebuda amb especial il\u00b7lusi\u00f3 al municipi, despr\u00e9s que en els darrers anys nom\u00e9s hagi estat punt de sortida o de pas.<\/p>\n<p>&nbsp;<\/p>\n<p>La cursa comen\u00e7ar\u00e0 divendres, de 17 a 21 hores, amb el lliurament de dorsals al Poliesportiu Municipal de Ferreries, per donar pas a la jornada de dissabte. A les 8.00 h es donar\u00e0 la sortida dels 30KM a la cru\u00eflla del cam\u00ed de Tramuntana amb el d\u2019acc\u00e9s a la platja de Binimetl\u00b7l\u00e0. Despr\u00e9s, a les 10.00 h, comen\u00e7ar\u00e0 la prova de 14KM des de l\u2019aparcament de Cala Pilar. Aquest acc\u00e9s estar\u00e0 tancat a tothom i nom\u00e9s s\u2019hi podr\u00e0 accedir amb els autobusos de l\u2019organitzaci\u00f3 fins al punt de sortida de la cursa.<\/p>\n<p>&nbsp;<\/p>\n<p>A les 13.00 h est\u00e0 prevista l\u2019entrega de trofeus al poliesportiu de Ferreries i posteriorment hi haur\u00e0 animaci\u00f3 al municipi.<\/p>\n<p>&nbsp;<\/p>\n<p>Un altre dels grans atractius d\u2019aquesta Trail del Nord \u00e9s la participaci\u00f3 de m\u00e9s de 20 corredors professionals de l\u2019equip ASICS. La reconeguda marca internacional ha organitzat un <em>training camp<\/em> a l\u2019illa amb la col\u00b7laboraci\u00f3 de l\u2019empresa Cam\u00ed de Cavalls 360\u00ba i aprofitar\u00e0 l\u2019ocasi\u00f3 per competir a la cursa. Entre els noms m\u00e9s destacats de l\u2019equip hi ha Sara Alonso, Andreu Sim\u00f3n, Antonio Mart\u00ednez, Mathieu Clement, Ben Dhiman, Quentin Meyleu o Gen\u00eds Porqueras, entre d\u2019altres.<\/p>\n<p>&nbsp;<\/p>\n<p>&#8220;Hem de donar les gr\u00e0cies tant al Consell com al gran ventall d\u2019empreses privades que s\u2019hi han sumat perqu\u00e8 aquest esdeveniment es pugui dur a terme&#8221;, ha explicat l\u2019alcalde de Ferreries, Pedro Pons. &#8220;Som el municipi de l\u2019illa amb una major superf\u00edcie de territori protegit i estem treballant per recuperar m\u00e9s camins, com el tram del Cam\u00ed d\u2019en Kane, i ens enorgulleix que aquesta feina serveixi tamb\u00e9 com a atractiu&#8221;, assegura l\u2019edil, que ha revelat que l\u2019arribada de la Trail del Nord a Ferreries &#8220;era un dels objectius de l\u2019anterior regidora d\u2019Esports, Al\u00edcia Mart\u00ed, i per nosaltres \u00e9s una alegria i un orgull, perqu\u00e8 la cursa permetr\u00e0 a molta gent con\u00e8ixer trams que no s\u00f3n tan coneguts, per\u00f2 s\u00ed preciosos&#8221;. &#8220;Comptar amb Elitechip i Biosport Menorca a l\u2019organitzaci\u00f3 ens dona tranquil\u00b7litat perqu\u00e8 la seva professionalitat els avala&#8221;, ha sentenciat.<\/p>\n<p>&nbsp;<\/p>\n<p>Per al conseller d\u2019Esports, Joan Pons, no queda altra opci\u00f3 que &#8220;felicitar l\u2019organitzaci\u00f3, perqu\u00e8, m\u00e9s enll\u00e0 d\u2019una opini\u00f3, hi ha dades suficients per demostrar que aquests esdeveniments generen, d\u2019una banda, un impacte positiu en la salut i els h\u00e0bits dels menorquins, i de l\u2019altra, el dels visitants que trien venir a l\u2019illa fora de temporada, i aix\u00f2 suposa un impacte econ\u00f2mic per a Menorca&#8221;. Pons ha recordat que, en el marc de la fira FITUR, tant &#8220;l\u2019alcalde com el president del Consell van explicar que Ferreries \u00e9s un dels municipis que millor representa la Menorca que volem: la natural, la cultural i tamb\u00e9 l\u2019esportiva, perqu\u00e8 Ferreries \u00e9s un municipi de corredors i tamb\u00e9 de gent que estima Menorca. \u00c9s un encert portar la Trail del Nord a Ferreries&#8221;.<\/p>\n<p>&nbsp;<\/p>\n<p>Finalment, Guiem Bosch ha reconegut que han estat &#8220;treballant i seguim treballant molt dur perqu\u00e8 Menorca es conegui tamb\u00e9 per l\u2019esport, i, com deia el conseller, ara tenim dades que demostren que la feina \u00e9s positiva, que hi ha una bona resposta&#8221;. En aquest sentit, Bosch ha destacat que &#8220;en aquesta Trail del Nord tindrem una marca internacional de primer nivell com \u00e9s ASICS que, a m\u00e9s de participar en l\u2019esdeveniment amb m\u00e9s de 20 corredors professionals, aprofitar\u00e0 el viatge per fer un <em>training camp<\/em>, ens ha triat per testar els seus productes i, a m\u00e9s, promocionar\u00e0 la seva experi\u00e8ncia a Menorca en tots els seus canals de difusi\u00f3, i aix\u00f2 t\u00e9 un valor incalculable, m\u00e9s enll\u00e0 de com a destinaci\u00f3 tur\u00edstica esportiva&#8221;.<\/p>\n<p>&nbsp;<\/p>\n<p>El gerent d\u2019Elitechip creu que &#8220;Menorca est\u00e0 plena de camins oberts i d\u2019altres que s\u2019obriran, que permeten visitar i con\u00e8ixer llocs que van m\u00e9s enll\u00e0 del Cam\u00ed de Cavalls, com el Cam\u00ed Reial del Nord, que es va recuperar gr\u00e0cies a la impressionant tasca d\u2019un grup de voluntaris, o Santa \u00c0gueda. \u00c9s molt positiu que puguem anar m\u00e9s enll\u00e0 del Cam\u00ed de Cavalls&#8221;.<\/p>\n","protected":false},"excerpt":{"rendered":"<p>La segona prova de la lliga Illa dels Trails se celebra aquest dissabte amb m\u00e9s de vint esportistes professionals de l\u2019equip ASICS i uns 600 inscrits entre les dist\u00e0ncies de 14KM i 30KM. &nbsp; La Trail del Nord es reinventa aquest dissabte, 29 de mar\u00e7, amb una edici\u00f3 especial que, a m\u00e9s de ser la [&hellip;]<\/p>\n","protected":false},"author":2,"featured_media":6401,"comment_status":"open","ping_status":"open","sticky":false,"template":"","format":"standard","meta":{"spay_email":"","footnotes":""},"categories":[70],"tags":[75,72,71,81,74],"class_list":["post-6400","post","type-post","status-publish","format-standard","has-post-thumbnail","hentry","category-trail-del-nord","tag-cami-de-cavalls","tag-illa-dels-trails","tag-menorca","tag-trail-del-nord","tag-trail-run"],"acf":[],"jetpack_featured_media_url":"https:\/\/i0.wp.com\/illadelstrails.com\/wp-content\/uploads\/2025\/11\/Foto-Presentacion.jpeg?fit=1600%2C1029&ssl=1","jetpack-related-posts":[{"id":6436,"url":"https:\/\/illadelstrails.com\/ca\/2026\/03\/13\/ferreries-se-vuelca-con-los-600-corredores-de-la-trail-del-nord\/","url_meta":{"origin":6400,"position":0},"title":"Ferreries es bolca amb els 600 corredors de la Trail del Nord","date":"13 March, 2026","format":false,"excerpt":"El municipi acollir\u00e0 la meta de la segona prova de la Lliga Illa dels Trails que se celebra aquest dissabte \u00a0 La Trail del Nord compta les hores per arrencar la seva sisena edici\u00f3, la segona que t\u00e9 Ferreries com a epicentre, i que acollir\u00e0 600 participants repartits entre les\u2026","rel":"","context":"In &quot;Trail del Nord&quot;","img":{"alt_text":"","src":"https:\/\/i0.wp.com\/illadelstrails.com\/wp-content\/uploads\/2026\/03\/IMG_2751.jpg?fit=1200%2C900&ssl=1&resize=350%2C200","width":350,"height":200},"classes":[]},{"id":4834,"url":"https:\/\/illadelstrails.com\/ca\/2023\/03\/29\/tirant-area-de-trail-running-con-mas-de-800-participantes-en-la-trail-del-nord\/","url_meta":{"origin":6400,"position":1},"title":"Tirant, \u00e0rea de trail running amb m\u00e9s de 800 participants en la Trail del Nord","date":"29 March, 2023","format":false,"excerpt":"TRH Tirant Platja ser\u00e0 l'epicentre de la tercera edici\u00f3 d'una carrera que te r\u00e8cord d'inscripci\u00f3 amb les seves tres dist\u00e0ncies La tercera edici\u00f3 de la Trail del Nord s'ha presentat aquest dimecres lluint el cartell de r\u00e8cord de participaci\u00f3 superant \u00e0mpliament les 800 persones i rondant els 900. Gaireb\u00e9 un\u2026","rel":"","context":"In &quot;Trail del Nord&quot;","img":{"alt_text":"","src":"https:\/\/i0.wp.com\/illadelstrails.com\/wp-content\/uploads\/2023\/03\/2.jpeg?fit=1024%2C768&ssl=1&resize=350%2C200","width":350,"height":200},"classes":[]},{"id":5384,"url":"https:\/\/illadelstrails.com\/ca\/2023\/12\/11\/la-trail-del-nord-abre-sus-inscripciones-apostando-por-el-concierto-al-final-de-la-carrera\/","url_meta":{"origin":6400,"position":2},"title":"La Trail del Nord obre les seves inscripcions amb un concert al final de la cursa","date":"11 December, 2023","format":false,"excerpt":"El dissabte 13 d'abril tindr\u00e0 lloc la segona cita de la Lliga Illa dels Trails amb les seves tres propostes de 45 km, 24 km i 12 km La Trail del Nord se celebrar\u00e0 el 13 d'abril de 2024, tot i que oficialment comen\u00e7a aquest dimarts, 12 de desembre, a\u2026","rel":"","context":"In &quot;Trail del Nord&quot;","img":{"alt_text":"","src":"https:\/\/i0.wp.com\/illadelstrails.com\/wp-content\/uploads\/2023\/12\/Cartell_Trail_Nord_2024_INSTA.jpg?fit=1200%2C1200&ssl=1&resize=350%2C200","width":350,"height":200},"classes":[]},{"id":2734,"url":"https:\/\/illadelstrails.com\/ca\/2021\/02\/08\/la-trail-del-nord-una-novedad-para-la-illa-dels-trails\/","url_meta":{"origin":6400,"position":3},"title":"La Trail del Nord, una novedad para la Illa dels Trails","date":"8 February, 2021","format":false,"excerpt":"La prueba se disputar\u00e1 el 14 de noviembre con las distancias de 48KM, 26KM y 14KM Los amantes de Trail Run tendr\u00e1n una nueva ocasi\u00f3n para disfrutar de su deporte en Menorca merced a la Trail del Nord, una prueba que contar\u00e1 con las distancias de 48KM, 26KM y 14KM\u2026","rel":"","context":"In &quot;Trail del Nord&quot;","img":{"alt_text":"","src":"https:\/\/i0.wp.com\/illadelstrails.com\/wp-content\/uploads\/2020\/12\/Trail-dels-fars-2020-211.jpg?fit=1200%2C800&ssl=1&resize=350%2C200","width":350,"height":200},"classes":[]},{"id":3508,"url":"https:\/\/illadelstrails.com\/ca\/2021\/11\/11\/la-trail-del-nord-debuta-superando-los-700-inscritos-para-cerrar-la-liga-illa-dels-trails\/","url_meta":{"origin":6400,"position":4},"title":"La Trail del Nord debuta superant els 700 inscrits per a tancar la lliga Illa dels Trails","date":"11 November, 2021","format":false,"excerpt":"L'\u00faltima carrera tindr\u00e0 lloc aquest diumenge amb tres dist\u00e0ncies que acabaran totes en el Poliesportiu Municipal de\u00a0Fornells La primera edici\u00f3 de la lliga\u00a0Illa\u00a0dels\u00a0Trails\u00a0arriba aquest diumenge a la seva fi amb la disputa de la\u00a0Trail\u00a0del\u00a0Nord, una carrera que s'estrena a Menorca i que ha despertat l'inter\u00e8s de m\u00e9s de 700 participants\u2026","rel":"","context":"In &quot;Trail del Nord&quot;","img":{"alt_text":"","src":"https:\/\/i0.wp.com\/illadelstrails.com\/wp-content\/uploads\/2021\/11\/Presentacio.jpeg?fit=1024%2C768&ssl=1&resize=350%2C200","width":350,"height":200},"classes":[]},{"id":4035,"url":"https:\/\/illadelstrails.com\/ca\/2022\/03\/16\/vendaval-duran-y-alles-en-la-trail-del-nord\/","url_meta":{"origin":6400,"position":5},"title":"Vendaval Dur\u00e1n i All\u00e9s en la Trail del Nord","date":"16 March, 2022","format":false,"excerpt":"El corredor repeteix vict\u00f2ria despr\u00e9s de la\u00a0Trail\u00a0dels\u00a0Fars\u00a0i la\u00a0ciutadellenca, guanyadora de la lliga\u00a0Illa\u00a0dels\u00a0Trails\u00a02021, estrena el seu caseller de 2022 La\u00a0Trail\u00a0del\u00a0Nord\u00a0ja t\u00e9 als seus nous guanyadors,\u00a0Guiem\u00a0Dur\u00e1n i Mari\u00a0All\u00e9s, que ja es va imposar al novembre, corredors que van entrar a la meta a\u00a0Fornells\u00a0en primer lloc en un dissabte perfecte per al\u00a0trail\u00a0run, en\u2026","rel":"","context":"In &quot;General&quot;","img":{"alt_text":"","src":"https:\/\/i0.wp.com\/illadelstrails.com\/wp-content\/uploads\/2022\/03\/TrailDelNord22-376-scaled.jpg?fit=1200%2C800&ssl=1&resize=350%2C200","width":350,"height":200},"classes":[]}],"_links":{"self":[{"href":"https:\/\/illadelstrails.com\/ca\/wp-json\/wp\/v2\/posts\/6400"}],"collection":[{"href":"https:\/\/illadelstrails.com\/ca\/wp-json\/wp\/v2\/posts"}],"about":[{"href":"https:\/\/illadelstrails.com\/ca\/wp-json\/wp\/v2\/types\/post"}],"author":[{"embeddable":true,"href":"https:\/\/illadelstrails.com\/ca\/wp-json\/wp\/v2\/users\/2"}],"replies":[{"embeddable":true,"href":"https:\/\/illadelstrails.com\/ca\/wp-json\/wp\/v2\/comments?post=6400"}],"version-history":[{"count":1,"href":"https:\/\/illadelstrails.com\/ca\/wp-json\/wp\/v2\/posts\/6400\/revisions"}],"predecessor-version":[{"id":6402,"href":"https:\/\/illadelstrails.com\/ca\/wp-json\/wp\/v2\/posts\/6400\/revisions\/6402"}],"wp:featuredmedia":[{"embeddable":true,"href":"https:\/\/illadelstrails.com\/ca\/wp-json\/wp\/v2\/media\/6401"}],"wp:attachment":[{"href":"https:\/\/illadelstrails.com\/ca\/wp-json\/wp\/v2\/media?parent=6400"}],"wp:term":[{"taxonomy":"category","embeddable":true,"href":"https:\/\/illadelstrails.com\/ca\/wp-json\/wp\/v2\/categories?post=6400"},{"taxonomy":"post_tag","embeddable":true,"href":"https:\/\/illadelstrails.com\/ca\/wp-json\/wp\/v2\/tags?post=6400"}],"curies":[{"name":"wp","href":"https:\/\/api.w.org\/{rel}","templated":true}]}}