{"id":6395,"date":"2025-11-19T15:11:40","date_gmt":"2025-11-19T13:11:40","guid":{"rendered":"https:\/\/illadelstrails.com\/?p=6395"},"modified":"2025-11-19T15:11:40","modified_gmt":"2025-11-19T13:11:40","slug":"pujades-y-alles-se-llevan-la-trail-dels-fars","status":"publish","type":"post","link":"https:\/\/illadelstrails.com\/ca\/2025\/11\/19\/pujades-y-alles-se-llevan-la-trail-dels-fars\/","title":{"rendered":"Pujades i All\u00e8s s\u2019enduen la Trail dels Fars"},"content":{"rendered":"<p><em>El mallorqu\u00ed es va imposar en els \u00faltims 500 metres a Enric Pons, mentre que la ciutadellenca va dominar de principi a fi.<\/em><\/p>\n<p>&nbsp;<\/p>\n<p>La Trail dels Fars va donar aquest diumenge el tret de sortida a la quarta edici\u00f3 de la Lliga Illa dels Trails amb una cursa marcada pel fred, el vent i la pluja, que van posar les coses dif\u00edcils als m\u00e9s de 700 participants que van prendre part en alguna de les tres sortides. El mallorqu\u00ed Jos\u00e9 Luis Pujades i la ciutadellenca Mari All\u00e8s es van endur la vict\u00f2ria en la prova reina de 46 KM, i es converteixen en els primers l\u00edders de la Lliga, en una cita que compta amb el patrocini de la Fundaci\u00f3 Foment del Turisme de Menorca, la col\u00b7laboraci\u00f3 de Bosch &amp; Lozano, i l\u2019organitzaci\u00f3 de Biosport Menorca i Elitechip.<\/p>\n<p>&nbsp;<\/p>\n<p>A les 8.05 del mat\u00ed, el Far de Cavalleria va ser l&#8217;escenari de la sortida dels 46 KM, amb m\u00e9s de 120 participants i la pres\u00e8ncia de l&#8217;alcalde des Mercadal, Joan Palliser, el tinent d&#8217;alcalde, T\u00f3bal Pons, i el regidor Jes\u00fas Gomila. Des del primer moment, el maon\u00e8s Enric Mir i Mari All\u00e8s van prendre la davantera en un escenari de cursa ben diferent. All\u00e8s, que va acabar amb un temps de 4:30:16, no va trobar rival davant la maonesa Maria Carrasco, que est\u00e0 recuperant un gran nivell i va creuar la meta amb un temps de 4:39:51. El podi femen\u00ed el va completar Cati Villalonga amb 4:59:55.<\/p>\n<p>&nbsp;<\/p>\n<p>En categoria masculina, la cursa va tenir molta m\u00e9s emoci\u00f3. Pons i Pujades van protagonitzar un estira-i-arronsa constant, fins al punt d&#8217;arribar a l&#8217;\u00faltim control amb nom\u00e9s 9 segons de difer\u00e8ncia a favor del mallorqu\u00ed. En l&#8217;\u00faltim tram van c\u00f3rrer junts, fins que Pujades va llan\u00e7ar un esprint a poc m\u00e9s de 500 metres de la meta, al qual Pons no va poder respondre. Aix\u00f2 li va valer el triomf amb 3:23:19, per davant dels 3:23:48 de Pons. El bronze va ser per Borja Coll, que des del principi es va establir en tercera posici\u00f3 sense que perill\u00e9s fins a la meta (3:48:57).<\/p>\n<p>&nbsp;<\/p>\n<p>A les 10.30 hores, el p\u00e0rquing de La Vall va acollir la sortida dels 21 KM, amb m\u00e9s de 250 participants i acompanyats pel regidor d\u2019Esports de Ciutadella, Miquel Ametller. Una vegada m\u00e9s, Xavi Villalonga va demostrar el gran moment de forma en qu\u00e8 es troba, guanyant la cursa de principi a fi. El ciutadellenc va volar fins a la l\u00ednia de meta amb un temps de 1:23:28, davant el qual res van poder fer Marc Fern\u00e1ndez, segon amb 1:28:08, ni Ramon Rossell\u00f3, de Binissalem, tercer amb 1:29:42.<\/p>\n<p>&nbsp;<\/p>\n<p>En categoria femenina, Lena Moll va fer una gran exhibici\u00f3, sense trobar rival fins a l&#8217;arribada a Ciutadella. La corredora va aturar el cron\u00f2metre en 1:49:22, molt per davant d&#8217;una combativa Aina Triay, que va demostrar un gran nivell acabant amb 1:58:39. Paula Alfonso Triguero va completar el podi amb 2:04:02.<\/p>\n<p>&nbsp;<\/p>\n<p>L&#8217;\u00faltima sortida de la jornada va ser la dels 12 KM des del Cam\u00ed de Son Morell. Es va viure un duel preci\u00f3s entre l\u2019atleta de Ferreries, Dani P\u00e9rez, i el menorqu\u00ed afincat a Catalunya, Manu Dom\u00ednguez, que es va resoldre a favor del primer amb un temps de 43:55. Dom\u00ednguez va marcar 44:15, i la tercera posici\u00f3 va ser compartida per Nacho All\u00e8s i Juan Moreno, que van entrar junts amb un temps de 45:38.<\/p>\n<p>&nbsp;<\/p>\n<p>En categoria femenina, gran cursa de Marianna Triay, que va ser l\u2019\u00fanica en baixar de l\u2019hora, completant els 12 KM en 57:38. La plata va ser per F\u00e1tima Llabr\u00e9s, amb nom\u00e9s 4 segons de difer\u00e8ncia, ja que va entrar amb un temps de 1:03:18, pels 1:03:22 de Blanca Bagur.<\/p>\n<p>&nbsp;<\/p>\n<p>Cap a les 14 hores, es va procedir al lliurament de trofeus, amb la participaci\u00f3 del regidor d&#8217;Esports de Ciutadella, Miquel Ametller, la directora insular de Promoci\u00f3 Tur\u00edstica, Juana Mari Pons, la d\u2019Economia, Alicia Mart\u00ed, els alcaldes de Ferreries, Pedro Pons, i des Mercadal, Joan Palliser, aix\u00ed com el regidor d&#8217;Esports des Mercadal, Tobal Pons.<\/p>\n<p>&nbsp;<\/p>\n<p>La Lliga Illa dels Trails tornar\u00e0 el dissabte 29 de mar\u00e7 amb la Trail del Nord, per a la qual les inscripcions estan obertes a la web i l\u2019app d\u2019Elitechip.<\/p>\n","protected":false},"excerpt":{"rendered":"<p>El mallorqu\u00ed es va imposar en els \u00faltims 500 metres a Enric Pons, mentre que la ciutadellenca va dominar de principi a fi. &nbsp; La Trail dels Fars va donar aquest diumenge el tret de sortida a la quarta edici\u00f3 de la Lliga Illa dels Trails amb una cursa marcada pel fred, el vent i [&hellip;]<\/p>\n","protected":false},"author":2,"featured_media":6396,"comment_status":"open","ping_status":"open","sticky":false,"template":"","format":"standard","meta":{"spay_email":"","footnotes":""},"categories":[61],"tags":[75,72,71,77,74],"class_list":["post-6395","post","type-post","status-publish","format-standard","has-post-thumbnail","hentry","category-trail-dels-fars","tag-cami-de-cavalls","tag-illa-dels-trails","tag-menorca","tag-trail-dels-fars","tag-trail-run"],"acf":[],"jetpack_featured_media_url":"https:\/\/i0.wp.com\/illadelstrails.com\/wp-content\/uploads\/2025\/11\/PHOTO-2025-02-02-18-19-56.jpg?fit=1600%2C1066&ssl=1","jetpack-related-posts":[{"id":3908,"url":"https:\/\/illadelstrails.com\/ca\/2022\/02\/06\/llobera-y-dura-tinen-de-acento-mallorquin-la-trail-dels-fars\/","url_meta":{"origin":6395,"position":0},"title":"Llobera i Dur\u00e1n tenyeixen d&#8217;accent mallorqu\u00ed la Trail dels Fars","date":"6 February, 2022","format":false,"excerpt":"Els corredors de l'illa ve\u00efna imposen ritme i s'emporten la vict\u00f2ria en els 46KM, mentre que Ana Bueno i Marc L\u00f3pez, en els 21KM, i Mar Bosch i Juan Moreno, en la Popular, salven els triomfs per a Menorca La novena edici\u00f3 de la Trail dels Fars va coronar als\u2026","rel":"","context":"In &quot;Trail dels Fars&quot;","img":{"alt_text":"","src":"https:\/\/i0.wp.com\/illadelstrails.com\/wp-content\/uploads\/2022\/02\/1-1.jpeg?fit=1200%2C800&ssl=1&resize=350%2C200","width":350,"height":200},"classes":[]},{"id":5396,"url":"https:\/\/illadelstrails.com\/ca\/2024\/02\/04\/paula-lopez-y-enric-mir-intratables-en-su-victoria-en-los-46km-de-la-trail-dels-fars\/","url_meta":{"origin":6395,"position":1},"title":"Paula L\u00f3pez i Enric Pons, intratables en la seva vict\u00f2ria en els 46KM de la Trail dels Fars","date":"4 February, 2024","format":false,"excerpt":"Maite Pons i Marc L\u00f3pez, a la Trail Popular, i Ana Bueno i Miquel Torres, completen el cartell de guanyadors en un esdeveniment que va gaudir d'un gran dia. La lliga Illa dels Trails 2024 es va obrir aquest diumenge amb una Trail dels Fars meravellosa marcada per l'excel\u00b7lent clima\u2026","rel":"","context":"In &quot;Trail dels Fars&quot;","img":{"alt_text":"","src":"https:\/\/i0.wp.com\/illadelstrails.com\/wp-content\/uploads\/2024\/02\/WhatsApp-Image-2024-02-04-at-16.29.08.jpeg?fit=1200%2C800&ssl=1&resize=350%2C200","width":350,"height":200},"classes":[]},{"id":4699,"url":"https:\/\/illadelstrails.com\/ca\/2023\/02\/05\/alles-y-martinez-dejan-la-victoria-de-la-trail-dels-fars-en-menorca\/","url_meta":{"origin":6395,"position":2},"title":"All\u00e9s i Mart\u00ednez deixen la vict\u00f2ria de la Trail dels Fars a Menorca","date":"5 February, 2023","format":false,"excerpt":"Els dos corredors signen un duel amb domini absolut i s'alcen amb el triomf en un diumenge amb molt de vent. Moll i Rocher, en 21KM, i Campins i Huguet, en 12KM, completen el cartell de guanyadors La tercera edici\u00f3 de la lliga\u00a0Illa\u00a0dels\u00a0Trails\u00a0ja \u00e9s tota una realitat. La\u00a0Trail\u00a0dels\u00a0Fars\u00a0va obrir aquest\u2026","rel":"","context":"In &quot;Trail dels Fars&quot;","img":{"alt_text":"","src":"https:\/\/i0.wp.com\/illadelstrails.com\/wp-content\/uploads\/2023\/02\/WhatsApp-Image-2023-02-05-at-15.53.21-3.jpeg?fit=1200%2C800&ssl=1&resize=350%2C200","width":350,"height":200},"classes":[]},{"id":4838,"url":"https:\/\/illadelstrails.com\/ca\/2023\/04\/01\/alles-y-martinez-firman-un-doblete-espectacular\/","url_meta":{"origin":6395,"position":3},"title":"All\u00e8s i Mart\u00ednez signen un doblet espectacular","date":"1 April, 2023","format":false,"excerpt":"Els dos corredors repeteixen la vict\u00f2ria de la\u00a0Trail\u00a0dels\u00a0Fars\u00a0en la\u00a0Trail\u00a0del\u00a0Nord\u00a0vencent en solitari. Huguet i Campins tamb\u00e9 repeteixen en els 12KM. La\u00a0Illa\u00a0dels\u00a0Trails\u00a02023 ja t\u00e9 els seus favorits ben definits. La\u00a0Trail\u00a0del\u00a0Nord\u00a0va servir aquest dissabte per a confirmar que Albert Mart\u00ednez i Mari\u00a0All\u00e8s\u00a0s\u00f3n, actualment, els corredors m\u00e9s en forma a l'Illa, en aconseguir les\u2026","rel":"","context":"In &quot;Trail del Nord&quot;","img":{"alt_text":"","src":"https:\/\/i0.wp.com\/illadelstrails.com\/wp-content\/uploads\/2023\/04\/45KM.jpeg?fit=1200%2C800&ssl=1&resize=350%2C200","width":350,"height":200},"classes":[]},{"id":2582,"url":"https:\/\/illadelstrails.com\/ca\/2021\/01\/05\/la-trail-dels-barrancs-en-la-liga-illa-dels-trails\/","url_meta":{"origin":6395,"position":4},"title":"La Trail dels Barrancs, en la liga Illa dels Trails","date":"5 January, 2021","format":false,"excerpt":"La carrera, que se disputar\u00e1 el d\u00eda 28 de marzo, ser\u00e1 la segunda prueba de la liga Illa dels Trails El 28 de marzo Alaior acoger\u00e1 la segunda prueba de la liga Illa dels Trails, una competici\u00f3n que se estrena este 2021 y que premiar\u00e1 a los deportistas m\u00e1s regulares\u2026","rel":"","context":"In &quot;Trail dels Barrancs&quot;","img":{"alt_text":"","src":"https:\/\/i0.wp.com\/illadelstrails.com\/wp-content\/uploads\/2021\/01\/noticia_3.jpg?fit=1200%2C752&ssl=1&resize=350%2C200","width":350,"height":200},"classes":[]},{"id":4703,"url":"https:\/\/illadelstrails.com\/ca\/2023\/02\/08\/la-trail-dels-fars-nocturna-abre-sus-inscripciones-y-regresa-a-menorca-el-16-de-septiembre\/","url_meta":{"origin":6395,"position":5},"title":"La Trail dels Fars Nocturna obre les seves inscripcions i torna a Menorca el 16 de setembre","date":"8 February, 2023","format":false,"excerpt":"La carrera, que ser\u00e0 la tercera cita de la lliga Illa dels Trails, comptar\u00e0 amb les dist\u00e0ncies de 23KM i de 13KM entre el far de Favaritx i la Base Militar de San Isidro La tercera parada de la lliga Illa dels Trails que es disputa a Menorca tindr\u00e0 la\u2026","rel":"","context":"In &quot;Trail Nocturna&quot;","img":{"alt_text":"","src":"https:\/\/i0.wp.com\/illadelstrails.com\/wp-content\/uploads\/2023\/02\/TrailNocturna2022-098-scaled.jpg?fit=1200%2C800&ssl=1&resize=350%2C200","width":350,"height":200},"classes":[]}],"_links":{"self":[{"href":"https:\/\/illadelstrails.com\/ca\/wp-json\/wp\/v2\/posts\/6395"}],"collection":[{"href":"https:\/\/illadelstrails.com\/ca\/wp-json\/wp\/v2\/posts"}],"about":[{"href":"https:\/\/illadelstrails.com\/ca\/wp-json\/wp\/v2\/types\/post"}],"author":[{"embeddable":true,"href":"https:\/\/illadelstrails.com\/ca\/wp-json\/wp\/v2\/users\/2"}],"replies":[{"embeddable":true,"href":"https:\/\/illadelstrails.com\/ca\/wp-json\/wp\/v2\/comments?post=6395"}],"version-history":[{"count":1,"href":"https:\/\/illadelstrails.com\/ca\/wp-json\/wp\/v2\/posts\/6395\/revisions"}],"predecessor-version":[{"id":6397,"href":"https:\/\/illadelstrails.com\/ca\/wp-json\/wp\/v2\/posts\/6395\/revisions\/6397"}],"wp:featuredmedia":[{"embeddable":true,"href":"https:\/\/illadelstrails.com\/ca\/wp-json\/wp\/v2\/media\/6396"}],"wp:attachment":[{"href":"https:\/\/illadelstrails.com\/ca\/wp-json\/wp\/v2\/media?parent=6395"}],"wp:term":[{"taxonomy":"category","embeddable":true,"href":"https:\/\/illadelstrails.com\/ca\/wp-json\/wp\/v2\/categories?post=6395"},{"taxonomy":"post_tag","embeddable":true,"href":"https:\/\/illadelstrails.com\/ca\/wp-json\/wp\/v2\/tags?post=6395"}],"curies":[{"name":"wp","href":"https:\/\/api.w.org\/{rel}","templated":true}]}}