{"id":6392,"date":"2025-11-19T15:08:58","date_gmt":"2025-11-19T13:08:58","guid":{"rendered":"https:\/\/illadelstrails.com\/?p=6392"},"modified":"2025-11-19T15:08:58","modified_gmt":"2025-11-19T13:08:58","slug":"mas-de-700-participantes-abren-el-ano-deportivo-en-la-trail-dels-fars","status":"publish","type":"post","link":"https:\/\/illadelstrails.com\/ca\/2025\/11\/19\/mas-de-700-participantes-abren-el-ano-deportivo-en-la-trail-dels-fars\/","title":{"rendered":"M\u00e9s de 700 participants obren l\u2019any esportiu a la Trail dels Fars"},"content":{"rendered":"<p data-start=\"78\" data-end=\"219\">La tradicional cita que acaba a Ciutadella obrir\u00e0, una vegada m\u00e9s, el calendari d\u2019esdeveniments de l\u2019illa amb una cursa de 46KM, 21KM i 12KM.<\/p>\n<p data-start=\"221\" data-end=\"625\">La Lliga Illa dels Trails obrir\u00e0 aquest diumenge la seva quarta edici\u00f3 amb la tradicional Trail dels Fars. La cita, que ja ha superat els 700 participants repartits entre els 46KM, els 21KM i els 12KM, serveix tamb\u00e9 per inaugurar el calendari d\u2019esdeveniments esportius a Menorca i omplir\u00e0 una vegada m\u00e9s la zona de meta a Ciutadella de color i ambient, amb el patrocini de la Fundaci\u00f3 Foment del Turisme.<\/p>\n<p data-start=\"627\" data-end=\"1072\">La cursa s\u2019ha presentat aquest dimecres a l\u2019Ajuntament de Ciutadella amb la pres\u00e8ncia de l\u2019alcalde, Lloren\u00e7 Ferrer; el conseller d\u2019Esports, Joan Pons Torres; el regidor d\u2019Esports, Miquel Ametller; la directora insular de Promoci\u00f3 Tur\u00edstica, Juana Mari Pons; la representant de l\u2019empresa Bosch &amp; Lozano, Malen Juli\u00e1n; a m\u00e9s de Toni Cap\u00f3, director general de Biosport Menorca, empresa coorganitzadora de l\u2019esdeveniment juntament amb Elitechip.net.<\/p>\n<p data-start=\"1074\" data-end=\"1510\">La cursa viur\u00e0 aquest dissabte la seva primera gran jornada amb el lliurament de dorsals per als participants de fora de l\u2019illa, al Poliesportiu Municipal de Ciutadella, a partir de les 16.30 hores. Diumenge arrencaran les proves esportives: a les 8 del mat\u00ed ho far\u00e0 la de 46KM al Far de Cavalleria; a les 10.30, des del p\u00e0rquing de La Vall, sortir\u00e0 la de 21KM; i, finalment, la sortida dels 12KM ser\u00e0 a les 12.00 al cam\u00ed de Son Morell.<\/p>\n<p data-start=\"1512\" data-end=\"2017\">El conseller d\u2019Esports, Joan Pons Torres, va ser l\u2019encarregat d\u2019obrir l\u2019acte. \u201cLa Trail dels Fars i la resta de curses de la Lliga Illa dels Trails s\u00f3n una marca pr\u00f2pia del producte tur\u00edstic de Menorca; col\u00b7laboren a allargar la temporada tur\u00edstica amb h\u00e0bits molt positius com s\u00f3n practicar esport, animar a cuidar i respectar l\u2019entorn natural i desestacionalitzar, ja que s\u00f3n un reclam per a un nombre important de corredors de fora de l\u2019illa\u201d, va declarar el conseller, un dels habituals en les curses.<\/p>\n<p data-start=\"2019\" data-end=\"2513\">La directora insular de Promoci\u00f3 Tur\u00edstica i de Fons Europeus, Juana Mari Pons, va admetre que la Trail dels Fars \u201c\u00e9s un esdeveniment que enganxa per l\u2019atractiu \u00fanic que t\u00e9 l\u2019illa en aquesta \u00e8poca, que va de la m\u00e0 de l\u2019estrat\u00e8gia de la Fundaci\u00f3 Foment del Turisme d\u2019allargar la temporada, i per les vistes que ofereix als participants i per l\u2019experi\u00e8ncia que ofereix l\u2019organitzaci\u00f3 als corredors, convertint-se en un exemple de bona col\u00b7laboraci\u00f3 publicoprivada per estimular l\u2019economia local\u201d.<\/p>\n<p data-start=\"2515\" data-end=\"2942\">Un dels canvis que viu tant la Trail dels Fars com la Lliga Illa dels Trails \u00e9s el pas endavant de l\u2019empresa Bosch &amp; Lozano com a patrocinador, una decisi\u00f3 que celebra Malen Juli\u00e1n, representant de l\u2019empresa. \u201c\u00c9s un orgull i un plaer fer aquest pas; \u00e9s una mostra del nostre comprom\u00eds amb l\u2019esport i a favor dels valors que hi estan lligats, com la superaci\u00f3, la const\u00e0ncia i el sacrifici, que compartim com a empresa\u201d, ha dit.<\/p>\n<p data-start=\"2944\" data-end=\"3506\">Per la seva banda, el coorganitzador de l\u2019esdeveniment, Toni Cap\u00f3, ha explicat que \u201c\u00e9s cert que l\u2019esdeveniment t\u00e9 un atractiu per als turistes, fet que es veu en el gran nombre de participants que venen de fora, per\u00f2 tamb\u00e9 el nostre repte i el nostre objectiu \u00e9s oferir una possibilitat perqu\u00e8 els menorquins en gaudeixin\u201d. En aquest sentit, l\u2019empresari destaca que \u201ccada vegada estem m\u00e9s a prop d\u2019aconseguir aquest 50-50 pel que fa a la participaci\u00f3 femenina, unes dades que estan molt lluny dels primers anys i de les quals ens sentim tremendament orgullosos\u201d.<\/p>\n<p data-start=\"3508\" data-end=\"3846\">L\u2019encarregat de posar el punt i final a l\u2019acte va ser l\u2019alcalde, Lloren\u00e7 Ferrer, qui va destacar la longevitat de la cita. \u201cQue la Trail dels Fars arribi als 12 anys de prova no nom\u00e9s la converteix en un referent sin\u00f3 gaireb\u00e9 en una tradici\u00f3, i per a l\u2019Ajuntament i per a tota Ciutadella \u00e9s un privilegi poder-hi col\u00b7laborar i un orgull.\u201d<\/p>\n","protected":false},"excerpt":{"rendered":"<p>La tradicional cita que acaba a Ciutadella obrir\u00e0, una vegada m\u00e9s, el calendari d\u2019esdeveniments de l\u2019illa amb una cursa de 46KM, 21KM i 12KM. La Lliga Illa dels Trails obrir\u00e0 aquest diumenge la seva quarta edici\u00f3 amb la tradicional Trail dels Fars. La cita, que ja ha superat els 700 participants repartits entre els 46KM, [&hellip;]<\/p>\n","protected":false},"author":2,"featured_media":6393,"comment_status":"open","ping_status":"open","sticky":false,"template":"","format":"standard","meta":{"spay_email":"","footnotes":""},"categories":[61],"tags":[75,72,71,77],"class_list":["post-6392","post","type-post","status-publish","format-standard","has-post-thumbnail","hentry","category-trail-dels-fars","tag-cami-de-cavalls","tag-illa-dels-trails","tag-menorca","tag-trail-dels-fars"],"acf":[],"jetpack_featured_media_url":"https:\/\/i0.wp.com\/illadelstrails.com\/wp-content\/uploads\/2025\/11\/Presentacio-scaled.jpg?fit=2560%2C1920&ssl=1","jetpack-related-posts":[{"id":5392,"url":"https:\/\/illadelstrails.com\/ca\/2024\/02\/04\/la-trail-dels-fars-llega-a-su-11a-edicion-con-un-30-por-ciento-de-participantes-de-fuera-de-la-isla\/","url_meta":{"origin":6392,"position":0},"title":"La Trail dels Fars arriba a la seva 11a edici\u00f3 amb un 30 per cent de participants de fora de l&#8217;illa","date":"4 February, 2024","format":false,"excerpt":"La primera cursa de la lliga Illa dels Trails 2024 tindr\u00e0 lloc aquest diumenge amb uns 700 inscrits entre les dist\u00e0ncies de 46KM, 21KM i 12KM. La lliga Illa dels Trails 2024 aixeca el tel\u00f3 aquest diumenge amb la disputa de la que \u00e9s, a m\u00e9s, la 11a edici\u00f3 de\u2026","rel":"","context":"In &quot;Trail dels Fars&quot;","img":{"alt_text":"","src":"https:\/\/i0.wp.com\/illadelstrails.com\/wp-content\/uploads\/2024\/02\/Presentacio.jpeg?fit=1200%2C900&ssl=1&resize=350%2C200","width":350,"height":200},"classes":[]},{"id":4691,"url":"https:\/\/illadelstrails.com\/ca\/2023\/02\/03\/la-trail-dels-fars-acoge-750-participantes-para-su-decima-edicion\/","url_meta":{"origin":6392,"position":1},"title":"La Trail dels Fars acull 750 participants per a la seva desena edici\u00f3","date":"3 February, 2023","format":false,"excerpt":"La primera prova de l'edici\u00f3 de 2023 de la lliga\u00a0Illa\u00a0dels\u00a0Trails\u00a0compta amb tres dist\u00e0ncies que es disputaran \u00edntegrament el diumenge La\u00a0Illa\u00a0dels\u00a0Trails\u00a0obre la seva tercera edici\u00f3 aquest diumenge amb la disputa de la desena edici\u00f3 de la\u00a0Trail\u00a0dels\u00a0Fars. La carrera, que s'ha presentat aquest divendres en el renovat sal\u00f3 g\u00f2tic de l'Ajuntament de\u2026","rel":"","context":"In &quot;Trail dels Fars&quot;","img":{"alt_text":"","src":"https:\/\/i0.wp.com\/illadelstrails.com\/wp-content\/uploads\/2023\/02\/1.jpeg?fit=1200%2C900&ssl=1&resize=350%2C200","width":350,"height":200},"classes":[]},{"id":3904,"url":"https:\/\/illadelstrails.com\/ca\/2022\/02\/03\/la-segunda-edicion-de-la-lliga-illa-dels-trails-se-abre-con-mas-de-700-inscritos-en-la-trail-dels-fars\/","url_meta":{"origin":6392,"position":2},"title":"La segona edici\u00f3 de la lliga Illa dels Trails s\u2019obra amb m\u00e9s de 700 inscrits a la Trail dels Fars","date":"3 February, 2022","format":false,"excerpt":"Ciutadella acull aquest diumenge l\u2019apertura de la competici\u00f3 de 5 curses de trail, amb una prova amb les dist\u00e0ncies de 46KM, 21KM i 12KM La segona edici\u00f3 de la lliga Illa dels Trails obrir\u00e0 el seu recorregut aquest diumenge, 6 de febrer, amb la Trail dels Fars. Amb m\u00e9s de\u2026","rel":"","context":"In &quot;Trail dels Fars&quot;","img":{"alt_text":"","src":"https:\/\/i0.wp.com\/illadelstrails.com\/wp-content\/uploads\/2022\/02\/1.jpeg?fit=1200%2C900&ssl=1&resize=350%2C200","width":350,"height":200},"classes":[]},{"id":5396,"url":"https:\/\/illadelstrails.com\/ca\/2024\/02\/04\/paula-lopez-y-enric-mir-intratables-en-su-victoria-en-los-46km-de-la-trail-dels-fars\/","url_meta":{"origin":6392,"position":3},"title":"Paula L\u00f3pez i Enric Pons, intratables en la seva vict\u00f2ria en els 46KM de la Trail dels Fars","date":"4 February, 2024","format":false,"excerpt":"Maite Pons i Marc L\u00f3pez, a la Trail Popular, i Ana Bueno i Miquel Torres, completen el cartell de guanyadors en un esdeveniment que va gaudir d'un gran dia. La lliga Illa dels Trails 2024 es va obrir aquest diumenge amb una Trail dels Fars meravellosa marcada per l'excel\u00b7lent clima\u2026","rel":"","context":"In &quot;Trail dels Fars&quot;","img":{"alt_text":"","src":"https:\/\/i0.wp.com\/illadelstrails.com\/wp-content\/uploads\/2024\/02\/WhatsApp-Image-2024-02-04-at-16.29.08.jpeg?fit=1200%2C800&ssl=1&resize=350%2C200","width":350,"height":200},"classes":[]},{"id":1597,"url":"https:\/\/illadelstrails.com\/ca\/2020\/12\/22\/la-trail-dels-fars-abre-sus-inscripciones-y-sera-campeonato-de-baleares\/","url_meta":{"origin":6392,"position":4},"title":"La Trail dels Fars abre sus inscripciones y ser\u00e1 campeonato de baleares","date":"22 December, 2020","format":false,"excerpt":"La prueba, que se disputar\u00e1 el 7 de febrero, mantiene las distancias de 46KM, 21KM y 12KM, con 150 plazas disponibles para cada distancia La Trail dels Fars diurna ya tiene fecha. La prueba\u00a0se disputar\u00e1 el domingo 7 de febrero y lo har\u00e1, adem\u00e1s, con la vitola de ser campeonato\u2026","rel":"","context":"In &quot;Trail dels Fars&quot;","img":{"alt_text":"","src":"https:\/\/i0.wp.com\/illadelstrails.com\/wp-content\/uploads\/2020\/12\/noticia_2.jpg?fit=1200%2C752&ssl=1&resize=350%2C200","width":350,"height":200},"classes":[]},{"id":2981,"url":"https:\/\/illadelstrails.com\/ca\/2021\/04\/20\/la-trail-dels-fars-mas-especial-a-punto\/","url_meta":{"origin":6392,"position":5},"title":"La Trail dels Fars m\u00e1s especial, a punto","date":"20 April, 2021","format":false,"excerpt":"La prueba, que forma parte de la lliga Illa dels Trails, se disputar\u00e1 el s\u00e1bado y el domingo con un total de cinco carreras con los 46 kil\u00f3metros como campeonato de Baleares La octava edici\u00f3n de la Trail dels Fars vivir\u00e1 este fin de semana su edici\u00f3n m\u00e1s diferente, ya\u2026","rel":"","context":"In &quot;Trail dels Fars&quot;","img":{"alt_text":"","src":"https:\/\/i0.wp.com\/illadelstrails.com\/wp-content\/uploads\/2021\/04\/IMG_9448.jpg?fit=1200%2C900&ssl=1&resize=350%2C200","width":350,"height":200},"classes":[]}],"_links":{"self":[{"href":"https:\/\/illadelstrails.com\/ca\/wp-json\/wp\/v2\/posts\/6392"}],"collection":[{"href":"https:\/\/illadelstrails.com\/ca\/wp-json\/wp\/v2\/posts"}],"about":[{"href":"https:\/\/illadelstrails.com\/ca\/wp-json\/wp\/v2\/types\/post"}],"author":[{"embeddable":true,"href":"https:\/\/illadelstrails.com\/ca\/wp-json\/wp\/v2\/users\/2"}],"replies":[{"embeddable":true,"href":"https:\/\/illadelstrails.com\/ca\/wp-json\/wp\/v2\/comments?post=6392"}],"version-history":[{"count":1,"href":"https:\/\/illadelstrails.com\/ca\/wp-json\/wp\/v2\/posts\/6392\/revisions"}],"predecessor-version":[{"id":6394,"href":"https:\/\/illadelstrails.com\/ca\/wp-json\/wp\/v2\/posts\/6392\/revisions\/6394"}],"wp:featuredmedia":[{"embeddable":true,"href":"https:\/\/illadelstrails.com\/ca\/wp-json\/wp\/v2\/media\/6393"}],"wp:attachment":[{"href":"https:\/\/illadelstrails.com\/ca\/wp-json\/wp\/v2\/media?parent=6392"}],"wp:term":[{"taxonomy":"category","embeddable":true,"href":"https:\/\/illadelstrails.com\/ca\/wp-json\/wp\/v2\/categories?post=6392"},{"taxonomy":"post_tag","embeddable":true,"href":"https:\/\/illadelstrails.com\/ca\/wp-json\/wp\/v2\/tags?post=6392"}],"curies":[{"name":"wp","href":"https:\/\/api.w.org\/{rel}","templated":true}]}}