{"id":6381,"date":"2025-11-13T15:07:38","date_gmt":"2025-11-13T13:07:38","guid":{"rendered":"https:\/\/illadelstrails.com\/?p=6381"},"modified":"2025-11-13T15:07:38","modified_gmt":"2025-11-13T13:07:38","slug":"coral-velilla-y-xavi-villalonga-vencen-en-una-calurosa-y-concurrida-edicion-de-la-october-trail-menorca","status":"publish","type":"post","link":"https:\/\/illadelstrails.com\/ca\/2025\/11\/13\/coral-velilla-y-xavi-villalonga-vencen-en-una-calurosa-y-concurrida-edicion-de-la-october-trail-menorca\/","title":{"rendered":"Coral Velilla i Xavi Villalonga, vencedors en una edici\u00f3 calorosa i multitudin\u00e0ria de l\u2019October Trail Menorca"},"content":{"rendered":"<p><em>La cita esportiva va congregar uns 2.000 participants, amb vict\u00f2ries de Joana Chac\u00f3n i el menorqu\u00ed Marc L\u00f3pez als 19KM i d\u2019Asmaa Zammou i Manu Dom\u00ednguez als 11KM<\/em><\/p>\n<p>&nbsp;<\/p>\n<p>La setena edici\u00f3 de l\u2019October Trail Menorca va abaixar el tel\u00f3 a una de les seves edicions m\u00e9s caloroses que es recorden, aix\u00ed com la m\u00e9s multitudin\u00e0ria, amb prop de 2.000 participants repartits entre les tres dist\u00e0ncies que formen part de la cursa encarregada de tancar la Lliga Illa dels Trails 2025. L\u2019esdeveniment, que compta amb el patrocini de la Fundaci\u00f3 Foment del Turisme de Menorca i est\u00e0 cofinan\u00e7at amb el fons de l\u2019Impost del Turisme Sostenible del Govern de les Illes Balears, va coronar el corredor menorqu\u00ed Xavi Villalonga, guanyador dels 32KM, i Coral Velilla.<\/p>\n<p>Va ser una jornada marcada per la calor, en qu\u00e8 alguns participants van patir f\u00edsicament per les altes temperatures i la humitat, i tampoc va faltar alguna caiguda t\u00edpica de c\u00f3rrer pel Cam\u00ed de Cavalls. Fins i tot la mateixa Coral Velilla va recon\u00e8ixer haver caigut en una ocasi\u00f3 durant els seus 32KM entre Son Bou i Cala\u2019n Bosch. El ciutadellenc Xavi Villalonga no va tenir rival de principi a fi, imposant uns ritmes espectaculars per acabar amb un temps de 2:28:45, per davant dels mallorquins Miquel Llompart (2:33:46) i Miquel Vives (2:40:38).<\/p>\n<p>En categoria femenina, Velilla va liderar sense oposici\u00f3 la prova, m\u00e9s enll\u00e0 de la caiguda, i va creuar la l\u00ednia de meta amb un temps de 2:57:03, per davant de les mallorquines Xesca Vila (3:10:46) i Laura Martorell (3:19:19).<\/p>\n<p>Als 19KM, amb sortida des de l\u2019aparcament de Cala Mitjana, el ciutadellenc Marc L\u00f3pez va volar fins a meta amb un crono d\u20191:20:28, seguit del mallorqu\u00ed Francesc Obrador (1:21:42) i del ferrerienc Iv\u00e1n Janer (1:22:08). En dones, la m\u00e9s r\u00e0pida va ser Joana Chac\u00f3n, amb nom\u00e9s 24 segons de difer\u00e8ncia sobre Catalina Calafat (1:45:30) i Llucia Femenias (1:47:21), en un podi totalment mallorqu\u00ed.<\/p>\n<p>Als 11KM, una vegada m\u00e9s el jove corredor maon\u00e8s Manu Dom\u00ednguez va ser el rival a batre, completant el recorregut amb 48:50, tot i que la gran protagonista de la dist\u00e0ncia va ser la mallorquina Asmaa Zammou, que a m\u00e9s de guanyar en categoria femenina, va acabar en una espectacular sisena posici\u00f3 general amb 57:31. Els mallorquins Miquel Bauz\u00e0 (53:40) i Bernat Anglada (54:26) van completar el podi mascul\u00ed, mentre que en dones, la ciutadellenca Marianna Triay va fer 1:05:29, seguida de Maribel Garc\u00eda (1:08:37).<\/p>\n<p>L\u2019esdeveniment, que va posar punt final a la Lliga Illa dels Trails 2025, tamb\u00e9 va repartir els premis entre els m\u00e9s regulars de l\u2019any. Els guanyadors de la dist\u00e0ncia llarga (Gold) van ser el ciutadellenc Xavier Triay Janer i la mercadalenca Natalia Carretero, mentre que Kiko Sintes i Tomeu Coll van ser segon i tercer, i Laia \u00c1lvarez segona.<\/p>\n<p>En la modalitat Silver (dist\u00e0ncia mitjana), Albert Sabater i N\u00faria Puigros van ser els millors, seguits de Juan Binimelis i Mario G\u00f3mez L\u00f3pez, i de L\u00eddia Portella i Carla Guerra, respectivament. En la categoria Bronze (dist\u00e0ncia curta), Manu Dom\u00ednguez es va endur la vict\u00f2ria juntament amb Marianna Triay, per davant de Tomeu Salord i Toni Bosch Cap\u00f3, i de Magaly Narv\u00e1ez i Elena Pons Pons, respectivament.<\/p>\n<p>L\u2019entrega de trofeus va comptar amb la pres\u00e8ncia dels batles de Ciutadella i Ferreries, Lloren\u00e7 Moll i Pedro Pons, aix\u00ed com del director insular d\u2019Esports, Rafel Quintana, i de la regidora d\u2019Esports de l\u2019Ajuntament des Migjorn Gran.<\/p>\n<p>La Illa dels Trails tornar\u00e0 el 14 de mar\u00e7 amb la Trail del Nord, que obrir\u00e0 les seves inscripcions el dimarts 28 d\u2019octubre, a les 18 hores, a la web i a l\u2019app d\u2019Elitechip.<\/p>\n<p>&nbsp;<\/p>\n","protected":false},"excerpt":{"rendered":"<p>La cita esportiva va congregar uns 2.000 participants, amb vict\u00f2ries de Joana Chac\u00f3n i el menorqu\u00ed Marc L\u00f3pez als 19KM i d\u2019Asmaa Zammou i Manu Dom\u00ednguez als 11KM &nbsp; La setena edici\u00f3 de l\u2019October Trail Menorca va abaixar el tel\u00f3 a una de les seves edicions m\u00e9s caloroses que es recorden, aix\u00ed com la m\u00e9s [&hellip;]<\/p>\n","protected":false},"author":2,"featured_media":6382,"comment_status":"open","ping_status":"open","sticky":false,"template":"","format":"standard","meta":{"spay_email":"","footnotes":""},"categories":[64],"tags":[75,72,71,80],"class_list":["post-6381","post","type-post","status-publish","format-standard","has-post-thumbnail","hentry","category-october-trail","tag-cami-de-cavalls","tag-illa-dels-trails","tag-menorca","tag-october-trail"],"acf":[],"jetpack_featured_media_url":"https:\/\/i0.wp.com\/illadelstrails.com\/wp-content\/uploads\/2025\/11\/OCTOBER-TRAIL-MENORCA-2025-164516-scaled.jpg?fit=2560%2C1705&ssl=1","jetpack-related-posts":[{"id":6378,"url":"https:\/\/illadelstrails.com\/ca\/2025\/11\/13\/la-october-trail-menorca-y-sus-2-000-inscritos-preparados-para-cerrar-la-illa-dels-trails\/","url_meta":{"origin":6381,"position":0},"title":"L\u2019October Trail Menorca i els seus 2.000 inscrits, preparats per tancar l\u2019Illa dels Trails","date":"13 November, 2025","format":false,"excerpt":"L\u2019\u00faltima cita de la lliga arriba aquest dissabte amb r\u00e8cord de participaci\u00f3 general i amb m\u00e9s d\u2019un 40% de corredores, una xifra entre les m\u00e9s altes de les Illes Balears. \u00a0 La setena edici\u00f3 de l\u2019October Trail Menorca ha comen\u00e7at a rodar aquest dijous amb la presentaci\u00f3 d\u2019una cursa que\u2026","rel":"","context":"In &quot;October Trail&quot;","img":{"alt_text":"","src":"https:\/\/i0.wp.com\/illadelstrails.com\/wp-content\/uploads\/2025\/11\/Presentacio.jpeg?fit=1200%2C782&ssl=1&resize=350%2C200","width":350,"height":200},"classes":[]},{"id":3484,"url":"https:\/\/illadelstrails.com\/ca\/2021\/10\/15\/un-sabado-de-trail-de-bicicleta-y-de-mucho-mas\/","url_meta":{"origin":6381,"position":1},"title":"Un dissabte de trail, de bicicleta i de molt m\u00e9s","date":"15 October, 2021","format":false,"excerpt":"La October Trail viur\u00e0 la seva tercera edici\u00f3 incrementant la seva oferta amb la October Bike i formant part d'un complet cartell d'activitats esportives organitzades per Lago Resort Menorca La zona del Lago de Cala\u2019n Bosch, a Ciutadella, viur\u00e0 aquest dissabte una jornada esportiva d'all\u00f2 m\u00e9s completa gr\u00e0cies a la\u2026","rel":"","context":"In &quot;October Trail&quot;","img":{"alt_text":"","src":"https:\/\/i0.wp.com\/illadelstrails.com\/wp-content\/uploads\/2021\/10\/1.jpeg?fit=1024%2C768&ssl=1&resize=350%2C200","width":350,"height":200},"classes":[]},{"id":5887,"url":"https:\/\/illadelstrails.com\/ca\/2024\/10\/28\/calan-bosch-se-prepara-para-recibir-a-casi-2000-corredores-en-la-october-trail\/","url_meta":{"origin":6381,"position":2},"title":"Cala\u2019n Bosch es prepara per rebre gaireb\u00e9 2000 corredors a l&#8217;October Trail","date":"28 October, 2024","format":false,"excerpt":"La prova esportiva tancar\u00e0 aquest dissabte una nova edici\u00f3 de la Lliga Illa dels Trails amb r\u00e8cord de participaci\u00f3 en els 32KM, els 19KM i els 11KM. L'October Trail 2024 compta les hores perqu\u00e8 comenci l'edici\u00f3 m\u00e9s concorreguda de la seva hist\u00f2ria. La prova, que tamb\u00e9 ser\u00e0 l'encarregada de tancar\u2026","rel":"","context":"In &quot;October Trail&quot;","img":{"alt_text":"","src":"https:\/\/i0.wp.com\/illadelstrails.com\/wp-content\/uploads\/2024\/10\/Presentacion.jpg?fit=1200%2C900&ssl=1&resize=350%2C200","width":350,"height":200},"classes":[]},{"id":3040,"url":"https:\/\/illadelstrails.com\/ca\/2021\/07\/01\/la-october-trail-2021-abre-sus-inscripciones\/","url_meta":{"origin":6381,"position":3},"title":"La October Trail 2021 abre sus inscripciones","date":"1 July, 2021","format":false,"excerpt":"La carrera, que se disputar\u00e1 el 16 de octubre, contar\u00e1 con las distancias de 32KM, 19KM y 11KM con llegada en Cala\u2019n Bosch La tercera edici\u00f3n de la October Trail ha abierto este 1 de julio las inscripciones para las tres distancias con las que contar\u00e1 para este s\u00e1bado, 16\u2026","rel":"","context":"In &quot;October Trail&quot;","img":{"alt_text":"","src":"https:\/\/i0.wp.com\/illadelstrails.com\/wp-content\/uploads\/2021\/07\/OctoberTrail-165-scaled.jpg?fit=1200%2C800&ssl=1&resize=350%2C200","width":350,"height":200},"classes":[]},{"id":4691,"url":"https:\/\/illadelstrails.com\/ca\/2023\/02\/03\/la-trail-dels-fars-acoge-750-participantes-para-su-decima-edicion\/","url_meta":{"origin":6381,"position":4},"title":"La Trail dels Fars acull 750 participants per a la seva desena edici\u00f3","date":"3 February, 2023","format":false,"excerpt":"La primera prova de l'edici\u00f3 de 2023 de la lliga\u00a0Illa\u00a0dels\u00a0Trails\u00a0compta amb tres dist\u00e0ncies que es disputaran \u00edntegrament el diumenge La\u00a0Illa\u00a0dels\u00a0Trails\u00a0obre la seva tercera edici\u00f3 aquest diumenge amb la disputa de la desena edici\u00f3 de la\u00a0Trail\u00a0dels\u00a0Fars. La carrera, que s'ha presentat aquest divendres en el renovat sal\u00f3 g\u00f2tic de l'Ajuntament de\u2026","rel":"","context":"In &quot;Trail dels Fars&quot;","img":{"alt_text":"","src":"https:\/\/i0.wp.com\/illadelstrails.com\/wp-content\/uploads\/2023\/02\/1.jpeg?fit=1200%2C900&ssl=1&resize=350%2C200","width":350,"height":200},"classes":[]},{"id":2810,"url":"https:\/\/illadelstrails.com\/ca\/2021\/03\/12\/la-marca-sport-hg-se-incorpora-a-lilla-dels-trails\/","url_meta":{"origin":6381,"position":5},"title":"La marca Sport HG se incorpora a l\u2019Illa dels Trails","date":"12 March, 2021","format":false,"excerpt":"La marca internacional de ropa t\u00e9cnica deportiva ser\u00e1 uno de los principales patrocinadores del circuito de pruebas que tendr\u00e1 lugar en Menorca a lo largo de 2021 El proyecto Illa dels Trails sigue creciendo de cara a un 2021 cargado de ilusi\u00f3n. La prestigiosa marca internacional de ropa t\u00e9cnica deportiva,\u2026","rel":"","context":"In &quot;October Trail&quot;","img":{"alt_text":"","src":"https:\/\/i0.wp.com\/illadelstrails.com\/wp-content\/uploads\/2021\/03\/CarlosLl\u00a9-1381-scaled.jpg?fit=1200%2C800&ssl=1&resize=350%2C200","width":350,"height":200},"classes":[]}],"_links":{"self":[{"href":"https:\/\/illadelstrails.com\/ca\/wp-json\/wp\/v2\/posts\/6381"}],"collection":[{"href":"https:\/\/illadelstrails.com\/ca\/wp-json\/wp\/v2\/posts"}],"about":[{"href":"https:\/\/illadelstrails.com\/ca\/wp-json\/wp\/v2\/types\/post"}],"author":[{"embeddable":true,"href":"https:\/\/illadelstrails.com\/ca\/wp-json\/wp\/v2\/users\/2"}],"replies":[{"embeddable":true,"href":"https:\/\/illadelstrails.com\/ca\/wp-json\/wp\/v2\/comments?post=6381"}],"version-history":[{"count":1,"href":"https:\/\/illadelstrails.com\/ca\/wp-json\/wp\/v2\/posts\/6381\/revisions"}],"predecessor-version":[{"id":6383,"href":"https:\/\/illadelstrails.com\/ca\/wp-json\/wp\/v2\/posts\/6381\/revisions\/6383"}],"wp:featuredmedia":[{"embeddable":true,"href":"https:\/\/illadelstrails.com\/ca\/wp-json\/wp\/v2\/media\/6382"}],"wp:attachment":[{"href":"https:\/\/illadelstrails.com\/ca\/wp-json\/wp\/v2\/media?parent=6381"}],"wp:term":[{"taxonomy":"category","embeddable":true,"href":"https:\/\/illadelstrails.com\/ca\/wp-json\/wp\/v2\/categories?post=6381"},{"taxonomy":"post_tag","embeddable":true,"href":"https:\/\/illadelstrails.com\/ca\/wp-json\/wp\/v2\/tags?post=6381"}],"curies":[{"name":"wp","href":"https:\/\/api.w.org\/{rel}","templated":true}]}}