{"id":5396,"date":"2024-02-04T19:07:11","date_gmt":"2024-02-04T17:07:11","guid":{"rendered":"https:\/\/illadelstrails.com\/?p=5396"},"modified":"2024-02-05T13:19:53","modified_gmt":"2024-02-05T11:19:53","slug":"paula-lopez-y-enric-mir-intratables-en-su-victoria-en-los-46km-de-la-trail-dels-fars","status":"publish","type":"post","link":"https:\/\/illadelstrails.com\/ca\/2024\/02\/04\/paula-lopez-y-enric-mir-intratables-en-su-victoria-en-los-46km-de-la-trail-dels-fars\/","title":{"rendered":"Paula L\u00f3pez i Enric Pons, intratables en la seva vict\u00f2ria en els 46KM de la Trail dels Fars"},"content":{"rendered":"<p><em>Maite Pons i Marc L\u00f3pez, a la Trail Popular, i Ana Bueno i Miquel Torres, completen el cartell de guanyadors en un esdeveniment que va gaudir d&#8217;un gran dia.<\/em><\/p>\n<p>La lliga Illa dels Trails 2024 es va obrir aquest diumenge amb una Trail dels Fars meravellosa marcada per l&#8217;excel\u00b7lent clima i condicions, que va coronar la catalana Paula L\u00f3pez i el menorqu\u00ed Enric Pons com els m\u00e9s r\u00e0pids dels 46KM, la prova reina. L&#8217;esdeveniment, que compta amb el patrocini de la Fundaci\u00f3 Foment del Turisme de Menorca, va omplir d&#8217;activitat i de vida el tram de Cam\u00ed de Cavalls des del Far de Cavalleria fins a la Piscina Municipal de Ciutadella, amb uns 700 participants inscrits entre les tres dist\u00e0ncies.<\/p>\n<p>Mir va mostrar estar en un estat de forma superior al dels seus rivals, sortint fort i controlant el ritme fins arribar a Cala Pilar on va posar una marxa m\u00e9s que no va poder seguir el ciutadellenc Xavi Villalonga. Mir va creuar la meta amb un temps de 3:35:38, seguit de Villalonga (3:47:26), mentre que la medalla de bronze se la va penjar el catal\u00e0 Rafa Garcia (3:49:03), qui va sorprendre Ruben Benejam (3:54:37). La sortida dels 46KM va comptar amb la pres\u00e8ncia de l&#8217;alcalde des Mercadal, Joan Palliser.<\/p>\n<p>En les dones, la catalana Paula L\u00f3pez va protagonitzar una sortida en solitari seguida de les menorquines Mari All\u00e8s i Maria Carrasco. L\u00f3pez va mantenir sempre una avantatge d&#8217;uns 3 minuts que la ciutadellenca no va poder neutralitzar. L\u00f3pez va creuar la meta en primer lloc amb un cron\u00f2metre de 4:26:17, mentre que All\u00e8s ho va fer amb 4:30:54, seguida de Carrasco, amb 4:42:54.<\/p>\n<p>A la mitja marat\u00f3, el ciutadellenc Miquel Torres va tallar qualsevol reacci\u00f3 amb un ritme per a privilegiats. Va ser capa\u00e7 de rec\u00f3rrer al capdavant els 21KM des de La Vall en 1:29:04, seguit en meta per Iv\u00e1n Janer (1:31:45) i Javier Sintes (1:33:41).<\/p>\n<p>En les dones, nova exhibici\u00f3 d&#8217;Ana Bueno, qui va volar sense rival a la categoria fins a la l\u00ednia de meta, entrant amb 1:45:47, mentre que Lena Moll es va emportar la plata amb 1:49:02. El podi va ser completat per Victoria S\u00e1nchez, amb 1:55:57.<\/p>\n<p>A la Trail Popular, Maite Pons i Marc L\u00f3pez van ser els m\u00e9s r\u00e0pids amb 58:04 i 46:08, respectivament. En homes, Migue Huguet va ser medalla de plata (47:37) i Juan D\u00edaz va ser bronze (48:20), mentre que en dones, Sara Burchartz (1:01:56) i Maria Jos\u00e9 Navarro (1:05:37) van completar el podi.<\/p>\n<p>Despr\u00e9s de la cursa, es va procedir a l&#8217;entrega de trofeus que va comptar amb la pres\u00e8ncia del conseller d&#8217;Esports, Joan Pons; el regidor d&#8217;Esports de Ciutadella, Nico Blanco; la directora insular de Promoci\u00f3 Econ\u00f2mica, Bego\u00f1a Mercadal; l&#8217;alcalde de Ferreries, Pedro Pons; el diputat Joan Mesquida, la regidora d&#8217;Esports de Ferreries, Alicia Mart\u00ed, i el regidor des Mercadal, Carlos Rotger.<\/p>\n<p>La Illa dels Trails viur\u00e0 aquest dilluns l&#8217;obertura de les inscripcions de la Trail dels Fars Nocturna, que es disputar\u00e0 el 28 de setembre amb les seves dues dist\u00e0ncies de 23KM i 13KM. Abans, el 13 d&#8217;abril, tindr\u00e0 lloc una nova edici\u00f3 de la Trail del Nord, que ja t\u00e9 les seves inscripcions obertes, i que ofereix tres dist\u00e0ncies, 45KM, 24KM i 12KM.<\/p>\n","protected":false},"excerpt":{"rendered":"<p>Maite Pons i Marc L\u00f3pez, a la Trail Popular, i Ana Bueno i Miquel Torres, completen el cartell de guanyadors en un esdeveniment que va gaudir d&#8217;un gran dia. La lliga Illa dels Trails 2024 es va obrir aquest diumenge amb una Trail dels Fars meravellosa marcada per l&#8217;excel\u00b7lent clima i condicions, que va coronar [&hellip;]<\/p>\n","protected":false},"author":2,"featured_media":5397,"comment_status":"open","ping_status":"open","sticky":false,"template":"","format":"standard","meta":{"spay_email":"","footnotes":""},"categories":[61],"tags":[75,72,71,77,74],"class_list":["post-5396","post","type-post","status-publish","format-standard","has-post-thumbnail","hentry","category-trail-dels-fars","tag-cami-de-cavalls","tag-illa-dels-trails","tag-menorca","tag-trail-dels-fars","tag-trail-run"],"acf":[],"jetpack_featured_media_url":"https:\/\/i0.wp.com\/illadelstrails.com\/wp-content\/uploads\/2024\/02\/WhatsApp-Image-2024-02-04-at-16.29.08.jpeg?fit=1600%2C1066&ssl=1","jetpack-related-posts":[{"id":5392,"url":"https:\/\/illadelstrails.com\/ca\/2024\/02\/04\/la-trail-dels-fars-llega-a-su-11a-edicion-con-un-30-por-ciento-de-participantes-de-fuera-de-la-isla\/","url_meta":{"origin":5396,"position":0},"title":"La Trail dels Fars arriba a la seva 11a edici\u00f3 amb un 30 per cent de participants de fora de l&#8217;illa","date":"4 February, 2024","format":false,"excerpt":"La primera cursa de la lliga Illa dels Trails 2024 tindr\u00e0 lloc aquest diumenge amb uns 700 inscrits entre les dist\u00e0ncies de 46KM, 21KM i 12KM. La lliga Illa dels Trails 2024 aixeca el tel\u00f3 aquest diumenge amb la disputa de la que \u00e9s, a m\u00e9s, la 11a edici\u00f3 de\u2026","rel":"","context":"In &quot;Trail dels Fars&quot;","img":{"alt_text":"","src":"https:\/\/i0.wp.com\/illadelstrails.com\/wp-content\/uploads\/2024\/02\/Presentacio.jpeg?fit=1200%2C900&ssl=1&resize=350%2C200","width":350,"height":200},"classes":[]},{"id":5890,"url":"https:\/\/illadelstrails.com\/ca\/2024\/10\/28\/la-tormenta-electrica-le-gana-la-carrera-a-la-october-trail\/","url_meta":{"origin":5396,"position":1},"title":"La tempesta el\u00e8ctrica guanya la cursa a l&#8217;October Trail","date":"28 October, 2024","format":false,"excerpt":"Els llamps van motivar a l'organitzaci\u00f3 a prendre la decisi\u00f3 de cancel\u00b7lar la prova posant per sobre de tot la salut dels participants. Enric Pons i Inmaculada Rodr\u00edguez, guanyadors de la Lliga Illa dels Trails. La tempesta el\u00e8ctrica que va afectar la zona de Ciutadella aquest dissabte va guanyar la\u2026","rel":"","context":"In &quot;October Trail&quot;","img":{"alt_text":"","src":"https:\/\/i0.wp.com\/illadelstrails.com\/wp-content\/uploads\/2024\/10\/Podio-Oro.jpeg?fit=1200%2C800&ssl=1&resize=350%2C200","width":350,"height":200},"classes":[]},{"id":6392,"url":"https:\/\/illadelstrails.com\/ca\/2025\/11\/19\/mas-de-700-participantes-abren-el-ano-deportivo-en-la-trail-dels-fars\/","url_meta":{"origin":5396,"position":2},"title":"M\u00e9s de 700 participants obren l\u2019any esportiu a la Trail dels Fars","date":"19 November, 2025","format":false,"excerpt":"La tradicional cita que acaba a Ciutadella obrir\u00e0, una vegada m\u00e9s, el calendari d\u2019esdeveniments de l\u2019illa amb una cursa de 46KM, 21KM i 12KM. La Lliga Illa dels Trails obrir\u00e0 aquest diumenge la seva quarta edici\u00f3 amb la tradicional Trail dels Fars. La cita, que ja ha superat els 700\u2026","rel":"","context":"In &quot;Trail dels Fars&quot;","img":{"alt_text":"","src":"https:\/\/i0.wp.com\/illadelstrails.com\/wp-content\/uploads\/2025\/11\/Presentacio-scaled.jpg?fit=1200%2C900&ssl=1&resize=350%2C200","width":350,"height":200},"classes":[]},{"id":6395,"url":"https:\/\/illadelstrails.com\/ca\/2025\/11\/19\/pujades-y-alles-se-llevan-la-trail-dels-fars\/","url_meta":{"origin":5396,"position":3},"title":"Pujades i All\u00e8s s\u2019enduen la Trail dels Fars","date":"19 November, 2025","format":false,"excerpt":"El mallorqu\u00ed es va imposar en els \u00faltims 500 metres a Enric Pons, mentre que la ciutadellenca va dominar de principi a fi. \u00a0 La Trail dels Fars va donar aquest diumenge el tret de sortida a la quarta edici\u00f3 de la Lliga Illa dels Trails amb una cursa marcada\u2026","rel":"","context":"In &quot;Trail dels Fars&quot;","img":{"alt_text":"","src":"https:\/\/i0.wp.com\/illadelstrails.com\/wp-content\/uploads\/2025\/11\/PHOTO-2025-02-02-18-19-56.jpg?fit=1200%2C800&ssl=1&resize=350%2C200","width":350,"height":200},"classes":[]},{"id":4035,"url":"https:\/\/illadelstrails.com\/ca\/2022\/03\/16\/vendaval-duran-y-alles-en-la-trail-del-nord\/","url_meta":{"origin":5396,"position":4},"title":"Vendaval Dur\u00e1n i All\u00e9s en la Trail del Nord","date":"16 March, 2022","format":false,"excerpt":"El corredor repeteix vict\u00f2ria despr\u00e9s de la\u00a0Trail\u00a0dels\u00a0Fars\u00a0i la\u00a0ciutadellenca, guanyadora de la lliga\u00a0Illa\u00a0dels\u00a0Trails\u00a02021, estrena el seu caseller de 2022 La\u00a0Trail\u00a0del\u00a0Nord\u00a0ja t\u00e9 als seus nous guanyadors,\u00a0Guiem\u00a0Dur\u00e1n i Mari\u00a0All\u00e9s, que ja es va imposar al novembre, corredors que van entrar a la meta a\u00a0Fornells\u00a0en primer lloc en un dissabte perfecte per al\u00a0trail\u00a0run, en\u2026","rel":"","context":"In &quot;General&quot;","img":{"alt_text":"","src":"https:\/\/i0.wp.com\/illadelstrails.com\/wp-content\/uploads\/2022\/03\/TrailDelNord22-376-scaled.jpg?fit=1200%2C800&ssl=1&resize=350%2C200","width":350,"height":200},"classes":[]},{"id":2985,"url":"https:\/\/illadelstrails.com\/ca\/2021\/04\/24\/ramis-benavides-moreno-y-pons-primeros-protagonistas-de-la-trail-dels-fars\/","url_meta":{"origin":5396,"position":5},"title":"Ramis, Ben\u00e1vides, Moreno y Pons, primeros protagonistas de la Trail dels Fars","date":"24 April, 2021","format":false,"excerpt":"La victoria de los 21 kil\u00f3metros cae en manos de los mallorquines Dami\u00e0 Ramis y Victoria Ben\u00e1vides, mientras que en la Cursa Popular triunfos locales para Joan Moreno y Bea Pons. La octava edici\u00f3n de la Trail dels Fars conoci\u00f3 este s\u00e1bado a sus primeros ganadores y ganadoras, en las\u2026","rel":"","context":"In &quot;Trail dels Fars&quot;","img":{"alt_text":"","src":"https:\/\/i0.wp.com\/illadelstrails.com\/wp-content\/uploads\/2021\/04\/odi-Masc-scaled.jpg?fit=1200%2C800&ssl=1&resize=350%2C200","width":350,"height":200},"classes":[]}],"_links":{"self":[{"href":"https:\/\/illadelstrails.com\/ca\/wp-json\/wp\/v2\/posts\/5396"}],"collection":[{"href":"https:\/\/illadelstrails.com\/ca\/wp-json\/wp\/v2\/posts"}],"about":[{"href":"https:\/\/illadelstrails.com\/ca\/wp-json\/wp\/v2\/types\/post"}],"author":[{"embeddable":true,"href":"https:\/\/illadelstrails.com\/ca\/wp-json\/wp\/v2\/users\/2"}],"replies":[{"embeddable":true,"href":"https:\/\/illadelstrails.com\/ca\/wp-json\/wp\/v2\/comments?post=5396"}],"version-history":[{"count":2,"href":"https:\/\/illadelstrails.com\/ca\/wp-json\/wp\/v2\/posts\/5396\/revisions"}],"predecessor-version":[{"id":5399,"href":"https:\/\/illadelstrails.com\/ca\/wp-json\/wp\/v2\/posts\/5396\/revisions\/5399"}],"wp:featuredmedia":[{"embeddable":true,"href":"https:\/\/illadelstrails.com\/ca\/wp-json\/wp\/v2\/media\/5397"}],"wp:attachment":[{"href":"https:\/\/illadelstrails.com\/ca\/wp-json\/wp\/v2\/media?parent=5396"}],"wp:term":[{"taxonomy":"category","embeddable":true,"href":"https:\/\/illadelstrails.com\/ca\/wp-json\/wp\/v2\/categories?post=5396"},{"taxonomy":"post_tag","embeddable":true,"href":"https:\/\/illadelstrails.com\/ca\/wp-json\/wp\/v2\/tags?post=5396"}],"curies":[{"name":"wp","href":"https:\/\/api.w.org\/{rel}","templated":true}]}}