{"id":5392,"date":"2024-02-04T19:00:44","date_gmt":"2024-02-04T17:00:44","guid":{"rendered":"https:\/\/illadelstrails.com\/?p=5392"},"modified":"2024-02-04T19:00:44","modified_gmt":"2024-02-04T17:00:44","slug":"la-trail-dels-fars-llega-a-su-11a-edicion-con-un-30-por-ciento-de-participantes-de-fuera-de-la-isla","status":"publish","type":"post","link":"https:\/\/illadelstrails.com\/ca\/2024\/02\/04\/la-trail-dels-fars-llega-a-su-11a-edicion-con-un-30-por-ciento-de-participantes-de-fuera-de-la-isla\/","title":{"rendered":"La Trail dels Fars arriba a la seva 11a edici\u00f3 amb un 30 per cent de participants de fora de l&#8217;illa"},"content":{"rendered":"<p><em>La primera cursa de la lliga Illa dels Trails 2024 tindr\u00e0 lloc aquest diumenge amb uns 700 inscrits entre les dist\u00e0ncies de 46KM, 21KM i 12KM.<\/em><\/p>\n<p>La lliga Illa dels Trails 2024 aixeca el tel\u00f3 aquest diumenge amb la disputa de la que \u00e9s, a m\u00e9s, la 11a edici\u00f3 de la Trail dels Fars. La cita obre la competici\u00f3 i tamb\u00e9 el calendari d&#8217;esdeveniments esportius que compten amb el patrocini de la Fundaci\u00f3 Foment del Turisme de Menorca, portant al 30 per cent dels seus 700 inscrits de fora de l&#8217;illa, mostrant una vegada m\u00e9s l&#8217;atractiu que suposa esportivament i tur\u00edsticament. La cursa, que es correr\u00e0 el diumenge, compta amb les dist\u00e0ncies de 46KM, 21KM i 12KM i s&#8217;ha presentat aquest dijous a l&#8217;Ajuntament de Ciutadella.<\/p>\n<p>L&#8217;impressionant far de Cavalleria ser\u00e0 testimoni de la sortida, el diumenge a les 8.00, dels 46KM cap a la Piscina Municipal de Ciutadella. Despr\u00e9s, a les 10.30 ser\u00e0 el torn dels 21KM des del p\u00e0rquing de La Vall, mentre que a les 12.00 es donar\u00e0 la sortida als 12KM al Cam\u00ed de Son Morell. Com cada any, l&#8217;organitzaci\u00f3, que corre a c\u00e0rrec de Elitechip.net i de Biosport Menorca, preparar\u00e0 un avituallament final abans de l&#8217;entrega de trofeus, prevista per a les 14 hores a la mateixa Piscina Municipal.<\/p>\n<p>L&#8217;acte de presentaci\u00f3 ha comptat amb la pres\u00e8ncia de l&#8217;alcaldessa de Ciutadella, Juana Mari Pons, la directora insular de Promoci\u00f3 Tur\u00edstica, Bego\u00f1a Mercadal, el conseller d&#8217;Esports, Joan Pons, el regidor d&#8217;Esports de l&#8217;Ajuntament de Ciutadella, Nico Blanco, i els organitzadors, Guiem Bosch i Toni Cap\u00f3.<\/p>\n<p>La cursa comen\u00e7ar\u00e0 el dissabte, amb la recollida de dorsals que es far\u00e0 al Poliesportiu Municipal de Ciutadella, de les 16.30 a les 20 hores.<\/p>\n<p>La Trail dels Fars arriba a la seva dotzena edici\u00f3 en un gran estat de forma i atraient a m\u00e9s de 220 persones de fora de l&#8217;illa, mostrant que l&#8217;aposta per les proves de Trail fora de temporada suposa un reclam important i eficient. Un altre reclam suposa l&#8217;entrega, als corredors m\u00e9s r\u00e0pids, de lots amb producte menorqu\u00ed cedit per Made in Menorca, i la Conselleria de Promoci\u00f3 Econ\u00f2mica.<\/p>\n","protected":false},"excerpt":{"rendered":"<p>La primera cursa de la lliga Illa dels Trails 2024 tindr\u00e0 lloc aquest diumenge amb uns 700 inscrits entre les dist\u00e0ncies de 46KM, 21KM i 12KM. La lliga Illa dels Trails 2024 aixeca el tel\u00f3 aquest diumenge amb la disputa de la que \u00e9s, a m\u00e9s, la 11a edici\u00f3 de la Trail dels Fars. La [&hellip;]<\/p>\n","protected":false},"author":2,"featured_media":5393,"comment_status":"open","ping_status":"open","sticky":false,"template":"","format":"standard","meta":{"spay_email":"","footnotes":""},"categories":[61],"tags":[75,72,71,77,74],"class_list":["post-5392","post","type-post","status-publish","format-standard","has-post-thumbnail","hentry","category-trail-dels-fars","tag-cami-de-cavalls","tag-illa-dels-trails","tag-menorca","tag-trail-dels-fars","tag-trail-run"],"acf":[],"jetpack_featured_media_url":"https:\/\/i0.wp.com\/illadelstrails.com\/wp-content\/uploads\/2024\/02\/Presentacio.jpeg?fit=1600%2C1200&ssl=1","jetpack-related-posts":[{"id":3904,"url":"https:\/\/illadelstrails.com\/ca\/2022\/02\/03\/la-segunda-edicion-de-la-lliga-illa-dels-trails-se-abre-con-mas-de-700-inscritos-en-la-trail-dels-fars\/","url_meta":{"origin":5392,"position":0},"title":"La segona edici\u00f3 de la lliga Illa dels Trails s\u2019obra amb m\u00e9s de 700 inscrits a la Trail dels Fars","date":"3 February, 2022","format":false,"excerpt":"Ciutadella acull aquest diumenge l\u2019apertura de la competici\u00f3 de 5 curses de trail, amb una prova amb les dist\u00e0ncies de 46KM, 21KM i 12KM La segona edici\u00f3 de la lliga Illa dels Trails obrir\u00e0 el seu recorregut aquest diumenge, 6 de febrer, amb la Trail dels Fars. Amb m\u00e9s de\u2026","rel":"","context":"In &quot;Trail dels Fars&quot;","img":{"alt_text":"","src":"https:\/\/i0.wp.com\/illadelstrails.com\/wp-content\/uploads\/2022\/02\/1.jpeg?fit=1200%2C900&ssl=1&resize=350%2C200","width":350,"height":200},"classes":[]},{"id":2582,"url":"https:\/\/illadelstrails.com\/ca\/2021\/01\/05\/la-trail-dels-barrancs-en-la-liga-illa-dels-trails\/","url_meta":{"origin":5392,"position":1},"title":"La Trail dels Barrancs, en la liga Illa dels Trails","date":"5 January, 2021","format":false,"excerpt":"La carrera, que se disputar\u00e1 el d\u00eda 28 de marzo, ser\u00e1 la segunda prueba de la liga Illa dels Trails El 28 de marzo Alaior acoger\u00e1 la segunda prueba de la liga Illa dels Trails, una competici\u00f3n que se estrena este 2021 y que premiar\u00e1 a los deportistas m\u00e1s regulares\u2026","rel":"","context":"In &quot;Trail dels Barrancs&quot;","img":{"alt_text":"","src":"https:\/\/i0.wp.com\/illadelstrails.com\/wp-content\/uploads\/2021\/01\/noticia_3.jpg?fit=1200%2C752&ssl=1&resize=350%2C200","width":350,"height":200},"classes":[]},{"id":4703,"url":"https:\/\/illadelstrails.com\/ca\/2023\/02\/08\/la-trail-dels-fars-nocturna-abre-sus-inscripciones-y-regresa-a-menorca-el-16-de-septiembre\/","url_meta":{"origin":5392,"position":2},"title":"La Trail dels Fars Nocturna obre les seves inscripcions i torna a Menorca el 16 de setembre","date":"8 February, 2023","format":false,"excerpt":"La carrera, que ser\u00e0 la tercera cita de la lliga Illa dels Trails, comptar\u00e0 amb les dist\u00e0ncies de 23KM i de 13KM entre el far de Favaritx i la Base Militar de San Isidro La tercera parada de la lliga Illa dels Trails que es disputa a Menorca tindr\u00e0 la\u2026","rel":"","context":"In &quot;Trail Nocturna&quot;","img":{"alt_text":"","src":"https:\/\/i0.wp.com\/illadelstrails.com\/wp-content\/uploads\/2023\/02\/TrailNocturna2022-098-scaled.jpg?fit=1200%2C800&ssl=1&resize=350%2C200","width":350,"height":200},"classes":[]},{"id":2648,"url":"https:\/\/illadelstrails.com\/ca\/2021\/01\/19\/la-covid19-obliga-a-pasar-la-trail-dels-fars-al-mes-de-abril\/","url_meta":{"origin":5392,"position":3},"title":"La COVID19 obliga a pasar la Trail dels Fars al mes de abril","date":"19 January, 2021","format":false,"excerpt":"La entrada de Menorca en Fase 4 como m\u00ednimo hasta d\u00eda 30 dificulta la concesi\u00f3n de los permisos necesarios para que se dispute la prueba La Trail dels Fars 2021 se disputar\u00e1 los d\u00edas 24 y 25 de abril. La actual situaci\u00f3n que atraviesa Menorca derivada por la COVID19 dificulta\u2026","rel":"","context":"In &quot;Trail dels Fars&quot;","img":{"alt_text":"","src":"https:\/\/i0.wp.com\/illadelstrails.com\/wp-content\/uploads\/2021\/01\/cartell_trail_fars_2021_posposat_INSTA.jpg?fit=1200%2C1200&ssl=1&resize=350%2C200","width":350,"height":200},"classes":[]},{"id":4691,"url":"https:\/\/illadelstrails.com\/ca\/2023\/02\/03\/la-trail-dels-fars-acoge-750-participantes-para-su-decima-edicion\/","url_meta":{"origin":5392,"position":4},"title":"La Trail dels Fars acull 750 participants per a la seva desena edici\u00f3","date":"3 February, 2023","format":false,"excerpt":"La primera prova de l'edici\u00f3 de 2023 de la lliga\u00a0Illa\u00a0dels\u00a0Trails\u00a0compta amb tres dist\u00e0ncies que es disputaran \u00edntegrament el diumenge La\u00a0Illa\u00a0dels\u00a0Trails\u00a0obre la seva tercera edici\u00f3 aquest diumenge amb la disputa de la desena edici\u00f3 de la\u00a0Trail\u00a0dels\u00a0Fars. La carrera, que s'ha presentat aquest divendres en el renovat sal\u00f3 g\u00f2tic de l'Ajuntament de\u2026","rel":"","context":"In &quot;Trail dels Fars&quot;","img":{"alt_text":"","src":"https:\/\/i0.wp.com\/illadelstrails.com\/wp-content\/uploads\/2023\/02\/1.jpeg?fit=1200%2C900&ssl=1&resize=350%2C200","width":350,"height":200},"classes":[]},{"id":6392,"url":"https:\/\/illadelstrails.com\/ca\/2025\/11\/19\/mas-de-700-participantes-abren-el-ano-deportivo-en-la-trail-dels-fars\/","url_meta":{"origin":5392,"position":5},"title":"M\u00e9s de 700 participants obren l\u2019any esportiu a la Trail dels Fars","date":"19 November, 2025","format":false,"excerpt":"La tradicional cita que acaba a Ciutadella obrir\u00e0, una vegada m\u00e9s, el calendari d\u2019esdeveniments de l\u2019illa amb una cursa de 46KM, 21KM i 12KM. La Lliga Illa dels Trails obrir\u00e0 aquest diumenge la seva quarta edici\u00f3 amb la tradicional Trail dels Fars. La cita, que ja ha superat els 700\u2026","rel":"","context":"In &quot;Trail dels Fars&quot;","img":{"alt_text":"","src":"https:\/\/i0.wp.com\/illadelstrails.com\/wp-content\/uploads\/2025\/11\/Presentacio-scaled.jpg?fit=1200%2C900&ssl=1&resize=350%2C200","width":350,"height":200},"classes":[]}],"_links":{"self":[{"href":"https:\/\/illadelstrails.com\/ca\/wp-json\/wp\/v2\/posts\/5392"}],"collection":[{"href":"https:\/\/illadelstrails.com\/ca\/wp-json\/wp\/v2\/posts"}],"about":[{"href":"https:\/\/illadelstrails.com\/ca\/wp-json\/wp\/v2\/types\/post"}],"author":[{"embeddable":true,"href":"https:\/\/illadelstrails.com\/ca\/wp-json\/wp\/v2\/users\/2"}],"replies":[{"embeddable":true,"href":"https:\/\/illadelstrails.com\/ca\/wp-json\/wp\/v2\/comments?post=5392"}],"version-history":[{"count":1,"href":"https:\/\/illadelstrails.com\/ca\/wp-json\/wp\/v2\/posts\/5392\/revisions"}],"predecessor-version":[{"id":5394,"href":"https:\/\/illadelstrails.com\/ca\/wp-json\/wp\/v2\/posts\/5392\/revisions\/5394"}],"wp:featuredmedia":[{"embeddable":true,"href":"https:\/\/illadelstrails.com\/ca\/wp-json\/wp\/v2\/media\/5393"}],"wp:attachment":[{"href":"https:\/\/illadelstrails.com\/ca\/wp-json\/wp\/v2\/media?parent=5392"}],"wp:term":[{"taxonomy":"category","embeddable":true,"href":"https:\/\/illadelstrails.com\/ca\/wp-json\/wp\/v2\/categories?post=5392"},{"taxonomy":"post_tag","embeddable":true,"href":"https:\/\/illadelstrails.com\/ca\/wp-json\/wp\/v2\/tags?post=5392"}],"curies":[{"name":"wp","href":"https:\/\/api.w.org\/{rel}","templated":true}]}}