{"id":5384,"date":"2023-12-11T16:09:21","date_gmt":"2023-12-11T14:09:21","guid":{"rendered":"https:\/\/illadelstrails.com\/?p=5384"},"modified":"2023-12-11T16:09:21","modified_gmt":"2023-12-11T14:09:21","slug":"la-trail-del-nord-abre-sus-inscripciones-apostando-por-el-concierto-al-final-de-la-carrera","status":"publish","type":"post","link":"https:\/\/illadelstrails.com\/ca\/2023\/12\/11\/la-trail-del-nord-abre-sus-inscripciones-apostando-por-el-concierto-al-final-de-la-carrera\/","title":{"rendered":"La Trail del Nord obre les seves inscripcions amb un concert al final de la cursa"},"content":{"rendered":"<h4><em>El dissabte 13 d&#8217;abril tindr\u00e0 lloc la segona cita de la Lliga Illa dels Trails amb les seves tres propostes de 45 km, 24 km i 12 km<\/em><\/h4>\n<p>La Trail del Nord se celebrar\u00e0 el 13 d&#8217;abril de 2024, tot i que oficialment comen\u00e7a aquest dimarts, 12 de desembre, a les 18 hores, quan s&#8217;obriran les inscripcions per a la segona prova de la Lliga Illa dels Trails 2024. L&#8217;esdeveniment, amb el suport de la Fundaci\u00f3 Foment del Turisme de Menorca i organitzat per Biosport Menorca i Elitechip, mantindr\u00e0 les dist\u00e0ncies de 45 km, 24 km i 12 km, a m\u00e9s d&#8217;un espectacular concert a les instal\u00b7lacions del TRH Tirant Playa, per als participants.<\/p>\n<p>La Trail del Nord ser\u00e0 la segona de les proves del circuit Illa dels Trails, que comen\u00e7ar\u00e0 el 4 de febrer amb la disputa de la Trail dels Fars, que ja ha superat els 600 participants inscrits. La Trail del Nord tindr\u00e0 la sortida des del mirador de Cala Morell per a la modalitat de 45 km, des del p\u00e0rquing de Cala Pilar pels 24 km i des del Cam\u00ed de Binimetl\u00b7l\u00e0 pels 12 km.<\/p>\n<p>Com ja va passar el 2023, tant les dist\u00e0ncies de 45 km com la de 24 km passaran pel tram del Cam\u00ed Reial del Nord, mentre que els de la marat\u00f3 hauran de pujar fins a Santa \u00c0gueda, i els de la mitja marat\u00f3 aniran direcci\u00f3 Ets Alocs directament.<\/p>\n<p>Les inscripcions, que s&#8217;obriran a partir de les 18 hores a la web i l&#8217;app d&#8217;Elitechip, tindran un primer preu bonificat per a les primeres 200 persones inscrites. Despr\u00e9s d&#8217;aquest moment, s&#8217;activar\u00e0 un segon preu. A m\u00e9s, l&#8217;esdeveniment permet la possibilitat de contractar l&#8217;allotjament al TRH Tirant Playa, on es celebrar\u00e0 la festa posterior.<\/p>\n","protected":false},"excerpt":{"rendered":"<p>El dissabte 13 d&#8217;abril tindr\u00e0 lloc la segona cita de la Lliga Illa dels Trails amb les seves tres propostes de 45 km, 24 km i 12 km La Trail del Nord se celebrar\u00e0 el 13 d&#8217;abril de 2024, tot i que oficialment comen\u00e7a aquest dimarts, 12 de desembre, a les 18 hores, quan s&#8217;obriran [&hellip;]<\/p>\n","protected":false},"author":2,"featured_media":5385,"comment_status":"open","ping_status":"open","sticky":false,"template":"","format":"standard","meta":{"spay_email":"","footnotes":""},"categories":[70],"tags":[75,72,71,81,74],"class_list":["post-5384","post","type-post","status-publish","format-standard","has-post-thumbnail","hentry","category-trail-del-nord","tag-cami-de-cavalls","tag-illa-dels-trails","tag-menorca","tag-trail-del-nord","tag-trail-run"],"acf":[],"jetpack_featured_media_url":"https:\/\/i0.wp.com\/illadelstrails.com\/wp-content\/uploads\/2023\/12\/Cartell_Trail_Nord_2024_INSTA.jpg?fit=1768%2C1768&ssl=1","jetpack-related-posts":[{"id":4834,"url":"https:\/\/illadelstrails.com\/ca\/2023\/03\/29\/tirant-area-de-trail-running-con-mas-de-800-participantes-en-la-trail-del-nord\/","url_meta":{"origin":5384,"position":0},"title":"Tirant, \u00e0rea de trail running amb m\u00e9s de 800 participants en la Trail del Nord","date":"29 March, 2023","format":false,"excerpt":"TRH Tirant Platja ser\u00e0 l'epicentre de la tercera edici\u00f3 d'una carrera que te r\u00e8cord d'inscripci\u00f3 amb les seves tres dist\u00e0ncies La tercera edici\u00f3 de la Trail del Nord s'ha presentat aquest dimecres lluint el cartell de r\u00e8cord de participaci\u00f3 superant \u00e0mpliament les 800 persones i rondant els 900. Gaireb\u00e9 un\u2026","rel":"","context":"In &quot;Trail del Nord&quot;","img":{"alt_text":"","src":"https:\/\/i0.wp.com\/illadelstrails.com\/wp-content\/uploads\/2023\/03\/2.jpeg?fit=1024%2C768&ssl=1&resize=350%2C200","width":350,"height":200},"classes":[]},{"id":5571,"url":"https:\/\/illadelstrails.com\/ca\/2024\/04\/09\/la-trail-del-nord-arranca-la-temporada-turistica-en-tirant-con-carreras-y-musica\/","url_meta":{"origin":5384,"position":1},"title":"La Trail del Nord inicia la temporada tur\u00edstica a Tirant amb curses i m\u00fasica","date":"9 April, 2024","format":false,"excerpt":"Aquest dissabte es disputaran les dist\u00e0ncies de 45KM, 24KM i 12KM, amb arribada al TRH Tirant Playa, i en acabar hi haur\u00e0 un concert de The Binigaus Band i una actuaci\u00f3 del DJ Juligan. La Trail del Nord tindr\u00e0, aquest dissabte, la responsabilitat d'obrir la temporada tur\u00edstica al TRH Tirant\u2026","rel":"","context":"In &quot;Trail del Nord&quot;","img":{"alt_text":"","src":"https:\/\/i0.wp.com\/illadelstrails.com\/wp-content\/uploads\/2024\/04\/Presentacio-Nord.jpeg?fit=1200%2C800&ssl=1&resize=350%2C200","width":350,"height":200},"classes":[]},{"id":4355,"url":"https:\/\/illadelstrails.com\/ca\/2022\/10\/17\/abrimos-las-inscripciones-de-la-trail-del-nord-2023-con-dos-dias-precios-reducidos\/","url_meta":{"origin":5384,"position":2},"title":"Obrim les inscripcions de la Trail del Nord 2023 amb dos dies de preus rebaixats","date":"17 October, 2022","format":false,"excerpt":"La Trail del Nord canvia totalment el 2023 amb nou recorregut pels 24KM i una arribada que ser\u00e1 al hotel TRH Tirant Playa amb una festa el proper 1 d'abril.\u00a0Tenim molts de motius per animar-te a que t'hi apuntis i visquis l'experi\u00e8ncia. El darrer motiu \u00e9s que avui obrim les\u2026","rel":"","context":"In &quot;General&quot;","img":{"alt_text":"","src":"https:\/\/i0.wp.com\/illadelstrails.com\/wp-content\/uploads\/2022\/10\/Preus_rebaixats_nord.jpg?fit=1200%2C1200&ssl=1&resize=350%2C200","width":350,"height":200},"classes":[]},{"id":4838,"url":"https:\/\/illadelstrails.com\/ca\/2023\/04\/01\/alles-y-martinez-firman-un-doblete-espectacular\/","url_meta":{"origin":5384,"position":3},"title":"All\u00e8s i Mart\u00ednez signen un doblet espectacular","date":"1 April, 2023","format":false,"excerpt":"Els dos corredors repeteixen la vict\u00f2ria de la\u00a0Trail\u00a0dels\u00a0Fars\u00a0en la\u00a0Trail\u00a0del\u00a0Nord\u00a0vencent en solitari. Huguet i Campins tamb\u00e9 repeteixen en els 12KM. La\u00a0Illa\u00a0dels\u00a0Trails\u00a02023 ja t\u00e9 els seus favorits ben definits. La\u00a0Trail\u00a0del\u00a0Nord\u00a0va servir aquest dissabte per a confirmar que Albert Mart\u00ednez i Mari\u00a0All\u00e8s\u00a0s\u00f3n, actualment, els corredors m\u00e9s en forma a l'Illa, en aconseguir les\u2026","rel":"","context":"In &quot;Trail del Nord&quot;","img":{"alt_text":"","src":"https:\/\/i0.wp.com\/illadelstrails.com\/wp-content\/uploads\/2023\/04\/45KM.jpeg?fit=1200%2C800&ssl=1&resize=350%2C200","width":350,"height":200},"classes":[]},{"id":2734,"url":"https:\/\/illadelstrails.com\/ca\/2021\/02\/08\/la-trail-del-nord-una-novedad-para-la-illa-dels-trails\/","url_meta":{"origin":5384,"position":4},"title":"La Trail del Nord, una novedad para la Illa dels Trails","date":"8 February, 2021","format":false,"excerpt":"La prueba se disputar\u00e1 el 14 de noviembre con las distancias de 48KM, 26KM y 14KM Los amantes de Trail Run tendr\u00e1n una nueva ocasi\u00f3n para disfrutar de su deporte en Menorca merced a la Trail del Nord, una prueba que contar\u00e1 con las distancias de 48KM, 26KM y 14KM\u2026","rel":"","context":"In &quot;Trail del Nord&quot;","img":{"alt_text":"","src":"https:\/\/i0.wp.com\/illadelstrails.com\/wp-content\/uploads\/2020\/12\/Trail-dels-fars-2020-211.jpg?fit=1200%2C800&ssl=1&resize=350%2C200","width":350,"height":200},"classes":[]},{"id":2582,"url":"https:\/\/illadelstrails.com\/ca\/2021\/01\/05\/la-trail-dels-barrancs-en-la-liga-illa-dels-trails\/","url_meta":{"origin":5384,"position":5},"title":"La Trail dels Barrancs, en la liga Illa dels Trails","date":"5 January, 2021","format":false,"excerpt":"La carrera, que se disputar\u00e1 el d\u00eda 28 de marzo, ser\u00e1 la segunda prueba de la liga Illa dels Trails El 28 de marzo Alaior acoger\u00e1 la segunda prueba de la liga Illa dels Trails, una competici\u00f3n que se estrena este 2021 y que premiar\u00e1 a los deportistas m\u00e1s regulares\u2026","rel":"","context":"In &quot;Trail dels Barrancs&quot;","img":{"alt_text":"","src":"https:\/\/i0.wp.com\/illadelstrails.com\/wp-content\/uploads\/2021\/01\/noticia_3.jpg?fit=1200%2C752&ssl=1&resize=350%2C200","width":350,"height":200},"classes":[]}],"_links":{"self":[{"href":"https:\/\/illadelstrails.com\/ca\/wp-json\/wp\/v2\/posts\/5384"}],"collection":[{"href":"https:\/\/illadelstrails.com\/ca\/wp-json\/wp\/v2\/posts"}],"about":[{"href":"https:\/\/illadelstrails.com\/ca\/wp-json\/wp\/v2\/types\/post"}],"author":[{"embeddable":true,"href":"https:\/\/illadelstrails.com\/ca\/wp-json\/wp\/v2\/users\/2"}],"replies":[{"embeddable":true,"href":"https:\/\/illadelstrails.com\/ca\/wp-json\/wp\/v2\/comments?post=5384"}],"version-history":[{"count":1,"href":"https:\/\/illadelstrails.com\/ca\/wp-json\/wp\/v2\/posts\/5384\/revisions"}],"predecessor-version":[{"id":5386,"href":"https:\/\/illadelstrails.com\/ca\/wp-json\/wp\/v2\/posts\/5384\/revisions\/5386"}],"wp:featuredmedia":[{"embeddable":true,"href":"https:\/\/illadelstrails.com\/ca\/wp-json\/wp\/v2\/media\/5385"}],"wp:attachment":[{"href":"https:\/\/illadelstrails.com\/ca\/wp-json\/wp\/v2\/media?parent=5384"}],"wp:term":[{"taxonomy":"category","embeddable":true,"href":"https:\/\/illadelstrails.com\/ca\/wp-json\/wp\/v2\/categories?post=5384"},{"taxonomy":"post_tag","embeddable":true,"href":"https:\/\/illadelstrails.com\/ca\/wp-json\/wp\/v2\/tags?post=5384"}],"curies":[{"name":"wp","href":"https:\/\/api.w.org\/{rel}","templated":true}]}}