{"id":4834,"date":"2023-03-29T14:50:31","date_gmt":"2023-03-29T12:50:31","guid":{"rendered":"https:\/\/illadelstrails.com\/?p=4834"},"modified":"2023-03-29T14:50:31","modified_gmt":"2023-03-29T12:50:31","slug":"tirant-area-de-trail-running-con-mas-de-800-participantes-en-la-trail-del-nord","status":"publish","type":"post","link":"https:\/\/illadelstrails.com\/ca\/2023\/03\/29\/tirant-area-de-trail-running-con-mas-de-800-participantes-en-la-trail-del-nord\/","title":{"rendered":"Tirant, \u00e0rea de trail running amb m\u00e9s de 800 participants en la Trail del Nord"},"content":{"rendered":"<h5><em>TRH Tirant Platja ser\u00e0 l&#8217;epicentre de la tercera edici\u00f3 d&#8217;una carrera que te r\u00e8cord d&#8217;inscripci\u00f3 amb les seves tres dist\u00e0ncies<\/em><\/h5>\n<p>La tercera edici\u00f3 de la Trail del Nord s&#8217;ha presentat aquest dimecres lluint el cartell de r\u00e8cord de participaci\u00f3 superant \u00e0mpliament les 800 persones i rondant els 900. Gaireb\u00e9 un miler de corredors ompliran Cala Tirant, epicentre de la segona prova de la lliga Illa dels Trails, que tindr\u00e0 la seva arribada en les magnifiques instal\u00b7lacions del TRH Tirant Platja, escenari tamb\u00e9 de la presentaci\u00f3 d&#8217;un esdeveniment que compta amb el patrocini de la Fundaci\u00f3 Foment del Turisme de Menorca i la Ag\u00e8ncia d\u2019Estrat\u00e8gia Tur\u00edstica del Govern dels Illes Balears i l&#8217;organitzaci\u00f3 de Elitechip i Biosport Menorca.<\/p>\n<p>El regidor d&#8217;Esports de l&#8217;Ajuntament des Mercadal, Javier Peri\u00e1\u00f1ez, ha estat l&#8217;encarregat d&#8217;obrir l&#8217;acte de presentaci\u00f3 acompanyat pel coorganitzador de la prova, Guiem Bosch, el director del TRH Tirant Platja, Luis Souto, i de Javier Sic\u00edlia, en representaci\u00f3 d&#8217;un dels patrocinadors, Bosch &amp; Lozano.<\/p>\n<p>La carrera arrencar\u00e0 el dissabte, a les 7.30 hores, a Cala\u00a0Morell\u00a0amb la sortida dels 45KM, mentre que a les 10 ho far\u00e0 la prova dels 24KM des del p\u00e0rquing de Cala Pilar i, a les 11, comen\u00e7ar\u00e0 la carrera de 12KM des de l&#8217;inici del cam\u00ed de la platja de\u00a0Binimetl\u00b7l\u00e0. Les tres conclouran en el\u00a0TRH\u00a0Tirant\u00a0Platja on, a m\u00e9s del lliurament de trofeus, es far\u00e0 la festa posterior a la carrera i oberta a tothom amb l&#8217;actuaci\u00f3 dels\u00a0Fandango\u00a0All\u00a0Stars.<\/p>\n<p>La carrera presenta com a novetat, a m\u00e9s de la nova ubicaci\u00f3 de la meta, l&#8217;estrena del tram del Cam\u00ed Reial del Nord, un cam\u00ed p\u00fablic que ha recuperat l&#8217;Ajuntament de Ferreries i pel qual passaran els participants dels 45KM i dels 24KM. Servir\u00e0, a m\u00e9s, com a presentaci\u00f3 ja que fins ara cap carrera havia passat per ell.<\/p>\n<p>La\u00a0Trail\u00a0del\u00a0Nord\u00a0\u00e9s la segona de les parades de la\u00a0Illa\u00a0del\u00a0Trails, despr\u00e9s de la disputada el mes de febrer passat amb la\u00a0Trail\u00a0dels\u00a0Fars, i compta amb una participaci\u00f3 r\u00e8cord que est\u00e0 prop dels 900 corredors. M\u00e9s de 300 participants s\u00f3n de fora de Menorca i es desplacen per aquest motiu a l&#8217;Illa, la qual cosa col\u00b7loca la\u00a0Trail\u00a0del\u00a0Nord\u00a0i la\u00a0Illa\u00a0dels\u00a0Trails\u00a0un element capdavanter en la desestacionalitzaci\u00f3 aix\u00ed com la mescla de turisme, esport i naturalesa.<\/p>\n","protected":false},"excerpt":{"rendered":"<p>TRH Tirant Platja ser\u00e0 l&#8217;epicentre de la tercera edici\u00f3 d&#8217;una carrera que te r\u00e8cord d&#8217;inscripci\u00f3 amb les seves tres dist\u00e0ncies La tercera edici\u00f3 de la Trail del Nord s&#8217;ha presentat aquest dimecres lluint el cartell de r\u00e8cord de participaci\u00f3 superant \u00e0mpliament les 800 persones i rondant els 900. Gaireb\u00e9 un miler de corredors ompliran Cala [&hellip;]<\/p>\n","protected":false},"author":2,"featured_media":4835,"comment_status":"open","ping_status":"open","sticky":false,"template":"","format":"standard","meta":{"spay_email":"","footnotes":""},"categories":[70],"tags":[75,72,71,81,74],"class_list":["post-4834","post","type-post","status-publish","format-standard","has-post-thumbnail","hentry","category-trail-del-nord","tag-cami-de-cavalls","tag-illa-dels-trails","tag-menorca","tag-trail-del-nord","tag-trail-run"],"acf":[],"jetpack_featured_media_url":"https:\/\/i0.wp.com\/illadelstrails.com\/wp-content\/uploads\/2023\/03\/2.jpeg?fit=1024%2C768&ssl=1","jetpack-related-posts":[{"id":5384,"url":"https:\/\/illadelstrails.com\/ca\/2023\/12\/11\/la-trail-del-nord-abre-sus-inscripciones-apostando-por-el-concierto-al-final-de-la-carrera\/","url_meta":{"origin":4834,"position":0},"title":"La Trail del Nord obre les seves inscripcions amb un concert al final de la cursa","date":"11 December, 2023","format":false,"excerpt":"El dissabte 13 d'abril tindr\u00e0 lloc la segona cita de la Lliga Illa dels Trails amb les seves tres propostes de 45 km, 24 km i 12 km La Trail del Nord se celebrar\u00e0 el 13 d'abril de 2024, tot i que oficialment comen\u00e7a aquest dimarts, 12 de desembre, a\u2026","rel":"","context":"In &quot;Trail del Nord&quot;","img":{"alt_text":"","src":"https:\/\/i0.wp.com\/illadelstrails.com\/wp-content\/uploads\/2023\/12\/Cartell_Trail_Nord_2024_INSTA.jpg?fit=1200%2C1200&ssl=1&resize=350%2C200","width":350,"height":200},"classes":[]},{"id":5571,"url":"https:\/\/illadelstrails.com\/ca\/2024\/04\/09\/la-trail-del-nord-arranca-la-temporada-turistica-en-tirant-con-carreras-y-musica\/","url_meta":{"origin":4834,"position":1},"title":"La Trail del Nord inicia la temporada tur\u00edstica a Tirant amb curses i m\u00fasica","date":"9 April, 2024","format":false,"excerpt":"Aquest dissabte es disputaran les dist\u00e0ncies de 45KM, 24KM i 12KM, amb arribada al TRH Tirant Playa, i en acabar hi haur\u00e0 un concert de The Binigaus Band i una actuaci\u00f3 del DJ Juligan. La Trail del Nord tindr\u00e0, aquest dissabte, la responsabilitat d'obrir la temporada tur\u00edstica al TRH Tirant\u2026","rel":"","context":"In &quot;Trail del Nord&quot;","img":{"alt_text":"","src":"https:\/\/i0.wp.com\/illadelstrails.com\/wp-content\/uploads\/2024\/04\/Presentacio-Nord.jpeg?fit=1200%2C800&ssl=1&resize=350%2C200","width":350,"height":200},"classes":[]},{"id":4355,"url":"https:\/\/illadelstrails.com\/ca\/2022\/10\/17\/abrimos-las-inscripciones-de-la-trail-del-nord-2023-con-dos-dias-precios-reducidos\/","url_meta":{"origin":4834,"position":2},"title":"Obrim les inscripcions de la Trail del Nord 2023 amb dos dies de preus rebaixats","date":"17 October, 2022","format":false,"excerpt":"La Trail del Nord canvia totalment el 2023 amb nou recorregut pels 24KM i una arribada que ser\u00e1 al hotel TRH Tirant Playa amb una festa el proper 1 d'abril.\u00a0Tenim molts de motius per animar-te a que t'hi apuntis i visquis l'experi\u00e8ncia. El darrer motiu \u00e9s que avui obrim les\u2026","rel":"","context":"In &quot;General&quot;","img":{"alt_text":"","src":"https:\/\/i0.wp.com\/illadelstrails.com\/wp-content\/uploads\/2022\/10\/Preus_rebaixats_nord.jpg?fit=1200%2C1200&ssl=1&resize=350%2C200","width":350,"height":200},"classes":[]},{"id":4838,"url":"https:\/\/illadelstrails.com\/ca\/2023\/04\/01\/alles-y-martinez-firman-un-doblete-espectacular\/","url_meta":{"origin":4834,"position":3},"title":"All\u00e8s i Mart\u00ednez signen un doblet espectacular","date":"1 April, 2023","format":false,"excerpt":"Els dos corredors repeteixen la vict\u00f2ria de la\u00a0Trail\u00a0dels\u00a0Fars\u00a0en la\u00a0Trail\u00a0del\u00a0Nord\u00a0vencent en solitari. Huguet i Campins tamb\u00e9 repeteixen en els 12KM. La\u00a0Illa\u00a0dels\u00a0Trails\u00a02023 ja t\u00e9 els seus favorits ben definits. La\u00a0Trail\u00a0del\u00a0Nord\u00a0va servir aquest dissabte per a confirmar que Albert Mart\u00ednez i Mari\u00a0All\u00e8s\u00a0s\u00f3n, actualment, els corredors m\u00e9s en forma a l'Illa, en aconseguir les\u2026","rel":"","context":"In &quot;Trail del Nord&quot;","img":{"alt_text":"","src":"https:\/\/i0.wp.com\/illadelstrails.com\/wp-content\/uploads\/2023\/04\/45KM.jpeg?fit=1200%2C800&ssl=1&resize=350%2C200","width":350,"height":200},"classes":[]},{"id":2734,"url":"https:\/\/illadelstrails.com\/ca\/2021\/02\/08\/la-trail-del-nord-una-novedad-para-la-illa-dels-trails\/","url_meta":{"origin":4834,"position":4},"title":"La Trail del Nord, una novedad para la Illa dels Trails","date":"8 February, 2021","format":false,"excerpt":"La prueba se disputar\u00e1 el 14 de noviembre con las distancias de 48KM, 26KM y 14KM Los amantes de Trail Run tendr\u00e1n una nueva ocasi\u00f3n para disfrutar de su deporte en Menorca merced a la Trail del Nord, una prueba que contar\u00e1 con las distancias de 48KM, 26KM y 14KM\u2026","rel":"","context":"In &quot;Trail del Nord&quot;","img":{"alt_text":"","src":"https:\/\/i0.wp.com\/illadelstrails.com\/wp-content\/uploads\/2020\/12\/Trail-dels-fars-2020-211.jpg?fit=1200%2C800&ssl=1&resize=350%2C200","width":350,"height":200},"classes":[]},{"id":3283,"url":"https:\/\/illadelstrails.com\/ca\/2021\/07\/21\/hotel-jeni-de-es-mercadal-alojamiento-oficial\/","url_meta":{"origin":4834,"position":5},"title":"Hotel Jeni de Es Mercadal, alojamiento oficial","date":"21 July, 2021","format":false,"excerpt":"Estamos muy contentos de anunciar que el Hotel Jeni ubicado en Es Mercadal, ser\u00e1 el alojamiento oficial para la Trail del Nord que se celebrar\u00e1 el 14 de noviembre en Menorca. La Trail del Nord es una de las pruebas nuevas de este proyecto Illa dels Trails que cuenta con\u2026","rel":"","context":"In &quot;Trail del Nord&quot;","img":{"alt_text":"","src":"https:\/\/i0.wp.com\/illadelstrails.com\/wp-content\/uploads\/2021\/07\/Hotel-Nord.jpg?fit=1200%2C1200&ssl=1&resize=350%2C200","width":350,"height":200},"classes":[]}],"_links":{"self":[{"href":"https:\/\/illadelstrails.com\/ca\/wp-json\/wp\/v2\/posts\/4834"}],"collection":[{"href":"https:\/\/illadelstrails.com\/ca\/wp-json\/wp\/v2\/posts"}],"about":[{"href":"https:\/\/illadelstrails.com\/ca\/wp-json\/wp\/v2\/types\/post"}],"author":[{"embeddable":true,"href":"https:\/\/illadelstrails.com\/ca\/wp-json\/wp\/v2\/users\/2"}],"replies":[{"embeddable":true,"href":"https:\/\/illadelstrails.com\/ca\/wp-json\/wp\/v2\/comments?post=4834"}],"version-history":[{"count":1,"href":"https:\/\/illadelstrails.com\/ca\/wp-json\/wp\/v2\/posts\/4834\/revisions"}],"predecessor-version":[{"id":4836,"href":"https:\/\/illadelstrails.com\/ca\/wp-json\/wp\/v2\/posts\/4834\/revisions\/4836"}],"wp:featuredmedia":[{"embeddable":true,"href":"https:\/\/illadelstrails.com\/ca\/wp-json\/wp\/v2\/media\/4835"}],"wp:attachment":[{"href":"https:\/\/illadelstrails.com\/ca\/wp-json\/wp\/v2\/media?parent=4834"}],"wp:term":[{"taxonomy":"category","embeddable":true,"href":"https:\/\/illadelstrails.com\/ca\/wp-json\/wp\/v2\/categories?post=4834"},{"taxonomy":"post_tag","embeddable":true,"href":"https:\/\/illadelstrails.com\/ca\/wp-json\/wp\/v2\/tags?post=4834"}],"curies":[{"name":"wp","href":"https:\/\/api.w.org\/{rel}","templated":true}]}}