{"id":4703,"date":"2023-02-08T15:43:20","date_gmt":"2023-02-08T13:43:20","guid":{"rendered":"https:\/\/illadelstrails.com\/?p=4703"},"modified":"2023-02-08T15:43:20","modified_gmt":"2023-02-08T13:43:20","slug":"la-trail-dels-fars-nocturna-abre-sus-inscripciones-y-regresa-a-menorca-el-16-de-septiembre","status":"publish","type":"post","link":"https:\/\/illadelstrails.com\/ca\/2023\/02\/08\/la-trail-dels-fars-nocturna-abre-sus-inscripciones-y-regresa-a-menorca-el-16-de-septiembre\/","title":{"rendered":"La Trail dels Fars Nocturna obre les seves inscripcions i torna a Menorca el 16 de setembre"},"content":{"rendered":"<h5><em>La carrera, que ser\u00e0 la tercera cita de la lliga Illa dels Trails, comptar\u00e0 amb les dist\u00e0ncies de 23KM i de 13KM entre el far de Favaritx i la Base Militar de San Isidro<\/em><\/h5>\n<p>La tercera parada de la lliga Illa dels Trails que es disputa a Menorca tindr\u00e0 la seva tercera parada en la Trail dels Fars Nocturna que se celebrar\u00e0 el 16 de setembre amb dues dist\u00e0ncies, 23KM i 13KM. Les inscripcions ja estan obertes i l&#8217;esdeveniment compta amb el patrocini de la Fundaci\u00f3 Foment del Turisme de Menorca, de l&#8217;Ag\u00e8ncia d&#8217;Estrat\u00e8gia Tur\u00edstica de les Illes Balears i del Pla de Recuperaci\u00f3, Transformaci\u00f3 i Resili\u00e8ncia i ofereix dos recorreguts seguint el Cam\u00ed de Cavalls amb la peculiaritat de fer-ho de nit i en un dels trams m\u00e9s naturals i especials de tot el cam\u00ed.<\/p>\n<p>La carrera de 23KM t\u00e9 la sortida en l&#8217;impressionant far de Fav\u00e0ritx coincidint amb la posta de sol, mentre que els 13KM ho fan des de la localitat costanera de Es Grau. Les dues acaben en la Base Militar de Sant Isidre, un espai que obre les seves portes per a acollir la festa post carrera, en la qual no faltar\u00e0 ni el menjar, ni la beguda ni m\u00fasica en viu c\u00e0rrec d&#8217;un DJ.<\/p>\n<p>La Trail dels Fars Nocturna \u00e9s la tercera parada de la tercera edici\u00f3 de la lliga Illa dels Trails, que va arrencar el 5 de febrer amb la Trail dels Fars i es prolongar\u00e0 amb la segona etapa en la Trail del Nord, del pr\u00f2xim 1 d&#8217;abril i que tanca les seves inscripcions el 15 de febrer. L&#8217;\u00faltima carrera ser\u00e0 la October Trail que es disputar\u00e0 el 21 d&#8217;octubre amb les seves dist\u00e0ncies de 32KM, 19KM i 11KM.<\/p>\n","protected":false},"excerpt":{"rendered":"<p>La carrera, que ser\u00e0 la tercera cita de la lliga Illa dels Trails, comptar\u00e0 amb les dist\u00e0ncies de 23KM i de 13KM entre el far de Favaritx i la Base Militar de San Isidro La tercera parada de la lliga Illa dels Trails que es disputa a Menorca tindr\u00e0 la seva tercera parada en la [&hellip;]<\/p>\n","protected":false},"author":2,"featured_media":4704,"comment_status":"open","ping_status":"open","sticky":false,"template":"","format":"standard","meta":{"spay_email":"","footnotes":""},"categories":[68],"tags":[75,72,71,89,74],"class_list":["post-4703","post","type-post","status-publish","format-standard","has-post-thumbnail","hentry","category-trail-nocturna","tag-cami-de-cavalls","tag-illa-dels-trails","tag-menorca","tag-trail-dels-fars-nocturna","tag-trail-run"],"acf":[],"jetpack_featured_media_url":"https:\/\/i0.wp.com\/illadelstrails.com\/wp-content\/uploads\/2023\/02\/TrailNocturna2022-098-scaled.jpg?fit=2560%2C1707&ssl=1","jetpack-related-posts":[{"id":5738,"url":"https:\/\/illadelstrails.com\/ca\/2024\/09\/30\/la-trail-dels-fars-nocturna-lista-para-el-fin-de-semana\/","url_meta":{"origin":4703,"position":0},"title":"La Trail dels Fars Nocturna, a punt per al cap de setmana","date":"30 September, 2024","format":false,"excerpt":"La tercera cursa de la lliga Illa dels Trails comptar\u00e0 amb prop de 400 participants repartits entre les seves dues dist\u00e0ncies de 13 i 23 quil\u00f2metres. La tercera cita de la lliga Illa dels Trails ja \u00e9s aqu\u00ed. La Trail dels Fars Nocturna, que enguany s'ha retardat en el calendari\u2026","rel":"","context":"In &quot;Trail Nocturna&quot;","img":{"alt_text":"","src":"https:\/\/i0.wp.com\/illadelstrails.com\/wp-content\/uploads\/2024\/09\/IMG_8791.jpg?fit=1200%2C900&ssl=1&resize=350%2C200","width":350,"height":200},"classes":[]},{"id":5015,"url":"https:\/\/illadelstrails.com\/ca\/2023\/09\/13\/la-trail-dels-fars-supera-los-400-participantes-para-su-cuarta-edicion\/","url_meta":{"origin":4703,"position":1},"title":"La Trail dels Fars supera els 400 participants en la seva quarta edici\u00f3","date":"13 September, 2023","format":false,"excerpt":"La cursa, que ser\u00e0 la tercera cita de la lliga Illa dels Trails, comptar\u00e0 amb les dist\u00e0ncies de 23KM i 13KM entre el far de Favaritx i la Base Militar de San Isidro La quarta edici\u00f3 de la Trail dels Fars Nocturna s'ha presentat aquest dimecres al Biosport Mar\u00edtim amb\u2026","rel":"","context":"In &quot;Trail Nocturna&quot;","img":{"alt_text":"","src":"https:\/\/i0.wp.com\/illadelstrails.com\/wp-content\/uploads\/2023\/09\/Presentacio\u0301.jpeg?fit=1024%2C768&ssl=1&resize=350%2C200","width":350,"height":200},"classes":[]},{"id":2582,"url":"https:\/\/illadelstrails.com\/ca\/2021\/01\/05\/la-trail-dels-barrancs-en-la-liga-illa-dels-trails\/","url_meta":{"origin":4703,"position":2},"title":"La Trail dels Barrancs, en la liga Illa dels Trails","date":"5 January, 2021","format":false,"excerpt":"La carrera, que se disputar\u00e1 el d\u00eda 28 de marzo, ser\u00e1 la segunda prueba de la liga Illa dels Trails El 28 de marzo Alaior acoger\u00e1 la segunda prueba de la liga Illa dels Trails, una competici\u00f3n que se estrena este 2021 y que premiar\u00e1 a los deportistas m\u00e1s regulares\u2026","rel":"","context":"In &quot;Trail dels Barrancs&quot;","img":{"alt_text":"","src":"https:\/\/i0.wp.com\/illadelstrails.com\/wp-content\/uploads\/2021\/01\/noticia_3.jpg?fit=1200%2C752&ssl=1&resize=350%2C200","width":350,"height":200},"classes":[]},{"id":4305,"url":"https:\/\/illadelstrails.com\/ca\/2022\/09\/14\/la-trail-dels-fars-nocturna-de-record\/","url_meta":{"origin":4703,"position":3},"title":"La Trail dels Fars Nocturna, de r\u00e8cord","date":"14 September, 2022","format":false,"excerpt":"La quarta prova de la lliga\u00a0Illa\u00a0dels\u00a0Trails\u00a0es disputa aquest dissabte amb m\u00e9s de 425 participants entre les dues dist\u00e0ncies amb arribada a la Base Militar de San Isidro La segona edici\u00f3 de la Lliga\u00a0Illa\u00a0dels\u00a0Trails\u00a0arriba a la seva quarta estaci\u00f3, la\u00a0Trail\u00a0dels\u00a0Fars\u00a0Nocturna, amb un \u2018sold\u00a0out\u2019 en inscripcions i amb m\u00e9s de 425 esportistes\u2026","rel":"","context":"In &quot;Trail Nocturna&quot;","img":{"alt_text":"","src":"https:\/\/i0.wp.com\/illadelstrails.com\/wp-content\/uploads\/2022\/09\/1-scaled.jpg?fit=1200%2C800&ssl=1&resize=350%2C200","width":350,"height":200},"classes":[]},{"id":2810,"url":"https:\/\/illadelstrails.com\/ca\/2021\/03\/12\/la-marca-sport-hg-se-incorpora-a-lilla-dels-trails\/","url_meta":{"origin":4703,"position":4},"title":"La marca Sport HG se incorpora a l\u2019Illa dels Trails","date":"12 March, 2021","format":false,"excerpt":"La marca internacional de ropa t\u00e9cnica deportiva ser\u00e1 uno de los principales patrocinadores del circuito de pruebas que tendr\u00e1 lugar en Menorca a lo largo de 2021 El proyecto Illa dels Trails sigue creciendo de cara a un 2021 cargado de ilusi\u00f3n. La prestigiosa marca internacional de ropa t\u00e9cnica deportiva,\u2026","rel":"","context":"In &quot;October Trail&quot;","img":{"alt_text":"","src":"https:\/\/i0.wp.com\/illadelstrails.com\/wp-content\/uploads\/2021\/03\/CarlosLl\u00a9-1381-scaled.jpg?fit=1200%2C800&ssl=1&resize=350%2C200","width":350,"height":200},"classes":[]},{"id":3321,"url":"https:\/\/illadelstrails.com\/ca\/2021\/09\/22\/mes-de-500-estrelles-per-a-la-trail-dels-fars-nocturna\/","url_meta":{"origin":4703,"position":5},"title":"M\u00e9s de 500 estrelles per a la Trail dels Fars Nocturna","date":"22 September, 2021","format":false,"excerpt":"M\u00e9s de mig millar de corredors participaran en la segona edici\u00f3 d'una carrera que ofereix les dist\u00e0ncies de 21KM i 13KM i que acaba a la base de San Isidro La segona edici\u00f3 de la Trail del Fars Nocturna omplir\u00e0 aquest dissabte d'estrelles, m\u00e9s si cap, el tram de Cam\u00ed\u2026","rel":"","context":"In &quot;Trail Nocturna&quot;","img":{"alt_text":"","src":"https:\/\/i0.wp.com\/illadelstrails.com\/wp-content\/uploads\/2021\/09\/3.jpeg?fit=1024%2C768&ssl=1&resize=350%2C200","width":350,"height":200},"classes":[]}],"_links":{"self":[{"href":"https:\/\/illadelstrails.com\/ca\/wp-json\/wp\/v2\/posts\/4703"}],"collection":[{"href":"https:\/\/illadelstrails.com\/ca\/wp-json\/wp\/v2\/posts"}],"about":[{"href":"https:\/\/illadelstrails.com\/ca\/wp-json\/wp\/v2\/types\/post"}],"author":[{"embeddable":true,"href":"https:\/\/illadelstrails.com\/ca\/wp-json\/wp\/v2\/users\/2"}],"replies":[{"embeddable":true,"href":"https:\/\/illadelstrails.com\/ca\/wp-json\/wp\/v2\/comments?post=4703"}],"version-history":[{"count":1,"href":"https:\/\/illadelstrails.com\/ca\/wp-json\/wp\/v2\/posts\/4703\/revisions"}],"predecessor-version":[{"id":4705,"href":"https:\/\/illadelstrails.com\/ca\/wp-json\/wp\/v2\/posts\/4703\/revisions\/4705"}],"wp:featuredmedia":[{"embeddable":true,"href":"https:\/\/illadelstrails.com\/ca\/wp-json\/wp\/v2\/media\/4704"}],"wp:attachment":[{"href":"https:\/\/illadelstrails.com\/ca\/wp-json\/wp\/v2\/media?parent=4703"}],"wp:term":[{"taxonomy":"category","embeddable":true,"href":"https:\/\/illadelstrails.com\/ca\/wp-json\/wp\/v2\/categories?post=4703"},{"taxonomy":"post_tag","embeddable":true,"href":"https:\/\/illadelstrails.com\/ca\/wp-json\/wp\/v2\/tags?post=4703"}],"curies":[{"name":"wp","href":"https:\/\/api.w.org\/{rel}","templated":true}]}}