{"id":4691,"date":"2023-02-03T16:04:46","date_gmt":"2023-02-03T14:04:46","guid":{"rendered":"https:\/\/illadelstrails.com\/?p=4691"},"modified":"2023-02-03T16:04:46","modified_gmt":"2023-02-03T14:04:46","slug":"la-trail-dels-fars-acoge-750-participantes-para-su-decima-edicion","status":"publish","type":"post","link":"https:\/\/illadelstrails.com\/ca\/2023\/02\/03\/la-trail-dels-fars-acoge-750-participantes-para-su-decima-edicion\/","title":{"rendered":"La Trail dels Fars acull 750 participants per a la seva desena edici\u00f3"},"content":{"rendered":"<p><em>La primera prova de l&#8217;edici\u00f3 de 2023 de la lliga\u00a0Illa\u00a0dels\u00a0Trails\u00a0compta amb tres dist\u00e0ncies que es disputaran \u00edntegrament el diumenge<\/em><\/p>\n<p>La\u00a0Illa\u00a0dels\u00a0Trails\u00a0obre la seva tercera edici\u00f3 aquest diumenge amb la disputa de la desena edici\u00f3 de la\u00a0Trail\u00a0dels\u00a0Fars. La carrera, que s&#8217;ha presentat aquest divendres en el renovat sal\u00f3 g\u00f2tic de l&#8217;Ajuntament de Ciutadella, reunir\u00e0 m\u00e9s de 750 participants repartits en les seves tres dist\u00e0ncies de 46KM, 21KM i 12KM amb arribada compartida en la Piscina Municipal de Ciutadella. Ser\u00e0 el primer pas de la lliga que aquest 2023 comptar\u00e0 amb tres proves m\u00e9s,\u00a0Trail\u00a0del\u00a0Nord\u00a0l&#8217;1 d&#8217;abril,\u00a0Trail\u00a0dels\u00a0Fars\u00a0Nocturna el 16 de setembre i la\u00a0October\u00a0Trail\u00a0del 21 d&#8217;octubre. L&#8217;esdeveniment compta amb el patrocini de la Fundaci\u00f3 Foment del Turisme de Menorca, de l&#8217;Ag\u00e8ncia d&#8217;Estrat\u00e8gia Tur\u00edstica de les Illes\u00a0Balears\u00a0i del Pla de Recuperaci\u00f3, Transformaci\u00f3 i Resili\u00e8ncia.<\/p>\n<p>L&#8217;alcaldessa de Ciutadella, Joana\u00a0Gomila, ha presidit la presentaci\u00f3 d&#8217;una\u00a0Trail\u00a0dels\u00a0Fars\u00a0especial que arriba a la seva desena edici\u00f3 consolidada com una de les propostes m\u00e9s importants i concorregudes del calendari d&#8217;esdeveniments esportius d&#8217;inici d&#8217;any a Balears. A m\u00e9s, m\u00e9s de la meitat dels 750 participants provenen de fora de Menorca, col\u00b7locant-se com un esdeveniment\u00a0desestacionalizador\u00a0i que potencia la marca de Menorca\u00a0Esportiva\u00a0durant els 365 dies de l&#8217;any. Al costat de\u00a0Gomila\u00a0han participat en l&#8217;acte la regidora d&#8217;Esports de l&#8217;Ajuntament de Ciutadella, Sandra Moll, la gerent de la\u00a0Fundaci\u00f3\u00a0Foment\u00a0del\u00a0Turisme\u00a0de Menorca, Elena Costa, i els organitzadors\u00a0Guiem\u00a0Bosch i Toni\u00a0Cap\u00f3.<\/p>\n<p>L&#8217;esdeveniment arrencar\u00e0 aquest dissabte amb el lliurament dels \u00faltims dorsals en el\u00a0Poliesportiu\u00a0Municipal de Ciutadella de les 16.30 a les 20 hores. El diumenge tindr\u00e0 lloc la carrera amb les tres sortides previstes per a les 8.00 en el cas dels 46KM que arrencaran al Faro de\u00a0Cavalleria, a les 10.30 per als 21KM que comen\u00e7aran en La Vall i a les 12, quan es doni el tret de sortida dels 12KM en el\u00a0Cam\u00ed\u00a0de Son\u00a0Morell. La meta s&#8217;instal\u00b7lar\u00e0 al carrer de la Piscina Municipal de Ciutadella.<\/p>\n<p>La prova, que des de fa anys est\u00e0 realitzant una evoluci\u00f3 amb elements que minimitzin l&#8217;impacte de l&#8217;esdeveniment en el mitj\u00e0, continua apostant per l&#8217;\u00fas de vehicles el\u00e8ctrics, la reducci\u00f3 de l&#8217;\u00fas del pl\u00e0stics d&#8217;un sol dia, incrementant les accions lligades a la gesti\u00f3 dels residus, i fent la prova m\u00e9s inclusiva a partir de l&#8217;adaptaci\u00f3 d&#8217;alguns trams per a persones amb mobilitat redu\u00efda, obrint-los la possibilitat de participar i gaudir de la carrera.<\/p>\n","protected":false},"excerpt":{"rendered":"<p>La primera prova de l&#8217;edici\u00f3 de 2023 de la lliga\u00a0Illa\u00a0dels\u00a0Trails\u00a0compta amb tres dist\u00e0ncies que es disputaran \u00edntegrament el diumenge La\u00a0Illa\u00a0dels\u00a0Trails\u00a0obre la seva tercera edici\u00f3 aquest diumenge amb la disputa de la desena edici\u00f3 de la\u00a0Trail\u00a0dels\u00a0Fars. La carrera, que s&#8217;ha presentat aquest divendres en el renovat sal\u00f3 g\u00f2tic de l&#8217;Ajuntament de Ciutadella, reunir\u00e0 m\u00e9s de 750 [&hellip;]<\/p>\n","protected":false},"author":2,"featured_media":4692,"comment_status":"open","ping_status":"open","sticky":false,"template":"","format":"standard","meta":{"spay_email":"","footnotes":""},"categories":[61],"tags":[75,72,71,77,74],"class_list":["post-4691","post","type-post","status-publish","format-standard","has-post-thumbnail","hentry","category-trail-dels-fars","tag-cami-de-cavalls","tag-illa-dels-trails","tag-menorca","tag-trail-dels-fars","tag-trail-run"],"acf":[],"jetpack_featured_media_url":"https:\/\/i0.wp.com\/illadelstrails.com\/wp-content\/uploads\/2023\/02\/1.jpeg?fit=1600%2C1200&ssl=1","jetpack-related-posts":[{"id":5392,"url":"https:\/\/illadelstrails.com\/ca\/2024\/02\/04\/la-trail-dels-fars-llega-a-su-11a-edicion-con-un-30-por-ciento-de-participantes-de-fuera-de-la-isla\/","url_meta":{"origin":4691,"position":0},"title":"La Trail dels Fars arriba a la seva 11a edici\u00f3 amb un 30 per cent de participants de fora de l&#8217;illa","date":"4 February, 2024","format":false,"excerpt":"La primera cursa de la lliga Illa dels Trails 2024 tindr\u00e0 lloc aquest diumenge amb uns 700 inscrits entre les dist\u00e0ncies de 46KM, 21KM i 12KM. La lliga Illa dels Trails 2024 aixeca el tel\u00f3 aquest diumenge amb la disputa de la que \u00e9s, a m\u00e9s, la 11a edici\u00f3 de\u2026","rel":"","context":"In &quot;Trail dels Fars&quot;","img":{"alt_text":"","src":"https:\/\/i0.wp.com\/illadelstrails.com\/wp-content\/uploads\/2024\/02\/Presentacio.jpeg?fit=1200%2C900&ssl=1&resize=350%2C200","width":350,"height":200},"classes":[]},{"id":3904,"url":"https:\/\/illadelstrails.com\/ca\/2022\/02\/03\/la-segunda-edicion-de-la-lliga-illa-dels-trails-se-abre-con-mas-de-700-inscritos-en-la-trail-dels-fars\/","url_meta":{"origin":4691,"position":1},"title":"La segona edici\u00f3 de la lliga Illa dels Trails s\u2019obra amb m\u00e9s de 700 inscrits a la Trail dels Fars","date":"3 February, 2022","format":false,"excerpt":"Ciutadella acull aquest diumenge l\u2019apertura de la competici\u00f3 de 5 curses de trail, amb una prova amb les dist\u00e0ncies de 46KM, 21KM i 12KM La segona edici\u00f3 de la lliga Illa dels Trails obrir\u00e0 el seu recorregut aquest diumenge, 6 de febrer, amb la Trail dels Fars. Amb m\u00e9s de\u2026","rel":"","context":"In &quot;Trail dels Fars&quot;","img":{"alt_text":"","src":"https:\/\/i0.wp.com\/illadelstrails.com\/wp-content\/uploads\/2022\/02\/1.jpeg?fit=1200%2C900&ssl=1&resize=350%2C200","width":350,"height":200},"classes":[]},{"id":4703,"url":"https:\/\/illadelstrails.com\/ca\/2023\/02\/08\/la-trail-dels-fars-nocturna-abre-sus-inscripciones-y-regresa-a-menorca-el-16-de-septiembre\/","url_meta":{"origin":4691,"position":2},"title":"La Trail dels Fars Nocturna obre les seves inscripcions i torna a Menorca el 16 de setembre","date":"8 February, 2023","format":false,"excerpt":"La carrera, que ser\u00e0 la tercera cita de la lliga Illa dels Trails, comptar\u00e0 amb les dist\u00e0ncies de 23KM i de 13KM entre el far de Favaritx i la Base Militar de San Isidro La tercera parada de la lliga Illa dels Trails que es disputa a Menorca tindr\u00e0 la\u2026","rel":"","context":"In &quot;Trail Nocturna&quot;","img":{"alt_text":"","src":"https:\/\/i0.wp.com\/illadelstrails.com\/wp-content\/uploads\/2023\/02\/TrailNocturna2022-098-scaled.jpg?fit=1200%2C800&ssl=1&resize=350%2C200","width":350,"height":200},"classes":[]},{"id":2582,"url":"https:\/\/illadelstrails.com\/ca\/2021\/01\/05\/la-trail-dels-barrancs-en-la-liga-illa-dels-trails\/","url_meta":{"origin":4691,"position":3},"title":"La Trail dels Barrancs, en la liga Illa dels Trails","date":"5 January, 2021","format":false,"excerpt":"La carrera, que se disputar\u00e1 el d\u00eda 28 de marzo, ser\u00e1 la segunda prueba de la liga Illa dels Trails El 28 de marzo Alaior acoger\u00e1 la segunda prueba de la liga Illa dels Trails, una competici\u00f3n que se estrena este 2021 y que premiar\u00e1 a los deportistas m\u00e1s regulares\u2026","rel":"","context":"In &quot;Trail dels Barrancs&quot;","img":{"alt_text":"","src":"https:\/\/i0.wp.com\/illadelstrails.com\/wp-content\/uploads\/2021\/01\/noticia_3.jpg?fit=1200%2C752&ssl=1&resize=350%2C200","width":350,"height":200},"classes":[]},{"id":2981,"url":"https:\/\/illadelstrails.com\/ca\/2021\/04\/20\/la-trail-dels-fars-mas-especial-a-punto\/","url_meta":{"origin":4691,"position":4},"title":"La Trail dels Fars m\u00e1s especial, a punto","date":"20 April, 2021","format":false,"excerpt":"La prueba, que forma parte de la lliga Illa dels Trails, se disputar\u00e1 el s\u00e1bado y el domingo con un total de cinco carreras con los 46 kil\u00f3metros como campeonato de Baleares La octava edici\u00f3n de la Trail dels Fars vivir\u00e1 este fin de semana su edici\u00f3n m\u00e1s diferente, ya\u2026","rel":"","context":"In &quot;Trail dels Fars&quot;","img":{"alt_text":"","src":"https:\/\/i0.wp.com\/illadelstrails.com\/wp-content\/uploads\/2021\/04\/IMG_9448.jpg?fit=1200%2C900&ssl=1&resize=350%2C200","width":350,"height":200},"classes":[]},{"id":2648,"url":"https:\/\/illadelstrails.com\/ca\/2021\/01\/19\/la-covid19-obliga-a-pasar-la-trail-dels-fars-al-mes-de-abril\/","url_meta":{"origin":4691,"position":5},"title":"La COVID19 obliga a pasar la Trail dels Fars al mes de abril","date":"19 January, 2021","format":false,"excerpt":"La entrada de Menorca en Fase 4 como m\u00ednimo hasta d\u00eda 30 dificulta la concesi\u00f3n de los permisos necesarios para que se dispute la prueba La Trail dels Fars 2021 se disputar\u00e1 los d\u00edas 24 y 25 de abril. La actual situaci\u00f3n que atraviesa Menorca derivada por la COVID19 dificulta\u2026","rel":"","context":"In &quot;Trail dels Fars&quot;","img":{"alt_text":"","src":"https:\/\/i0.wp.com\/illadelstrails.com\/wp-content\/uploads\/2021\/01\/cartell_trail_fars_2021_posposat_INSTA.jpg?fit=1200%2C1200&ssl=1&resize=350%2C200","width":350,"height":200},"classes":[]}],"_links":{"self":[{"href":"https:\/\/illadelstrails.com\/ca\/wp-json\/wp\/v2\/posts\/4691"}],"collection":[{"href":"https:\/\/illadelstrails.com\/ca\/wp-json\/wp\/v2\/posts"}],"about":[{"href":"https:\/\/illadelstrails.com\/ca\/wp-json\/wp\/v2\/types\/post"}],"author":[{"embeddable":true,"href":"https:\/\/illadelstrails.com\/ca\/wp-json\/wp\/v2\/users\/2"}],"replies":[{"embeddable":true,"href":"https:\/\/illadelstrails.com\/ca\/wp-json\/wp\/v2\/comments?post=4691"}],"version-history":[{"count":1,"href":"https:\/\/illadelstrails.com\/ca\/wp-json\/wp\/v2\/posts\/4691\/revisions"}],"predecessor-version":[{"id":4693,"href":"https:\/\/illadelstrails.com\/ca\/wp-json\/wp\/v2\/posts\/4691\/revisions\/4693"}],"wp:featuredmedia":[{"embeddable":true,"href":"https:\/\/illadelstrails.com\/ca\/wp-json\/wp\/v2\/media\/4692"}],"wp:attachment":[{"href":"https:\/\/illadelstrails.com\/ca\/wp-json\/wp\/v2\/media?parent=4691"}],"wp:term":[{"taxonomy":"category","embeddable":true,"href":"https:\/\/illadelstrails.com\/ca\/wp-json\/wp\/v2\/categories?post=4691"},{"taxonomy":"post_tag","embeddable":true,"href":"https:\/\/illadelstrails.com\/ca\/wp-json\/wp\/v2\/tags?post=4691"}],"curies":[{"name":"wp","href":"https:\/\/api.w.org\/{rel}","templated":true}]}}