{"id":4355,"date":"2022-10-17T11:31:07","date_gmt":"2022-10-17T09:31:07","guid":{"rendered":"https:\/\/illadelstrails.com\/?p=4355"},"modified":"2022-10-17T11:54:15","modified_gmt":"2022-10-17T09:54:15","slug":"abrimos-las-inscripciones-de-la-trail-del-nord-2023-con-dos-dias-precios-reducidos","status":"publish","type":"post","link":"https:\/\/illadelstrails.com\/ca\/2022\/10\/17\/abrimos-las-inscripciones-de-la-trail-del-nord-2023-con-dos-dias-precios-reducidos\/","title":{"rendered":"Obrim les inscripcions de la Trail del Nord 2023 amb dos dies de preus rebaixats"},"content":{"rendered":"<p>La Trail del Nord canvia totalment el 2023 amb nou recorregut pels 24KM i una arribada que ser\u00e1 al hotel TRH Tirant Playa amb una festa el proper 1 d&#8217;abril.\u00a0Tenim molts de motius per animar-te a que t&#8217;hi apuntis i visquis l&#8217;experi\u00e8ncia. El darrer motiu \u00e9s que <strong>avui obrim les inscripcions amb dos dies de preus rebaixats, fins dimecres a les 23.59!<\/strong><\/p>\n<p>La Trail del Nord compta\u00a0amb la <strong>proposta dels 45KM, els 24KM i dels 12KM amb tres recorreguts molt especials que comen\u00e7aran a Cala Morell, al parking de Cala Pilar\u00a0i al creuament del Cam\u00ed de Tramuntana amb el Cam\u00ed a Binimetl\u00b7l\u00e0\u00a0i acabaran a l&#8217;hotel TRH Tirant Playa<\/strong>. T&#8217;animes? Aprofita les 48 hores de preus rebaixats!<\/p>\n<p>L&#8217;hotel ofereix apartaments amb preus especials pels dies de la cursa que us permetran tamb\u00e9 gaudir de la festa que farem al acabar la cursa. Tens ganes de tardeo?\ud83d\ude0b <a href=\"https:\/\/illadelstrails.com\/ca\/reglamento-trail-del-nord\/\" target=\"_blank\" rel=\"noopener\" data-cke-saved-href=\"https:\/\/illadelstrails.com\/ca\/reglamento-trail-del-nord\/\"><u><strong>Pots consultar els preus de l&#8217;hotel aqu\u00ed.\u00a0<\/strong><\/u><\/a><\/p>\n<p>Amb el patrocini de la Fundaci\u00f3 Foment del Turismo de Menorca, i la col\u00b7laboraci\u00f3 del Pla de Recuperaci\u00f3, Transformaci\u00f3 i Resili\u00e8ncia del Govern d\u2019Espanya, finan\u00e7at per la Uni\u00f3 europea &#8211; Next Generation EU i l\u2019Ag\u00e8ncia d\u2019Estrat\u00e8gia Tur\u00edstica del Govern de les Illes Balears.\u00a0 Organitzen Elitechip i Biosport Menorca<\/p>\n","protected":false},"excerpt":{"rendered":"<p>La Trail del Nord canvia totalment el 2023 amb nou recorregut pels 24KM i una arribada que ser\u00e1 al hotel TRH Tirant Playa amb una festa el proper 1 d&#8217;abril.\u00a0Tenim molts de motius per animar-te a que t&#8217;hi apuntis i visquis l&#8217;experi\u00e8ncia. El darrer motiu \u00e9s que avui obrim les inscripcions amb dos dies de [&hellip;]<\/p>\n","protected":false},"author":2,"featured_media":4356,"comment_status":"open","ping_status":"open","sticky":false,"template":"","format":"standard","meta":{"spay_email":"","footnotes":""},"categories":[1],"tags":[],"class_list":["post-4355","post","type-post","status-publish","format-standard","has-post-thumbnail","hentry","category-general"],"acf":[],"jetpack_featured_media_url":"https:\/\/i0.wp.com\/illadelstrails.com\/wp-content\/uploads\/2022\/10\/Preus_rebaixats_nord.jpg?fit=1768%2C1768&ssl=1","jetpack-related-posts":[{"id":4834,"url":"https:\/\/illadelstrails.com\/ca\/2023\/03\/29\/tirant-area-de-trail-running-con-mas-de-800-participantes-en-la-trail-del-nord\/","url_meta":{"origin":4355,"position":0},"title":"Tirant, \u00e0rea de trail running amb m\u00e9s de 800 participants en la Trail del Nord","date":"29 March, 2023","format":false,"excerpt":"TRH Tirant Platja ser\u00e0 l'epicentre de la tercera edici\u00f3 d'una carrera que te r\u00e8cord d'inscripci\u00f3 amb les seves tres dist\u00e0ncies La tercera edici\u00f3 de la Trail del Nord s'ha presentat aquest dimecres lluint el cartell de r\u00e8cord de participaci\u00f3 superant \u00e0mpliament les 800 persones i rondant els 900. Gaireb\u00e9 un\u2026","rel":"","context":"In &quot;Trail del Nord&quot;","img":{"alt_text":"","src":"https:\/\/i0.wp.com\/illadelstrails.com\/wp-content\/uploads\/2023\/03\/2.jpeg?fit=1024%2C768&ssl=1&resize=350%2C200","width":350,"height":200},"classes":[]},{"id":5571,"url":"https:\/\/illadelstrails.com\/ca\/2024\/04\/09\/la-trail-del-nord-arranca-la-temporada-turistica-en-tirant-con-carreras-y-musica\/","url_meta":{"origin":4355,"position":1},"title":"La Trail del Nord inicia la temporada tur\u00edstica a Tirant amb curses i m\u00fasica","date":"9 April, 2024","format":false,"excerpt":"Aquest dissabte es disputaran les dist\u00e0ncies de 45KM, 24KM i 12KM, amb arribada al TRH Tirant Playa, i en acabar hi haur\u00e0 un concert de The Binigaus Band i una actuaci\u00f3 del DJ Juligan. La Trail del Nord tindr\u00e0, aquest dissabte, la responsabilitat d'obrir la temporada tur\u00edstica al TRH Tirant\u2026","rel":"","context":"In &quot;Trail del Nord&quot;","img":{"alt_text":"","src":"https:\/\/i0.wp.com\/illadelstrails.com\/wp-content\/uploads\/2024\/04\/Presentacio-Nord.jpeg?fit=1200%2C800&ssl=1&resize=350%2C200","width":350,"height":200},"classes":[]},{"id":5384,"url":"https:\/\/illadelstrails.com\/ca\/2023\/12\/11\/la-trail-del-nord-abre-sus-inscripciones-apostando-por-el-concierto-al-final-de-la-carrera\/","url_meta":{"origin":4355,"position":2},"title":"La Trail del Nord obre les seves inscripcions amb un concert al final de la cursa","date":"11 December, 2023","format":false,"excerpt":"El dissabte 13 d'abril tindr\u00e0 lloc la segona cita de la Lliga Illa dels Trails amb les seves tres propostes de 45 km, 24 km i 12 km La Trail del Nord se celebrar\u00e0 el 13 d'abril de 2024, tot i que oficialment comen\u00e7a aquest dimarts, 12 de desembre, a\u2026","rel":"","context":"In &quot;Trail del Nord&quot;","img":{"alt_text":"","src":"https:\/\/i0.wp.com\/illadelstrails.com\/wp-content\/uploads\/2023\/12\/Cartell_Trail_Nord_2024_INSTA.jpg?fit=1200%2C1200&ssl=1&resize=350%2C200","width":350,"height":200},"classes":[]},{"id":4838,"url":"https:\/\/illadelstrails.com\/ca\/2023\/04\/01\/alles-y-martinez-firman-un-doblete-espectacular\/","url_meta":{"origin":4355,"position":3},"title":"All\u00e8s i Mart\u00ednez signen un doblet espectacular","date":"1 April, 2023","format":false,"excerpt":"Els dos corredors repeteixen la vict\u00f2ria de la\u00a0Trail\u00a0dels\u00a0Fars\u00a0en la\u00a0Trail\u00a0del\u00a0Nord\u00a0vencent en solitari. Huguet i Campins tamb\u00e9 repeteixen en els 12KM. La\u00a0Illa\u00a0dels\u00a0Trails\u00a02023 ja t\u00e9 els seus favorits ben definits. La\u00a0Trail\u00a0del\u00a0Nord\u00a0va servir aquest dissabte per a confirmar que Albert Mart\u00ednez i Mari\u00a0All\u00e8s\u00a0s\u00f3n, actualment, els corredors m\u00e9s en forma a l'Illa, en aconseguir les\u2026","rel":"","context":"In &quot;Trail del Nord&quot;","img":{"alt_text":"","src":"https:\/\/i0.wp.com\/illadelstrails.com\/wp-content\/uploads\/2023\/04\/45KM.jpeg?fit=1200%2C800&ssl=1&resize=350%2C200","width":350,"height":200},"classes":[]},{"id":6398,"url":"https:\/\/illadelstrails.com\/ca\/2025\/11\/19\/la-marca-internacional-asics-se-incorpora-como-patrocinador-de-la-trail-del-nord\/","url_meta":{"origin":4355,"position":4},"title":"La marca internacional ASICS s\u2019incorpora com a patrocinador de la Trail del Nord","date":"19 November, 2025","format":false,"excerpt":"La marca esportiva japonesa donar\u00e0 visibilitat a Menorca i a la prova, a m\u00e9s d\u2019inscriure els seus millors corredors. \u00a0 La Trail del Nord ha fet un pas de gegant en la seva expansi\u00f3 nacional i internacional. La cursa, que se celebrar\u00e0 el dissabte 29 de mar\u00e7, comptar\u00e0 amb el\u2026","rel":"","context":"In &quot;Trail del Nord&quot;","img":{"alt_text":"","src":"","width":0,"height":0},"classes":[]},{"id":2736,"url":"https:\/\/illadelstrails.com\/ca\/2021\/02\/08\/cala-morell-el-pilar-y-binimetl%c2%b7la-las-salidas-de-la-trail-del-nord\/","url_meta":{"origin":4355,"position":5},"title":"Cala Morell, El Pilar y Binimetl\u00b7l\u00e0, las salidas de la Trail del Nord","date":"8 February, 2021","format":false,"excerpt":"La carrera, que se disputar\u00e1 el 14 de noviembre, ofrece una forma distinta de descubrir la costa norte menorquina. La Trail del Nord ya conoce los tres recorridos con los que contar\u00e1 para su primera edici\u00f3n. Se trata de una carrera que tendr\u00e1 lugar el d\u00eda 14 de noviembre, que\u2026","rel":"","context":"In &quot;Trail del Nord&quot;","img":{"alt_text":"","src":"https:\/\/i0.wp.com\/illadelstrails.com\/wp-content\/uploads\/2020\/12\/210216082324.jpg?fit=1200%2C800&ssl=1&resize=350%2C200","width":350,"height":200},"classes":[]}],"_links":{"self":[{"href":"https:\/\/illadelstrails.com\/ca\/wp-json\/wp\/v2\/posts\/4355"}],"collection":[{"href":"https:\/\/illadelstrails.com\/ca\/wp-json\/wp\/v2\/posts"}],"about":[{"href":"https:\/\/illadelstrails.com\/ca\/wp-json\/wp\/v2\/types\/post"}],"author":[{"embeddable":true,"href":"https:\/\/illadelstrails.com\/ca\/wp-json\/wp\/v2\/users\/2"}],"replies":[{"embeddable":true,"href":"https:\/\/illadelstrails.com\/ca\/wp-json\/wp\/v2\/comments?post=4355"}],"version-history":[{"count":1,"href":"https:\/\/illadelstrails.com\/ca\/wp-json\/wp\/v2\/posts\/4355\/revisions"}],"predecessor-version":[{"id":4357,"href":"https:\/\/illadelstrails.com\/ca\/wp-json\/wp\/v2\/posts\/4355\/revisions\/4357"}],"wp:featuredmedia":[{"embeddable":true,"href":"https:\/\/illadelstrails.com\/ca\/wp-json\/wp\/v2\/media\/4356"}],"wp:attachment":[{"href":"https:\/\/illadelstrails.com\/ca\/wp-json\/wp\/v2\/media?parent=4355"}],"wp:term":[{"taxonomy":"category","embeddable":true,"href":"https:\/\/illadelstrails.com\/ca\/wp-json\/wp\/v2\/categories?post=4355"},{"taxonomy":"post_tag","embeddable":true,"href":"https:\/\/illadelstrails.com\/ca\/wp-json\/wp\/v2\/tags?post=4355"}],"curies":[{"name":"wp","href":"https:\/\/api.w.org\/{rel}","templated":true}]}}