{"id":4351,"date":"2022-10-17T11:21:14","date_gmt":"2022-10-17T09:21:14","guid":{"rendered":"https:\/\/illadelstrails.com\/?p=4351"},"modified":"2022-10-17T11:25:48","modified_gmt":"2022-10-17T09:25:48","slug":"castanyer-y-alles-derriten-la-october-trail","status":"publish","type":"post","link":"https:\/\/illadelstrails.com\/ca\/2022\/10\/17\/castanyer-y-alles-derriten-la-october-trail\/","title":{"rendered":"Castanyer i All\u00e9s fonen l\u2019October Trail"},"content":{"rendered":"<h4><em>El mallorqu\u00ed, corredor referent nacional, s\u2019imposa a una carrera que va haver de remuntar i la menorquina compleix el seu pron\u00f2stic<\/em><\/h4>\n<p>La\u00a0October\u00a0Trail\u00a0i la segona edici\u00f3 de la lliga\u00a0Illa\u00a0dels\u00a0Trails\u00a0ja s\u00f3n hist\u00f2ria. I els seus protagonistes s\u00f3n el mallorqu\u00ed\u00a0Tofol\u00a0Castanyer i la\u00a0ciutadellenca\u00a0Mari\u00a0All\u00e8s, guanyadors absoluts de la dist\u00e0ncia regna en un dissabte molt emocionant en les mediacions del Lago\u00a0Resort\u00a0Menorca i en el marc del\u00a0October\u00a0Festival. El sol i el bon temps va marcar una jornada esportiva i festiva excepcional que va comptar, a m\u00e9s, amb la\u00a0October\u00a0Bike, partits de tennis platja, demostracions acrob\u00e0tiques a\u00e8ries i m\u00fasica per a m\u00e9s de 3.000 persones que van passar per Cala\u2019n Bosch al llarg de la jornada.<\/p>\n<p>L&#8217;esdeveniment compta amb el patrocini de la\u00a0Fundaci\u00f3\u00a0Foment\u00a0del\u00a0Turisme\u00a0de Menorca, la col\u00b7laboraci\u00f3 del Pla de Recuperaci\u00f3, Transformaci\u00f3 i Resili\u00e8ncia del Govern d&#8217;Espanya, finan\u00e7at per la Uni\u00f3 Europea \u2013\u00a0Next\u00a0Generation\u00a0EU, i la\u00a0Ag\u00e8ncia\u00a0d\u2019Estrat\u00e8gia\u00a0Tur\u00edstica dels Illes Balears, a m\u00e9s del Llac\u00a0Resort\u00a0Menorca i de l&#8217;Ajuntament de Ciutadella.<\/p>\n<p>Tofol\u00a0Castanyer va complir el pron\u00f2stic que el col\u00b7locava com a favorit dels 32KM al principi de la jornada, encara que va haver de suar m\u00e9s del que es preveu ja que en el tram de Cala\u00a0Mitjana\u00a0es va perdre despr\u00e9s d&#8217;unes males indicacions, cedint el primer lloc a Joan\u00a0Florit\u00a0i baixant a la tercera posici\u00f3, amb qui va tenir una preciosa lluita en el tram final per a remuntar i emportar-se el triomf amb un temps de 2.30:13.\u00a0Florit\u00a0es va penjar la medalla de plata amb un\u00a0crono\u00a0de 2.36:24 mentre que el podi el va tancar el mallorqu\u00ed Sebasti\u00e0 Massanet amb 2.42:09.<\/p>\n<p>En dones, nova exhibici\u00f3 imparable de Mari\u00a0All\u00e8s\u00a0que no va trobar rival en el seu cam\u00ed des de Son Bou fins a Cala\u2019n\u00a0Bosh. La\u00a0ciutadellenca\u00a0va prendre aviat l&#8217;avantatge sense acusar el terrible sol que va colpejar amb for\u00e7a al llarg del dissabte, i va gestionar les forces per a fer-se amb el triomf (3.04:19). Les medalles de plata i bronze van volar cap a Mallorca a les cames de Marga Adrover (3.19:33) i de\u00a0Bel\u00a0Dur\u00e1n (3.27:17).<\/p>\n<p>En els 19 quil\u00f2metres que uneixen Cala\u00a0Mitjana\u00a0i el Llac\u00a0Resort\u00a0Menorca, Margalida Perell\u00f3 va prolongar el seu regnat marcant ritme i liderant el duel davant Joana Maria\u00a0Ca\u00f1ellas. La mallorquina, habitual a Menorca, va aconseguir la vict\u00f2ria en parar el\u00a0crono\u00a0amb 1.42:34, mentre que el segon calaix del podi va ser per a\u00a0Ca\u00f1ellas\u00a0amb 1.49:07.\u00a0Xisca\u00a0Ribot\u00a0va completar les medalles amb un temps d&#8217;1.52:24.<\/p>\n<p>En homes, fins a sis aspirants van arribar amb un minut de difer\u00e8ncia a l&#8217;avituallament de Son Saura a uns 9 quil\u00f2metres de meta, la qual cosa feia presagiar un final molt disputat. El triomf va caure a les cames de Pep Joan Serra (1.23:09), seguit de Joan Toni Mayol (1.24:24) i de Lloren\u00e7\u00a0Socias\u00a0(1.25:31).<\/p>\n<p>En els 11 quil\u00f2metres, final\u00a0ajustad\u00edssim entre Toni\u00a0Florit\u00a0i Sergio Mart\u00ednez que es va decidir en favor del primer per un solo segon (51:02 per 51:03), mentre que Miguel \u00c1ngel Huguet va completar el trio\u00a0amb un\u00a0temps de 52:31.<\/p>\n<p>En dones, la italiana Martina\u00a0Parenti\u00a0va sorprendre la fins ara dominadora de la dist\u00e0ncia en la Lliga,\u00a0Lena\u00a0Moll, i va entrar en meta amb un temps d&#8217;1.00:15. Moll, que es va al\u00e7ar amb la vict\u00f2ria en la Lliga, va ser segona amb 1.00:52, mentre que Clara Coll va ser tercera amb 1.03:02.<\/p>\n<p>Amb aquests resultats, la classificaci\u00f3 final de la Lliga va quedar de la seg\u00fcent manera. En la categoria GOLD, guanyador amb 1500 punts,\u00a0Guiem\u00a0Dur\u00e1n; segon classificat Miquel Pons amb 1402,2 punts, mentre que Pau\u00a0Benejam\u00a0va ser tercer (1401,9 punts). En dones, la guanyadora va ser Mari\u00a0All\u00e9s\u00a0(1500 punts) seguida de\u00a0Cati\u00a0Vives (1343,2 punts) i de Nuria Coll\u00a0Piris\u00a0(1249,3 punts).<\/p>\n<p>En\u00a0SILVER, el m\u00e9s regular despr\u00e9s de les cinc proves ha estat Marc L\u00f3pez Moll (879 punts) seguit d&#8217;Enric Pons i d&#8217;Adri\u00e1n Rodr\u00edguez amb 864,5 i 863,\u00a0punos\u00a0respectivament. En dones, el podi va quedar aix\u00ed: Margalida Perell\u00f3 (898,1 punts), Laura Ruiz (872,7 punts) i\u00a0Nini\u00a0Prieto (831,1 punts).<\/p>\n<p>En\u00a0BRONZE\u00a0el podi mascul\u00ed el van formar Toni\u00a0Florit, Toni Bosch Pons i Marcos\u00a0Vaquero\u00a0amb 593,4, 581,6 i 577,1 punts respectivament mentre que la millor va ser\u00a0Lena\u00a0Moll (599,8 punts). Clara Coll Pons i Cristina Garc\u00eda Fern\u00e1ndez van ser segona i tercera amb 578,7 i 556,1 punts respectivament.<\/p>\n<p>En la prova de bicicleta de muntanya, exhibici\u00f3 dels germans Bosch Pic\u00f3. Jaume i Nuria van guanyar respectivament amb un temps d&#8217;1.49:12 i 2.22:00. Antoni Pascual i Toni\u00a0Quero\u00a0van completar el podi amb uns\u00a0cronos\u00a0de 2.01:08 i 2.08:54. En dones, Daniela Leal va ser segona amb 3.08:00 i Amelia Pons va ser tercera amb 4.17:36.<\/p>\n<p>En categoria\u00a0Ebike, Octavio\u00a0Portella\u00a0es va imposar (1.47:59) seguit de Carlos\u00a0Arroyo\u00a0(1.48:27) i de Joan\u00a0Riudavets\u00a0(2.01:55).<\/p>\n<p>L&#8217;esdeveniment es va tancar amb el lliurament de trofeus que es va fer a c\u00e0rrec de l&#8217;alcaldessa de Ciutadella, Joana\u00a0Gomila, el vicepresident de la\u00a0Fundaci\u00f3\u00a0Foment\u00a0del\u00a0Turisme\u00a0de Menorca i del Consell Insular, Josep\u00a0Pastrana, la regidora d&#8217;Esports de l&#8217;Ajuntament de Ciutadella, el regidor d&#8217;Esports de l&#8217;Ajuntament d&#8217;Alaior, Rafel Quintana, el coorganitzador de la prova i director general de\u00a0Biosport\u00a0Menorca, Toni\u00a0Cap\u00f3, el director del Llac\u00a0Resort\u00a0Menorca, Alejandro\u00a0Alguacil, i el\u00a0CEO\u00a0del grup Llac\u00a0Resort\u00a0Menorca, Lucas Garc\u00eda.<\/p>\n","protected":false},"excerpt":{"rendered":"<p>El mallorqu\u00ed, corredor referent nacional, s\u2019imposa a una carrera que va haver de remuntar i la menorquina compleix el seu pron\u00f2stic La\u00a0October\u00a0Trail\u00a0i la segona edici\u00f3 de la lliga\u00a0Illa\u00a0dels\u00a0Trails\u00a0ja s\u00f3n hist\u00f2ria. I els seus protagonistes s\u00f3n el mallorqu\u00ed\u00a0Tofol\u00a0Castanyer i la\u00a0ciutadellenca\u00a0Mari\u00a0All\u00e8s, guanyadors absoluts de la dist\u00e0ncia regna en un dissabte molt emocionant en les mediacions del Lago\u00a0Resort\u00a0Menorca [&hellip;]<\/p>\n","protected":false},"author":2,"featured_media":4352,"comment_status":"open","ping_status":"open","sticky":false,"template":"","format":"standard","meta":{"spay_email":"","footnotes":""},"categories":[64],"tags":[],"class_list":["post-4351","post","type-post","status-publish","format-standard","has-post-thumbnail","hentry","category-october-trail"],"acf":[],"jetpack_featured_media_url":"https:\/\/i0.wp.com\/illadelstrails.com\/wp-content\/uploads\/2022\/10\/WhatsApp-Image-2022-10-15-at-5.23.35-PM.jpeg?fit=1600%2C1066&ssl=1","jetpack-related-posts":[{"id":1893,"url":"https:\/\/illadelstrails.com\/ca\/2020\/12\/23\/florit-y-alles-reyes-en-el-regreso-de-la-october-trail-menorca\/","url_meta":{"origin":4351,"position":0},"title":"Florit y All\u00e8s reyes en el regreso de la October Trail Menorca","date":"23 December, 2020","format":false,"excerpt":"Los menorquines protagonizan una carrera trepidante imponiendo ritmo de principio a fin por delante de Joan Toni Mayol y Lloren\u00e7 Socias y Marga Adrover y Karina G\u00f3mez. La October Trail Menorca regres\u00f3 por todo lo alto y con triunfos para Joan Florit (2:28:13) y Mari All\u00e8s (3:11:25), ti\u00f1endo la prueba\u2026","rel":"","context":"In &quot;October Trail&quot;","img":{"alt_text":"","src":"https:\/\/i0.wp.com\/illadelstrails.com\/wp-content\/uploads\/2020\/12\/noticia_3.jpg?fit=1024%2C641&ssl=1&resize=350%2C200","width":350,"height":200},"classes":[]},{"id":4838,"url":"https:\/\/illadelstrails.com\/ca\/2023\/04\/01\/alles-y-martinez-firman-un-doblete-espectacular\/","url_meta":{"origin":4351,"position":1},"title":"All\u00e8s i Mart\u00ednez signen un doblet espectacular","date":"1 April, 2023","format":false,"excerpt":"Els dos corredors repeteixen la vict\u00f2ria de la\u00a0Trail\u00a0dels\u00a0Fars\u00a0en la\u00a0Trail\u00a0del\u00a0Nord\u00a0vencent en solitari. Huguet i Campins tamb\u00e9 repeteixen en els 12KM. La\u00a0Illa\u00a0dels\u00a0Trails\u00a02023 ja t\u00e9 els seus favorits ben definits. La\u00a0Trail\u00a0del\u00a0Nord\u00a0va servir aquest dissabte per a confirmar que Albert Mart\u00ednez i Mari\u00a0All\u00e8s\u00a0s\u00f3n, actualment, els corredors m\u00e9s en forma a l'Illa, en aconseguir les\u2026","rel":"","context":"In &quot;Trail del Nord&quot;","img":{"alt_text":"","src":"https:\/\/i0.wp.com\/illadelstrails.com\/wp-content\/uploads\/2023\/04\/45KM.jpeg?fit=1200%2C800&ssl=1&resize=350%2C200","width":350,"height":200},"classes":[]},{"id":3494,"url":"https:\/\/illadelstrails.com\/ca\/2021\/10\/19\/alles-repite-triunfo-y-esteve-debuta-con-victoria-en-la-october\/","url_meta":{"origin":4351,"position":2},"title":"All\u00e9s repeteix triomf i Esteve debuta amb vict\u00f2ria en la October Trail","date":"19 October, 2021","format":false,"excerpt":"La tercera edici\u00f3 de la carrera viu un aut\u00e8ntic festival de l'esport en el qual B\u00e0rbara Sureda i Toful Moll, en els 19KM, i Marga Farragut i Tomeu Salord, en els 11KM, regnen La tercera edici\u00f3 de l\u2019October Trail va oferir un gran espectacle esportiu a la zona del Lago\u2026","rel":"","context":"In &quot;October Trail&quot;","img":{"alt_text":"","src":"https:\/\/i0.wp.com\/illadelstrails.com\/wp-content\/uploads\/2021\/10\/WhatsApp-Image-2021-10-16-at-17.30.18-1.jpeg?fit=1200%2C800&ssl=1&resize=350%2C200","width":350,"height":200},"classes":[]},{"id":5742,"url":"https:\/\/illadelstrails.com\/ca\/2024\/09\/30\/alles-y-villalonga-reinan-en-la-trail-dels-fars-nocturna\/","url_meta":{"origin":4351,"position":3},"title":"All\u00e9s i Villalonga regnen a la Trail dels Fars Nocturna","date":"30 September, 2024","format":false,"excerpt":"Els esportistes de Ciutadella s'emporten el triomf en la nit maonesa, acompanyats per Lena Moll, als 13KM i pel catal\u00e0 Bruno Montefusco. La tercera cita de l'Illa dels Trails ja t\u00e9 els seus reis i reines. Mari All\u00e9s i Xavi Villalonga van ser els esportistes m\u00e9s r\u00e0pids de la Trail\u2026","rel":"","context":"In &quot;Trail Nocturna&quot;","img":{"alt_text":"","src":"https:\/\/i0.wp.com\/illadelstrails.com\/wp-content\/uploads\/2024\/09\/WhatsApp-Image-2024-09-28-at-23.39.45-3-scaled.jpeg?fit=1200%2C800&ssl=1&resize=350%2C200","width":350,"height":200},"classes":[]},{"id":3484,"url":"https:\/\/illadelstrails.com\/ca\/2021\/10\/15\/un-sabado-de-trail-de-bicicleta-y-de-mucho-mas\/","url_meta":{"origin":4351,"position":4},"title":"Un dissabte de trail, de bicicleta i de molt m\u00e9s","date":"15 October, 2021","format":false,"excerpt":"La October Trail viur\u00e0 la seva tercera edici\u00f3 incrementant la seva oferta amb la October Bike i formant part d'un complet cartell d'activitats esportives organitzades per Lago Resort Menorca La zona del Lago de Cala\u2019n Bosch, a Ciutadella, viur\u00e0 aquest dissabte una jornada esportiva d'all\u00f2 m\u00e9s completa gr\u00e0cies a la\u2026","rel":"","context":"In &quot;October Trail&quot;","img":{"alt_text":"","src":"https:\/\/i0.wp.com\/illadelstrails.com\/wp-content\/uploads\/2021\/10\/1.jpeg?fit=1024%2C768&ssl=1&resize=350%2C200","width":350,"height":200},"classes":[]},{"id":2489,"url":"https:\/\/illadelstrails.com\/ca\/2020\/12\/29\/ramis-y-orives-iluminan-la-trail-dels-fars-nocturna\/","url_meta":{"origin":4351,"position":5},"title":"Ramis y Orives iluminan la Trail dels Fars nocturna","date":"29 December, 2020","format":false,"excerpt":"Los dos corredores se imponen en los 21 kil\u00f3metros mientras que Xavi Sintes y Mari All\u00e8s hacen lo propio en los 10 kil\u00f3metros. La primera edici\u00f3n de la Trail dels Fars Nocturna ya tiene sus estrellas particulares. El mallorqu\u00edn Dami\u00e0 Ramis y la menorquina Marta Orives fueron los m\u00e1s r\u00e1pidos\u2026","rel":"","context":"In &quot;Trail Nocturna&quot;","img":{"alt_text":"","src":"https:\/\/i0.wp.com\/illadelstrails.com\/wp-content\/uploads\/2020\/12\/noticia_3-1.jpg?fit=1024%2C641&ssl=1&resize=350%2C200","width":350,"height":200},"classes":[]}],"_links":{"self":[{"href":"https:\/\/illadelstrails.com\/ca\/wp-json\/wp\/v2\/posts\/4351"}],"collection":[{"href":"https:\/\/illadelstrails.com\/ca\/wp-json\/wp\/v2\/posts"}],"about":[{"href":"https:\/\/illadelstrails.com\/ca\/wp-json\/wp\/v2\/types\/post"}],"author":[{"embeddable":true,"href":"https:\/\/illadelstrails.com\/ca\/wp-json\/wp\/v2\/users\/2"}],"replies":[{"embeddable":true,"href":"https:\/\/illadelstrails.com\/ca\/wp-json\/wp\/v2\/comments?post=4351"}],"version-history":[{"count":1,"href":"https:\/\/illadelstrails.com\/ca\/wp-json\/wp\/v2\/posts\/4351\/revisions"}],"predecessor-version":[{"id":4353,"href":"https:\/\/illadelstrails.com\/ca\/wp-json\/wp\/v2\/posts\/4351\/revisions\/4353"}],"wp:featuredmedia":[{"embeddable":true,"href":"https:\/\/illadelstrails.com\/ca\/wp-json\/wp\/v2\/media\/4352"}],"wp:attachment":[{"href":"https:\/\/illadelstrails.com\/ca\/wp-json\/wp\/v2\/media?parent=4351"}],"wp:term":[{"taxonomy":"category","embeddable":true,"href":"https:\/\/illadelstrails.com\/ca\/wp-json\/wp\/v2\/categories?post=4351"},{"taxonomy":"post_tag","embeddable":true,"href":"https:\/\/illadelstrails.com\/ca\/wp-json\/wp\/v2\/tags?post=4351"}],"curies":[{"name":"wp","href":"https:\/\/api.w.org\/{rel}","templated":true}]}}