{"id":4347,"date":"2022-10-11T17:47:43","date_gmt":"2022-10-11T15:47:43","guid":{"rendered":"https:\/\/illadelstrails.com\/?p=4347"},"modified":"2022-10-11T17:47:43","modified_gmt":"2022-10-11T15:47:43","slug":"mas-de-1-400-participantes-llenaran-la-october-trail-y-la-october-bike","status":"publish","type":"post","link":"https:\/\/illadelstrails.com\/ca\/2022\/10\/11\/mas-de-1-400-participantes-llenaran-la-october-trail-y-la-october-bike\/","title":{"rendered":"M\u00e9s de 1.400 participants ompliran l\u2019October Trail i l\u2019October Bike"},"content":{"rendered":"<h4><em>Gran \u00e8xit de participaci\u00f3 per a la prova encarregada de tancar la segona edici\u00f3 de la lliga\u00a0Illa\u00a0dels\u00a0Trails\u00a0amb m\u00e9s de 900 persones de fora de l&#8217;Illa<\/em><\/h4>\n<p>L\u2019October\u00a0Trail\u00a0posar\u00e0 un excel\u00b7lent final a la segona edici\u00f3 de la\u00a0Lliga\u00a0Illa\u00a0dels\u00a0Trails\u00a0amb m\u00e9s de 1.400 participants repartits entre la cinquena carrera de la competici\u00f3 i la segona edici\u00f3 de la\u00a0October\u00a0Bike. Una cita que coincidir\u00e0 amb la celebraci\u00f3 del Lago\u00a0Resort\u00a0Menorca\u00a0October\u00a0Festival, una proposta musical, culin\u00e0ria, esportiva i cultural que complementar\u00e0 les carreres al llarg del divendres i del dissabte en la zona de Cala\u2019n Bosch. L&#8217;esdeveniment, que compta amb el patrocini de la\u00a0Fundaci\u00f3\u00a0Foment\u00a0del\u00a0Turisme\u00a0de Menorca, la col\u00b7laboraci\u00f3 del Pla de Recuperaci\u00f3, Transformaci\u00f3 i Resili\u00e8ncia del Govern d&#8217;Espanya, finan\u00e7at per la Uni\u00f3 Europea \u2013\u00a0Next\u00a0Generation\u00a0EU, i la\u00a0Ag\u00e8ncia\u00a0d\u2019Estrat\u00e8gia\u00a0Tur\u00edstica dels Illes Balears, a m\u00e9s del Llac\u00a0Resort\u00a0Menorca i de l&#8217;Ajuntament de Ciutadella, s&#8217;ha erigit com una cita imprescindible en el calendari de proves de\u00a0trail.<\/p>\n<p>El festival arrencar\u00e0 el divendres, a partir de les 18.30 hores, amb una exhibici\u00f3 de parapent acrob\u00e0tic, mentre que a les 19.00 hores es far\u00e0 la presentaci\u00f3 i es passar\u00e0 a les petites xerrades de 20 minuts a c\u00e0rrec del corredor de\u00a0trail\u00a0mallorqu\u00ed,\u00a0Tofol\u00a0Castanyer, qui presentar\u00e0 el seu llibre, \u2018Viure\u00a0corrent, c\u00f3rrer\u00a0vivint\u2019, la surfista professional\u00a0Garazi\u00a0S\u00e1nchez qui parlar\u00e0 de la import\u00e0ncia de la sostenibilitat i de la realitat dels\u00a0oceans, una presentaci\u00f3 d&#8217;Horacio Llorens, m\u00e0xim representant del parapent a nivell internacional, qui a m\u00e9s impartir\u00e0 sobre alpinisme, del 42 vegades campi\u00f3 del m\u00f3n de\u00a0Windsurf\u00a0i actual recordista de velocitat,\u00a0Bjorn\u00a0Dunkerbeck, i la subcampiona d&#8217;Espanya de\u00a0BTT\u00a0i\u00a0ciutadellenca, Nuria Bosch, qui estar\u00e0 acompanyada per les periodistes Lourdes Garc\u00eda Campos, de Televisi\u00f3 Espanyola, i Roc\u00edo Mart\u00ednez, d&#8217;Antena 3 Not\u00edcies. En acabar hi haur\u00e0 diferents actuacions musicals. A m\u00e9s, a partir de les 18 hores, es far\u00e0 el lliurament de dorsals.<\/p>\n<p>El dissabte tindr\u00e0 lloc la carrera amb les 3 dist\u00e0ncies a peu i de l\u2019October\u00a0Bike. A les 9 hores sortir\u00e0 la carrera de bicicleta des de Son Bou. El mateix escenari acollir\u00e0 la sortida de la dist\u00e0ncia de 32 quil\u00f2metres a les 10 hores. A les 11 hores sortir\u00e0 la dist\u00e0ncia de 19 quil\u00f2metres i a les 12 hores ser\u00e0 el torn dels 11 quil\u00f2metres.<\/p>\n<p>L&#8217;esdeveniment s&#8217;ha presentat aquest dimarts en el Lago\u00a0Resort\u00a0Menorca amb la pres\u00e8ncia de la regidora de Turisme de l&#8217;Ajuntament de Ciutadella, Noemi Camps, el director del Lago\u00a0Resort\u00a0Menorca, Alejandro\u00a0Alguacil, el director de relacions institucionals de\u00a0Balearia, Antoni\u00a0Mercant, i els organitzadors de la carrera, Toni\u00a0Cap\u00f3\u00a0i\u00a0Guiem\u00a0Bosch, director general de\u00a0Biosport\u00a0Menorca i gerent de\u00a0Elitechip, respectivament.<\/p>\n<p>\u201cGr\u00e0cies a\u00a0Biosport\u00a0Menorca, a\u00a0Elitechip\u00a0i a\u00a0Balearia, aix\u00ed com a tots els patrocinadors que tenim al nostre costat per a poder organitzar un esdeveniment que fa un pas m\u00e9s, que amplia la seva oferta d&#8217;activitats i que va a m\u00e9s, donant cabuda a esports que estan molt lligats amb la mar com el\u00a0windsurf\u00a0o el parapent, amb figures esportives de primer nivell\u201d, explica Agutzil en la seva intervenci\u00f3.<\/p>\n<p>Per part seva,\u00a0Mercant\u00a0felicita els organitzadors \u201cper apostar per esdeveniments que busquen allargar la temporada i que pretenen crear productes atractius que a m\u00e9s fan costat a altres empreses\u201d.<\/p>\n<p>Toni\u00a0Cap\u00f3, en nom de l&#8217;organitzaci\u00f3, explica que \u201cens fa molta il\u00b7lusi\u00f3 recuperar l\u2019October\u00a0Trail\u00a0amb normalitat ja que cal recordar que de les 3 edicions fetes fins al moment, 2 han estat en pand\u00e8mia, i ara, la quarta comptar\u00e0 amb 1.400 participants dels quals m\u00e9s de 900 venen de fora de l&#8217;Illa, la qual cosa la col\u00b7loca com un atractiu tur\u00edstic fora de temporada\u201d. En aquest sentit, el director general de\u00a0Biosport\u00a0Menorca, precisa que \u201ctot l&#8217;entorn de l&#8217;hotel es beneficia de la prova, no sols s&#8217;ha omplert el Llac\u00a0Resort\u00a0Menorca, i aix\u00f2 mostra que fem un pas endavant i a m\u00e9s tanquem el circuit\u00a0Illa\u00a0dels\u00a0Trails\u201d. A partir de les 18 hores es far\u00e0 el lliurament de trofeus de la carrera i de la lliga.<\/p>\n<p>Noemi Camps, en representaci\u00f3 de l\u2019Ajuntament de Ciutadella, va animar a l&#8217;organitzaci\u00f3: \u201cEsdeveniments com aquest ajuden a dinamitzar l&#8217;Illa fora de temporada per\u00f2 tamb\u00e9 a con\u00e8ixer l&#8217;entorn i consciencien de la necessitat d&#8217;un comportament sostenible i ofereixen la possibilitat de competir a tots els nivells\u201d.<\/p>\n","protected":false},"excerpt":{"rendered":"<p>Gran \u00e8xit de participaci\u00f3 per a la prova encarregada de tancar la segona edici\u00f3 de la lliga\u00a0Illa\u00a0dels\u00a0Trails\u00a0amb m\u00e9s de 900 persones de fora de l&#8217;Illa L\u2019October\u00a0Trail\u00a0posar\u00e0 un excel\u00b7lent final a la segona edici\u00f3 de la\u00a0Lliga\u00a0Illa\u00a0dels\u00a0Trails\u00a0amb m\u00e9s de 1.400 participants repartits entre la cinquena carrera de la competici\u00f3 i la segona edici\u00f3 de la\u00a0October\u00a0Bike. Una cita [&hellip;]<\/p>\n","protected":false},"author":2,"featured_media":4348,"comment_status":"open","ping_status":"open","sticky":false,"template":"","format":"standard","meta":{"spay_email":"","footnotes":""},"categories":[64],"tags":[75,72,71,80,74],"class_list":["post-4347","post","type-post","status-publish","format-standard","has-post-thumbnail","hentry","category-october-trail","tag-cami-de-cavalls","tag-illa-dels-trails","tag-menorca","tag-october-trail","tag-trail-run"],"acf":[],"jetpack_featured_media_url":"https:\/\/i0.wp.com\/illadelstrails.com\/wp-content\/uploads\/2022\/10\/Foto-Presentacio.jpeg?fit=1024%2C729&ssl=1","jetpack-related-posts":[{"id":6378,"url":"https:\/\/illadelstrails.com\/ca\/2025\/11\/13\/la-october-trail-menorca-y-sus-2-000-inscritos-preparados-para-cerrar-la-illa-dels-trails\/","url_meta":{"origin":4347,"position":0},"title":"L\u2019October Trail Menorca i els seus 2.000 inscrits, preparats per tancar l\u2019Illa dels Trails","date":"13 November, 2025","format":false,"excerpt":"L\u2019\u00faltima cita de la lliga arriba aquest dissabte amb r\u00e8cord de participaci\u00f3 general i amb m\u00e9s d\u2019un 40% de corredores, una xifra entre les m\u00e9s altes de les Illes Balears. \u00a0 La setena edici\u00f3 de l\u2019October Trail Menorca ha comen\u00e7at a rodar aquest dijous amb la presentaci\u00f3 d\u2019una cursa que\u2026","rel":"","context":"In &quot;October Trail&quot;","img":{"alt_text":"","src":"https:\/\/i0.wp.com\/illadelstrails.com\/wp-content\/uploads\/2025\/11\/Presentacio.jpeg?fit=1200%2C782&ssl=1&resize=350%2C200","width":350,"height":200},"classes":[]},{"id":3484,"url":"https:\/\/illadelstrails.com\/ca\/2021\/10\/15\/un-sabado-de-trail-de-bicicleta-y-de-mucho-mas\/","url_meta":{"origin":4347,"position":1},"title":"Un dissabte de trail, de bicicleta i de molt m\u00e9s","date":"15 October, 2021","format":false,"excerpt":"La October Trail viur\u00e0 la seva tercera edici\u00f3 incrementant la seva oferta amb la October Bike i formant part d'un complet cartell d'activitats esportives organitzades per Lago Resort Menorca La zona del Lago de Cala\u2019n Bosch, a Ciutadella, viur\u00e0 aquest dissabte una jornada esportiva d'all\u00f2 m\u00e9s completa gr\u00e0cies a la\u2026","rel":"","context":"In &quot;October Trail&quot;","img":{"alt_text":"","src":"https:\/\/i0.wp.com\/illadelstrails.com\/wp-content\/uploads\/2021\/10\/1.jpeg?fit=1024%2C768&ssl=1&resize=350%2C200","width":350,"height":200},"classes":[]},{"id":5887,"url":"https:\/\/illadelstrails.com\/ca\/2024\/10\/28\/calan-bosch-se-prepara-para-recibir-a-casi-2000-corredores-en-la-october-trail\/","url_meta":{"origin":4347,"position":2},"title":"Cala\u2019n Bosch es prepara per rebre gaireb\u00e9 2000 corredors a l&#8217;October Trail","date":"28 October, 2024","format":false,"excerpt":"La prova esportiva tancar\u00e0 aquest dissabte una nova edici\u00f3 de la Lliga Illa dels Trails amb r\u00e8cord de participaci\u00f3 en els 32KM, els 19KM i els 11KM. L'October Trail 2024 compta les hores perqu\u00e8 comenci l'edici\u00f3 m\u00e9s concorreguda de la seva hist\u00f2ria. La prova, que tamb\u00e9 ser\u00e0 l'encarregada de tancar\u2026","rel":"","context":"In &quot;October Trail&quot;","img":{"alt_text":"","src":"https:\/\/i0.wp.com\/illadelstrails.com\/wp-content\/uploads\/2024\/10\/Presentacion.jpg?fit=1200%2C900&ssl=1&resize=350%2C200","width":350,"height":200},"classes":[]},{"id":3040,"url":"https:\/\/illadelstrails.com\/ca\/2021\/07\/01\/la-october-trail-2021-abre-sus-inscripciones\/","url_meta":{"origin":4347,"position":3},"title":"La October Trail 2021 abre sus inscripciones","date":"1 July, 2021","format":false,"excerpt":"La carrera, que se disputar\u00e1 el 16 de octubre, contar\u00e1 con las distancias de 32KM, 19KM y 11KM con llegada en Cala\u2019n Bosch La tercera edici\u00f3n de la October Trail ha abierto este 1 de julio las inscripciones para las tres distancias con las que contar\u00e1 para este s\u00e1bado, 16\u2026","rel":"","context":"In &quot;October Trail&quot;","img":{"alt_text":"","src":"https:\/\/i0.wp.com\/illadelstrails.com\/wp-content\/uploads\/2021\/07\/OctoberTrail-165-scaled.jpg?fit=1200%2C800&ssl=1&resize=350%2C200","width":350,"height":200},"classes":[]},{"id":2582,"url":"https:\/\/illadelstrails.com\/ca\/2021\/01\/05\/la-trail-dels-barrancs-en-la-liga-illa-dels-trails\/","url_meta":{"origin":4347,"position":4},"title":"La Trail dels Barrancs, en la liga Illa dels Trails","date":"5 January, 2021","format":false,"excerpt":"La carrera, que se disputar\u00e1 el d\u00eda 28 de marzo, ser\u00e1 la segunda prueba de la liga Illa dels Trails El 28 de marzo Alaior acoger\u00e1 la segunda prueba de la liga Illa dels Trails, una competici\u00f3n que se estrena este 2021 y que premiar\u00e1 a los deportistas m\u00e1s regulares\u2026","rel":"","context":"In &quot;Trail dels Barrancs&quot;","img":{"alt_text":"","src":"https:\/\/i0.wp.com\/illadelstrails.com\/wp-content\/uploads\/2021\/01\/noticia_3.jpg?fit=1200%2C752&ssl=1&resize=350%2C200","width":350,"height":200},"classes":[]},{"id":2810,"url":"https:\/\/illadelstrails.com\/ca\/2021\/03\/12\/la-marca-sport-hg-se-incorpora-a-lilla-dels-trails\/","url_meta":{"origin":4347,"position":5},"title":"La marca Sport HG se incorpora a l\u2019Illa dels Trails","date":"12 March, 2021","format":false,"excerpt":"La marca internacional de ropa t\u00e9cnica deportiva ser\u00e1 uno de los principales patrocinadores del circuito de pruebas que tendr\u00e1 lugar en Menorca a lo largo de 2021 El proyecto Illa dels Trails sigue creciendo de cara a un 2021 cargado de ilusi\u00f3n. La prestigiosa marca internacional de ropa t\u00e9cnica deportiva,\u2026","rel":"","context":"In &quot;October Trail&quot;","img":{"alt_text":"","src":"https:\/\/i0.wp.com\/illadelstrails.com\/wp-content\/uploads\/2021\/03\/CarlosLl\u00a9-1381-scaled.jpg?fit=1200%2C800&ssl=1&resize=350%2C200","width":350,"height":200},"classes":[]}],"_links":{"self":[{"href":"https:\/\/illadelstrails.com\/ca\/wp-json\/wp\/v2\/posts\/4347"}],"collection":[{"href":"https:\/\/illadelstrails.com\/ca\/wp-json\/wp\/v2\/posts"}],"about":[{"href":"https:\/\/illadelstrails.com\/ca\/wp-json\/wp\/v2\/types\/post"}],"author":[{"embeddable":true,"href":"https:\/\/illadelstrails.com\/ca\/wp-json\/wp\/v2\/users\/2"}],"replies":[{"embeddable":true,"href":"https:\/\/illadelstrails.com\/ca\/wp-json\/wp\/v2\/comments?post=4347"}],"version-history":[{"count":1,"href":"https:\/\/illadelstrails.com\/ca\/wp-json\/wp\/v2\/posts\/4347\/revisions"}],"predecessor-version":[{"id":4349,"href":"https:\/\/illadelstrails.com\/ca\/wp-json\/wp\/v2\/posts\/4347\/revisions\/4349"}],"wp:featuredmedia":[{"embeddable":true,"href":"https:\/\/illadelstrails.com\/ca\/wp-json\/wp\/v2\/media\/4348"}],"wp:attachment":[{"href":"https:\/\/illadelstrails.com\/ca\/wp-json\/wp\/v2\/media?parent=4347"}],"wp:term":[{"taxonomy":"category","embeddable":true,"href":"https:\/\/illadelstrails.com\/ca\/wp-json\/wp\/v2\/categories?post=4347"},{"taxonomy":"post_tag","embeddable":true,"href":"https:\/\/illadelstrails.com\/ca\/wp-json\/wp\/v2\/tags?post=4347"}],"curies":[{"name":"wp","href":"https:\/\/api.w.org\/{rel}","templated":true}]}}