{"id":4312,"date":"2022-09-18T10:25:05","date_gmt":"2022-09-18T08:25:05","guid":{"rendered":"https:\/\/illadelstrails.com\/?p=4312"},"modified":"2022-09-18T10:25:05","modified_gmt":"2022-09-18T08:25:05","slug":"riioja-y-alles-reyes-del-trail-nocturno","status":"publish","type":"post","link":"https:\/\/illadelstrails.com\/ca\/2022\/09\/18\/riioja-y-alles-reyes-del-trail-nocturno\/","title":{"rendered":"Rioja i All\u00e8s, reis del trail nocturn"},"content":{"rendered":"<h5 style=\"text-align: center;\"><em>El campi\u00f3 s&#8217;imposa amb un temps d&#8217;1.34:11 mentre que la guanyadora signatura una marca d&#8217;1.54:58 per a erigir-se en els m\u00e9s r\u00e0pids de la tercera edici\u00f3 de la\u00a0Trail\u00a0dels\u00a0Fars\u00a0Nocturna<\/em><\/h5>\n<p>David Rioja i Mari\u00a0All\u00e9s\u00a0s\u00f3n els nous reis del\u00a0trail\u00a0nocturn a Menorca. Els dos corredors es van imposar en la tercera edici\u00f3 de la\u00a0Trail\u00a0dels\u00a0Fars\u00a0Nocturna, quarta prova de la lliga\u00a0Illa\u00a0dels\u00a0Trails, en una carrera marcada pel vent que va regalar una nit fresca per als 435 participants inscrits en les dues modalitats. L&#8217;esdeveniment, que compta amb el patrocini de la\u00a0Fundaci\u00f3\u00a0Foment\u00a0del\u00a0Turisme\u00a0de Menorca, la col\u00b7laboraci\u00f3 del Pla de Recuperaci\u00f3, Transformaci\u00f3 i Resili\u00e8ncia del Govern d&#8217;Espanya, finan\u00e7at per la Uni\u00f3 Europea \u2013\u00a0Next\u00a0Generation\u00a0EU, i la\u00a0Ag\u00e8ncia\u00a0d\u2019Estrat\u00e8gia\u00a0Tur\u00edstica dels Illes Balears a m\u00e9s de l&#8217;Ajuntament de Ma\u00f3, va tenir en la base de San Isidro el seu escenari final de luxe per a tancar una nit esportiva i especial.<\/p>\n<p><img loading=\"lazy\" decoding=\"async\" class=\"size-medium wp-image-4314 aligncenter\" src=\"https:\/\/i0.wp.com\/illadelstrails.com\/wp-content\/uploads\/2022\/09\/WhatsApp-Image-2022-09-18-at-9.31.22-AM-1.jpeg?resize=300%2C200&#038;ssl=1\" alt=\"\" width=\"300\" height=\"200\" srcset=\"https:\/\/i0.wp.com\/illadelstrails.com\/wp-content\/uploads\/2022\/09\/WhatsApp-Image-2022-09-18-at-9.31.22-AM-1.jpeg?resize=300%2C200&amp;ssl=1 300w, https:\/\/i0.wp.com\/illadelstrails.com\/wp-content\/uploads\/2022\/09\/WhatsApp-Image-2022-09-18-at-9.31.22-AM-1.jpeg?resize=1024%2C682&amp;ssl=1 1024w, https:\/\/i0.wp.com\/illadelstrails.com\/wp-content\/uploads\/2022\/09\/WhatsApp-Image-2022-09-18-at-9.31.22-AM-1.jpeg?resize=768%2C512&amp;ssl=1 768w, https:\/\/i0.wp.com\/illadelstrails.com\/wp-content\/uploads\/2022\/09\/WhatsApp-Image-2022-09-18-at-9.31.22-AM-1.jpeg?resize=1536%2C1023&amp;ssl=1 1536w, https:\/\/i0.wp.com\/illadelstrails.com\/wp-content\/uploads\/2022\/09\/WhatsApp-Image-2022-09-18-at-9.31.22-AM-1.jpeg?w=1600&amp;ssl=1 1600w\" sizes=\"(max-width: 300px) 100vw, 300px\" data-recalc-dims=\"1\" \/><br \/>\nDavid Rioja va aturar el\u00a0crono\u00a0en 1.34:11 per a proclamar-se vencedor de l&#8217;esdeveniment per davant del menorqu\u00ed Joan\u00a0Florit, guanyador en 2021 (1.35:10) i de Ruben\u00a0Bobillo\u00a0(1.38:14). Va ser una carrera r\u00e0pida, disputada i en la qual des del principi les condicions meteorol\u00f2giques van permetre uns ritmes alts. Des de la sortida en el far de\u00a0Fav\u00e0ritx, els participants van gaudir d&#8217;un entorn natural cap a\u00a0Es\u00a0Grau, on despr\u00e9s del pas per l&#8217;avituallament solament quedava tornar al\u00a0Cam\u00ed\u00a0de\u00a0Cavalls\u00a0per a enfilar rumb a\u00a0Sa\u00a0Mesquida.<\/p>\n<p>En dones, Mari\u00a0All\u00e9s\u00a0va ser la guanyadora, com en 2021, amb un temps d&#8217;1.54:58, mostrant un gran nivell i imposant-se a Margalida Perell\u00f3 (1.57:41) i a Elena\u00a0Clavijo\u00a0(1.58:58). Meravell\u00f3s duel esportiu que es va resoldre en favor de Mari\u00a0All\u00e9s\u00a0al\u00e7ant-se, de nou, amb el triomf.<\/p>\n<p>La carrera de 13KM va arrencar a les 20 hores en\u00a0Es\u00a0Grau i va propiciar un tra\u00e7at exigent per\u00f2 alhora r\u00e0pid on Antonio Saavedra va ser el m\u00e9s velo\u00e7 a arribar a la meta (54:19). Ho va intentar i ho va donar tot Jon Fern\u00e1ndez, en una carrera molt disputada, conformant-se amb la medalla de plata (54:30) per davant de Toni\u00a0Florit\u00a0(56:00).<\/p>\n<p>En el cas de les guerreres,\u00a0Lena\u00a0Moll va ser la m\u00e9s r\u00e0pida amb un registre d&#8217;1.05:56 vencent a Marta\u00a0Orives\u00a0(1.08:15) i a Clara Coll (1.08:26).<\/p>\n<p>La carrera va acabar en la base de San Isidro, on despr\u00e9s de les arribades es va procedir al lliurament de trofeus amb la pres\u00e8ncia de la regidora de Comer\u00e7 i Turisme de Ma\u00f3, Carme Segu\u00ed, acompanyada del capit\u00e0 cap en base de Sant Isidre, David\u00a0Celdr\u00e1n, i el vicepresident de la\u00a0Fundaci\u00f3\u00a0Foment\u00a0del\u00a0Turisme\u00a0i conseller de\u00a0Economia, Josep\u00a0Pastrana, a m\u00e9s dels organitzadors Toni\u00a0Cap\u00f3\u00a0i Mito Bosch.<\/p>\n","protected":false},"excerpt":{"rendered":"<p>El campi\u00f3 s&#8217;imposa amb un temps d&#8217;1.34:11 mentre que la guanyadora signatura una marca d&#8217;1.54:58 per a erigir-se en els m\u00e9s r\u00e0pids de la tercera edici\u00f3 de la\u00a0Trail\u00a0dels\u00a0Fars\u00a0Nocturna David Rioja i Mari\u00a0All\u00e9s\u00a0s\u00f3n els nous reis del\u00a0trail\u00a0nocturn a Menorca. Els dos corredors es van imposar en la tercera edici\u00f3 de la\u00a0Trail\u00a0dels\u00a0Fars\u00a0Nocturna, quarta prova de la lliga\u00a0Illa\u00a0dels\u00a0Trails, [&hellip;]<\/p>\n","protected":false},"author":2,"featured_media":4313,"comment_status":"open","ping_status":"open","sticky":false,"template":"","format":"standard","meta":{"spay_email":"","footnotes":""},"categories":[68],"tags":[75,72,71,89,74],"class_list":["post-4312","post","type-post","status-publish","format-standard","has-post-thumbnail","hentry","category-trail-nocturna","tag-cami-de-cavalls","tag-illa-dels-trails","tag-menorca","tag-trail-dels-fars-nocturna","tag-trail-run"],"acf":[],"jetpack_featured_media_url":"https:\/\/i0.wp.com\/illadelstrails.com\/wp-content\/uploads\/2022\/09\/WhatsApp-Image-2022-09-18-at-9.31.23-AM-1.jpeg?fit=1600%2C1066&ssl=1","jetpack-related-posts":[{"id":4703,"url":"https:\/\/illadelstrails.com\/ca\/2023\/02\/08\/la-trail-dels-fars-nocturna-abre-sus-inscripciones-y-regresa-a-menorca-el-16-de-septiembre\/","url_meta":{"origin":4312,"position":0},"title":"La Trail dels Fars Nocturna obre les seves inscripcions i torna a Menorca el 16 de setembre","date":"8 February, 2023","format":false,"excerpt":"La carrera, que ser\u00e0 la tercera cita de la lliga Illa dels Trails, comptar\u00e0 amb les dist\u00e0ncies de 23KM i de 13KM entre el far de Favaritx i la Base Militar de San Isidro La tercera parada de la lliga Illa dels Trails que es disputa a Menorca tindr\u00e0 la\u2026","rel":"","context":"In &quot;Trail Nocturna&quot;","img":{"alt_text":"","src":"https:\/\/i0.wp.com\/illadelstrails.com\/wp-content\/uploads\/2023\/02\/TrailNocturna2022-098-scaled.jpg?fit=1200%2C800&ssl=1&resize=350%2C200","width":350,"height":200},"classes":[]},{"id":5742,"url":"https:\/\/illadelstrails.com\/ca\/2024\/09\/30\/alles-y-villalonga-reinan-en-la-trail-dels-fars-nocturna\/","url_meta":{"origin":4312,"position":1},"title":"All\u00e9s i Villalonga regnen a la Trail dels Fars Nocturna","date":"30 September, 2024","format":false,"excerpt":"Els esportistes de Ciutadella s'emporten el triomf en la nit maonesa, acompanyats per Lena Moll, als 13KM i pel catal\u00e0 Bruno Montefusco. La tercera cita de l'Illa dels Trails ja t\u00e9 els seus reis i reines. Mari All\u00e9s i Xavi Villalonga van ser els esportistes m\u00e9s r\u00e0pids de la Trail\u2026","rel":"","context":"In &quot;Trail Nocturna&quot;","img":{"alt_text":"","src":"https:\/\/i0.wp.com\/illadelstrails.com\/wp-content\/uploads\/2024\/09\/WhatsApp-Image-2024-09-28-at-23.39.45-3-scaled.jpeg?fit=1200%2C800&ssl=1&resize=350%2C200","width":350,"height":200},"classes":[]},{"id":5738,"url":"https:\/\/illadelstrails.com\/ca\/2024\/09\/30\/la-trail-dels-fars-nocturna-lista-para-el-fin-de-semana\/","url_meta":{"origin":4312,"position":2},"title":"La Trail dels Fars Nocturna, a punt per al cap de setmana","date":"30 September, 2024","format":false,"excerpt":"La tercera cursa de la lliga Illa dels Trails comptar\u00e0 amb prop de 400 participants repartits entre les seves dues dist\u00e0ncies de 13 i 23 quil\u00f2metres. La tercera cita de la lliga Illa dels Trails ja \u00e9s aqu\u00ed. La Trail dels Fars Nocturna, que enguany s'ha retardat en el calendari\u2026","rel":"","context":"In &quot;Trail Nocturna&quot;","img":{"alt_text":"","src":"https:\/\/i0.wp.com\/illadelstrails.com\/wp-content\/uploads\/2024\/09\/IMG_8791.jpg?fit=1200%2C900&ssl=1&resize=350%2C200","width":350,"height":200},"classes":[]},{"id":2810,"url":"https:\/\/illadelstrails.com\/ca\/2021\/03\/12\/la-marca-sport-hg-se-incorpora-a-lilla-dels-trails\/","url_meta":{"origin":4312,"position":3},"title":"La marca Sport HG se incorpora a l\u2019Illa dels Trails","date":"12 March, 2021","format":false,"excerpt":"La marca internacional de ropa t\u00e9cnica deportiva ser\u00e1 uno de los principales patrocinadores del circuito de pruebas que tendr\u00e1 lugar en Menorca a lo largo de 2021 El proyecto Illa dels Trails sigue creciendo de cara a un 2021 cargado de ilusi\u00f3n. La prestigiosa marca internacional de ropa t\u00e9cnica deportiva,\u2026","rel":"","context":"In &quot;October Trail&quot;","img":{"alt_text":"","src":"https:\/\/i0.wp.com\/illadelstrails.com\/wp-content\/uploads\/2021\/03\/CarlosLl\u00a9-1381-scaled.jpg?fit=1200%2C800&ssl=1&resize=350%2C200","width":350,"height":200},"classes":[]},{"id":2582,"url":"https:\/\/illadelstrails.com\/ca\/2021\/01\/05\/la-trail-dels-barrancs-en-la-liga-illa-dels-trails\/","url_meta":{"origin":4312,"position":4},"title":"La Trail dels Barrancs, en la liga Illa dels Trails","date":"5 January, 2021","format":false,"excerpt":"La carrera, que se disputar\u00e1 el d\u00eda 28 de marzo, ser\u00e1 la segunda prueba de la liga Illa dels Trails El 28 de marzo Alaior acoger\u00e1 la segunda prueba de la liga Illa dels Trails, una competici\u00f3n que se estrena este 2021 y que premiar\u00e1 a los deportistas m\u00e1s regulares\u2026","rel":"","context":"In &quot;Trail dels Barrancs&quot;","img":{"alt_text":"","src":"https:\/\/i0.wp.com\/illadelstrails.com\/wp-content\/uploads\/2021\/01\/noticia_3.jpg?fit=1200%2C752&ssl=1&resize=350%2C200","width":350,"height":200},"classes":[]},{"id":4305,"url":"https:\/\/illadelstrails.com\/ca\/2022\/09\/14\/la-trail-dels-fars-nocturna-de-record\/","url_meta":{"origin":4312,"position":5},"title":"La Trail dels Fars Nocturna, de r\u00e8cord","date":"14 September, 2022","format":false,"excerpt":"La quarta prova de la lliga\u00a0Illa\u00a0dels\u00a0Trails\u00a0es disputa aquest dissabte amb m\u00e9s de 425 participants entre les dues dist\u00e0ncies amb arribada a la Base Militar de San Isidro La segona edici\u00f3 de la Lliga\u00a0Illa\u00a0dels\u00a0Trails\u00a0arriba a la seva quarta estaci\u00f3, la\u00a0Trail\u00a0dels\u00a0Fars\u00a0Nocturna, amb un \u2018sold\u00a0out\u2019 en inscripcions i amb m\u00e9s de 425 esportistes\u2026","rel":"","context":"In &quot;Trail Nocturna&quot;","img":{"alt_text":"","src":"https:\/\/i0.wp.com\/illadelstrails.com\/wp-content\/uploads\/2022\/09\/1-scaled.jpg?fit=1200%2C800&ssl=1&resize=350%2C200","width":350,"height":200},"classes":[]}],"_links":{"self":[{"href":"https:\/\/illadelstrails.com\/ca\/wp-json\/wp\/v2\/posts\/4312"}],"collection":[{"href":"https:\/\/illadelstrails.com\/ca\/wp-json\/wp\/v2\/posts"}],"about":[{"href":"https:\/\/illadelstrails.com\/ca\/wp-json\/wp\/v2\/types\/post"}],"author":[{"embeddable":true,"href":"https:\/\/illadelstrails.com\/ca\/wp-json\/wp\/v2\/users\/2"}],"replies":[{"embeddable":true,"href":"https:\/\/illadelstrails.com\/ca\/wp-json\/wp\/v2\/comments?post=4312"}],"version-history":[{"count":1,"href":"https:\/\/illadelstrails.com\/ca\/wp-json\/wp\/v2\/posts\/4312\/revisions"}],"predecessor-version":[{"id":4315,"href":"https:\/\/illadelstrails.com\/ca\/wp-json\/wp\/v2\/posts\/4312\/revisions\/4315"}],"wp:featuredmedia":[{"embeddable":true,"href":"https:\/\/illadelstrails.com\/ca\/wp-json\/wp\/v2\/media\/4313"}],"wp:attachment":[{"href":"https:\/\/illadelstrails.com\/ca\/wp-json\/wp\/v2\/media?parent=4312"}],"wp:term":[{"taxonomy":"category","embeddable":true,"href":"https:\/\/illadelstrails.com\/ca\/wp-json\/wp\/v2\/categories?post=4312"},{"taxonomy":"post_tag","embeddable":true,"href":"https:\/\/illadelstrails.com\/ca\/wp-json\/wp\/v2\/tags?post=4312"}],"curies":[{"name":"wp","href":"https:\/\/api.w.org\/{rel}","templated":true}]}}