{"id":4305,"date":"2022-09-14T17:56:26","date_gmt":"2022-09-14T15:56:26","guid":{"rendered":"https:\/\/illadelstrails.com\/?p=4305"},"modified":"2022-09-14T17:56:26","modified_gmt":"2022-09-14T15:56:26","slug":"la-trail-dels-fars-nocturna-de-record","status":"publish","type":"post","link":"https:\/\/illadelstrails.com\/ca\/2022\/09\/14\/la-trail-dels-fars-nocturna-de-record\/","title":{"rendered":"La Trail dels Fars Nocturna, de r\u00e8cord"},"content":{"rendered":"<h4><em>La quarta prova de la lliga\u00a0Illa\u00a0dels\u00a0Trails\u00a0es disputa aquest dissabte amb m\u00e9s de 425 participants entre les dues dist\u00e0ncies amb arribada a la Base Militar de San Isidro<\/em><\/h4>\n<p>La segona edici\u00f3 de la Lliga\u00a0Illa\u00a0dels\u00a0Trails\u00a0arriba a la seva quarta estaci\u00f3, la\u00a0Trail\u00a0dels\u00a0Fars\u00a0Nocturna, amb un \u2018sold\u00a0out\u2019 en inscripcions i amb m\u00e9s de 425 esportistes inscrits entre les dues dist\u00e0ncies. L&#8217;esdeveniment, que compta amb el patrocini de la\u00a0Fundaci\u00f3\u00a0Foment\u00a0del\u00a0Turisme\u00a0de Menorca, la col\u00b7laboraci\u00f3 del Pla de Recuperaci\u00f3, Transformaci\u00f3 i Resili\u00e8ncia del Govern d&#8217;Espanya, finan\u00e7at per la Uni\u00f3 Europea \u2013\u00a0Next\u00a0Generation\u00a0EU, i la\u00a0Ag\u00e8ncia\u00a0d\u2019Estrat\u00e8gia\u00a0Tur\u00edstica dels Illes Balears, tindr\u00e0 les sortides des del far de\u00a0Fav\u00e0ritx\u00a0i des de\u00a0Es\u00a0Grau, amb l&#8217;arribada a la base militar de San Isidro, que acollir\u00e0 la fi de festa, com en 2021.<\/p>\n<p>La prova s&#8217;ha presentat aquest dimecres en les instal\u00b7lacions del gimn\u00e0s\u00a0Biosport\u00a0Mar\u00edtim, en el port de Ma\u00f3, amb la pres\u00e8ncia del vicepresident del Consell Insular, Josep\u00a0Pastrana, el conseller d&#8217;Esports, Miquel \u00c0ngel Maria, el regidor d&#8217;Esports de l&#8217;Ajuntament de Ma\u00f3, Carlos Montes, el capit\u00e0 cap de la base, David\u00a0Celdr\u00e1n\u00a0i el gerent i propietari de l&#8217;empresa Bosch &amp; Lozano, Josep Bosch, com un dels patrocinadors de l&#8217;esdeveniment, a m\u00e9s de Toni Cap\u00f3, director general de Biosport Menorca i coorganitzador.<\/p>\n<p>Els dorsals per a la carrera s&#8217;han comen\u00e7at a repartir aquest mateix dimecres en els diferents centres esportius municipals i privats que gestiona l&#8217;empresa\u00a0Biosport\u00a0Menorca, coorganitzadora de\u00a0Illa\u00a0dels\u00a0Trails, juntament amb\u00a0Elitechip. Per a minimitzar l&#8217;impacte, l&#8217;organitzaci\u00f3 ha establert autobusos que sortiran a les 19 i a les 20 hores des de San Isidro fins a les sortides de 23 i 13KM, respectivament, que es faran a les 20 i a les 21 hores. A m\u00e9s, en els punts d&#8217;avituallament hi haur\u00e0 un sistema de recollida selectiva de residus, aix\u00ed com l&#8217;obligatorietat que tots els participants marquin amb el n\u00famero del seu dorsal els gels i barretes que vagin a portar.<\/p>\n<p>La bona predisposici\u00f3 de l&#8217;Ex\u00e8rcit d&#8217;Espanya, a trav\u00e9s del personal destacat en la base de San Isidro, ha propiciat que una vegada m\u00e9s la instal\u00b7laci\u00f3 aculli el final d&#8217;un esdeveniment que serveix tamb\u00e9 perqu\u00e8 els menorquins puguin con\u00e8ixer part del seu patrimoni, a m\u00e9s de passar per un tram del cam\u00ed privat que arriba fins a Ma\u00f3 sense passar per l&#8217;asfalt de la carretera de\u00a0Sa\u00a0Mesquida. A m\u00e9s, la carrera en ser nocturna oferir\u00e0 un espectacle a priori amb les estrelles com a principal reclam, recordant que Menorca \u00e9s un dest\u00ed \u2018start\u00a0light\u2019 el que li col\u00b7loca com especialment atractiu per a aix\u00f2.<\/p>\n<p>Despr\u00e9s de la disputa de la\u00a0Trail\u00a0dels\u00a0Fars, la\u00a0Trail\u00a0del\u00a0Nord\u00a0i la\u00a0Trail\u00a0dels\u00a0Barrancs, arriba la quarta prova de la lliga\u00a0Illa\u00a0dels\u00a0Trails, a la qual nom\u00e9s quedar\u00e0 la\u00a0October\u00a0Trail\u00a0del pr\u00f2xim 17 d&#8217;octubre, que ja ha esgotat les seves places. Aix\u00ed mateix, el dilluns 19 de setembre s&#8217;obriran les inscripcions per a la\u00a0Trail\u00a0dels\u00a0Fars\u00a0que es disputar\u00e0 el 5 de febrer del pr\u00f2xim any. L&#8217;obertura es far\u00e0 amb 48 hores de preus redu\u00efts amb les inscripcions en la web de <a href=\"http:\/\/www.elitechip.net\">www.elitechip.net<\/a><\/p>\n","protected":false},"excerpt":{"rendered":"<p>La quarta prova de la lliga\u00a0Illa\u00a0dels\u00a0Trails\u00a0es disputa aquest dissabte amb m\u00e9s de 425 participants entre les dues dist\u00e0ncies amb arribada a la Base Militar de San Isidro La segona edici\u00f3 de la Lliga\u00a0Illa\u00a0dels\u00a0Trails\u00a0arriba a la seva quarta estaci\u00f3, la\u00a0Trail\u00a0dels\u00a0Fars\u00a0Nocturna, amb un \u2018sold\u00a0out\u2019 en inscripcions i amb m\u00e9s de 425 esportistes inscrits entre les dues dist\u00e0ncies. [&hellip;]<\/p>\n","protected":false},"author":2,"featured_media":4306,"comment_status":"open","ping_status":"open","sticky":false,"template":"","format":"standard","meta":{"spay_email":"","footnotes":""},"categories":[68],"tags":[75,72,71,89,74],"class_list":["post-4305","post","type-post","status-publish","format-standard","has-post-thumbnail","hentry","category-trail-nocturna","tag-cami-de-cavalls","tag-illa-dels-trails","tag-menorca","tag-trail-dels-fars-nocturna","tag-trail-run"],"acf":[],"jetpack_featured_media_url":"https:\/\/i0.wp.com\/illadelstrails.com\/wp-content\/uploads\/2022\/09\/1-scaled.jpg?fit=2560%2C1707&ssl=1","jetpack-related-posts":[{"id":4703,"url":"https:\/\/illadelstrails.com\/ca\/2023\/02\/08\/la-trail-dels-fars-nocturna-abre-sus-inscripciones-y-regresa-a-menorca-el-16-de-septiembre\/","url_meta":{"origin":4305,"position":0},"title":"La Trail dels Fars Nocturna obre les seves inscripcions i torna a Menorca el 16 de setembre","date":"8 February, 2023","format":false,"excerpt":"La carrera, que ser\u00e0 la tercera cita de la lliga Illa dels Trails, comptar\u00e0 amb les dist\u00e0ncies de 23KM i de 13KM entre el far de Favaritx i la Base Militar de San Isidro La tercera parada de la lliga Illa dels Trails que es disputa a Menorca tindr\u00e0 la\u2026","rel":"","context":"In &quot;Trail Nocturna&quot;","img":{"alt_text":"","src":"https:\/\/i0.wp.com\/illadelstrails.com\/wp-content\/uploads\/2023\/02\/TrailNocturna2022-098-scaled.jpg?fit=1200%2C800&ssl=1&resize=350%2C200","width":350,"height":200},"classes":[]},{"id":2582,"url":"https:\/\/illadelstrails.com\/ca\/2021\/01\/05\/la-trail-dels-barrancs-en-la-liga-illa-dels-trails\/","url_meta":{"origin":4305,"position":1},"title":"La Trail dels Barrancs, en la liga Illa dels Trails","date":"5 January, 2021","format":false,"excerpt":"La carrera, que se disputar\u00e1 el d\u00eda 28 de marzo, ser\u00e1 la segunda prueba de la liga Illa dels Trails El 28 de marzo Alaior acoger\u00e1 la segunda prueba de la liga Illa dels Trails, una competici\u00f3n que se estrena este 2021 y que premiar\u00e1 a los deportistas m\u00e1s regulares\u2026","rel":"","context":"In &quot;Trail dels Barrancs&quot;","img":{"alt_text":"","src":"https:\/\/i0.wp.com\/illadelstrails.com\/wp-content\/uploads\/2021\/01\/noticia_3.jpg?fit=1200%2C752&ssl=1&resize=350%2C200","width":350,"height":200},"classes":[]},{"id":5738,"url":"https:\/\/illadelstrails.com\/ca\/2024\/09\/30\/la-trail-dels-fars-nocturna-lista-para-el-fin-de-semana\/","url_meta":{"origin":4305,"position":2},"title":"La Trail dels Fars Nocturna, a punt per al cap de setmana","date":"30 September, 2024","format":false,"excerpt":"La tercera cursa de la lliga Illa dels Trails comptar\u00e0 amb prop de 400 participants repartits entre les seves dues dist\u00e0ncies de 13 i 23 quil\u00f2metres. La tercera cita de la lliga Illa dels Trails ja \u00e9s aqu\u00ed. La Trail dels Fars Nocturna, que enguany s'ha retardat en el calendari\u2026","rel":"","context":"In &quot;Trail Nocturna&quot;","img":{"alt_text":"","src":"https:\/\/i0.wp.com\/illadelstrails.com\/wp-content\/uploads\/2024\/09\/IMG_8791.jpg?fit=1200%2C900&ssl=1&resize=350%2C200","width":350,"height":200},"classes":[]},{"id":2810,"url":"https:\/\/illadelstrails.com\/ca\/2021\/03\/12\/la-marca-sport-hg-se-incorpora-a-lilla-dels-trails\/","url_meta":{"origin":4305,"position":3},"title":"La marca Sport HG se incorpora a l\u2019Illa dels Trails","date":"12 March, 2021","format":false,"excerpt":"La marca internacional de ropa t\u00e9cnica deportiva ser\u00e1 uno de los principales patrocinadores del circuito de pruebas que tendr\u00e1 lugar en Menorca a lo largo de 2021 El proyecto Illa dels Trails sigue creciendo de cara a un 2021 cargado de ilusi\u00f3n. La prestigiosa marca internacional de ropa t\u00e9cnica deportiva,\u2026","rel":"","context":"In &quot;October Trail&quot;","img":{"alt_text":"","src":"https:\/\/i0.wp.com\/illadelstrails.com\/wp-content\/uploads\/2021\/03\/CarlosLl\u00a9-1381-scaled.jpg?fit=1200%2C800&ssl=1&resize=350%2C200","width":350,"height":200},"classes":[]},{"id":5015,"url":"https:\/\/illadelstrails.com\/ca\/2023\/09\/13\/la-trail-dels-fars-supera-los-400-participantes-para-su-cuarta-edicion\/","url_meta":{"origin":4305,"position":4},"title":"La Trail dels Fars supera els 400 participants en la seva quarta edici\u00f3","date":"13 September, 2023","format":false,"excerpt":"La cursa, que ser\u00e0 la tercera cita de la lliga Illa dels Trails, comptar\u00e0 amb les dist\u00e0ncies de 23KM i 13KM entre el far de Favaritx i la Base Militar de San Isidro La quarta edici\u00f3 de la Trail dels Fars Nocturna s'ha presentat aquest dimecres al Biosport Mar\u00edtim amb\u2026","rel":"","context":"In &quot;Trail Nocturna&quot;","img":{"alt_text":"","src":"https:\/\/i0.wp.com\/illadelstrails.com\/wp-content\/uploads\/2023\/09\/Presentacio\u0301.jpeg?fit=1024%2C768&ssl=1&resize=350%2C200","width":350,"height":200},"classes":[]},{"id":4691,"url":"https:\/\/illadelstrails.com\/ca\/2023\/02\/03\/la-trail-dels-fars-acoge-750-participantes-para-su-decima-edicion\/","url_meta":{"origin":4305,"position":5},"title":"La Trail dels Fars acull 750 participants per a la seva desena edici\u00f3","date":"3 February, 2023","format":false,"excerpt":"La primera prova de l'edici\u00f3 de 2023 de la lliga\u00a0Illa\u00a0dels\u00a0Trails\u00a0compta amb tres dist\u00e0ncies que es disputaran \u00edntegrament el diumenge La\u00a0Illa\u00a0dels\u00a0Trails\u00a0obre la seva tercera edici\u00f3 aquest diumenge amb la disputa de la desena edici\u00f3 de la\u00a0Trail\u00a0dels\u00a0Fars. La carrera, que s'ha presentat aquest divendres en el renovat sal\u00f3 g\u00f2tic de l'Ajuntament de\u2026","rel":"","context":"In &quot;Trail dels Fars&quot;","img":{"alt_text":"","src":"https:\/\/i0.wp.com\/illadelstrails.com\/wp-content\/uploads\/2023\/02\/1.jpeg?fit=1200%2C900&ssl=1&resize=350%2C200","width":350,"height":200},"classes":[]}],"_links":{"self":[{"href":"https:\/\/illadelstrails.com\/ca\/wp-json\/wp\/v2\/posts\/4305"}],"collection":[{"href":"https:\/\/illadelstrails.com\/ca\/wp-json\/wp\/v2\/posts"}],"about":[{"href":"https:\/\/illadelstrails.com\/ca\/wp-json\/wp\/v2\/types\/post"}],"author":[{"embeddable":true,"href":"https:\/\/illadelstrails.com\/ca\/wp-json\/wp\/v2\/users\/2"}],"replies":[{"embeddable":true,"href":"https:\/\/illadelstrails.com\/ca\/wp-json\/wp\/v2\/comments?post=4305"}],"version-history":[{"count":1,"href":"https:\/\/illadelstrails.com\/ca\/wp-json\/wp\/v2\/posts\/4305\/revisions"}],"predecessor-version":[{"id":4307,"href":"https:\/\/illadelstrails.com\/ca\/wp-json\/wp\/v2\/posts\/4305\/revisions\/4307"}],"wp:featuredmedia":[{"embeddable":true,"href":"https:\/\/illadelstrails.com\/ca\/wp-json\/wp\/v2\/media\/4306"}],"wp:attachment":[{"href":"https:\/\/illadelstrails.com\/ca\/wp-json\/wp\/v2\/media?parent=4305"}],"wp:term":[{"taxonomy":"category","embeddable":true,"href":"https:\/\/illadelstrails.com\/ca\/wp-json\/wp\/v2\/categories?post=4305"},{"taxonomy":"post_tag","embeddable":true,"href":"https:\/\/illadelstrails.com\/ca\/wp-json\/wp\/v2\/tags?post=4305"}],"curies":[{"name":"wp","href":"https:\/\/api.w.org\/{rel}","templated":true}]}}