{"id":4257,"date":"2022-04-29T11:01:23","date_gmt":"2022-04-29T09:01:23","guid":{"rendered":"https:\/\/illadelstrails.com\/?p=4257"},"modified":"2022-04-29T11:01:23","modified_gmt":"2022-04-29T09:01:23","slug":"alles-y-duran-prolongan-su-reinado-en-alaior","status":"publish","type":"post","link":"https:\/\/illadelstrails.com\/ca\/2022\/04\/29\/alles-y-duran-prolongan-su-reinado-en-alaior\/","title":{"rendered":"All\u00e9s i Dur\u00e1n prolonguen el seu regnat a Alaior"},"content":{"rendered":"<h6><em>Els dos corredors repeteixen la vict\u00f2ria de la\u00a0Trail\u00a0del\u00a0Nord\u00a0i s&#8217;afermen a la part alta de la Lliga\u00a0Illa\u00a0dels\u00a0Trails.\u00a0Bel\u00a0Dur\u00e1n i\u00a0Pujades, en els 21KM, i\u00a0Reurer\u00a0i Moll, en els 15KM, completen els triomfs<\/em><\/h6>\n<p>La\u00a0Trail\u00a0dels\u00a0Barrancs\u00a0va tancar aquest diumenge una fant\u00e0stica edici\u00f3 marcada pel bon temps que va acompanyar als participants en les tres dist\u00e0ncies que formen part de la que \u00e9s la tercera prova de la segona edici\u00f3 de la Lliga\u00a0Illa\u00a0dels\u00a0Trails. L&#8217;esdeveniment, que compta amb el patrocini de la\u00a0Fundaci\u00f3\u00a0Foment\u00a0del Turisme de Menorca, de la\u00a0Ag\u00e8ncia\u00a0d\u2019Estrat\u00e8gia\u00a0Tur\u00edstica dels Illes Balears i del Pla de Recuperaci\u00f3, Transformaci\u00f3 i Resili\u00e8ncia, va coronar a Mari\u00a0All\u00e9s\u00a0i\u00a0Guiem\u00a0Dur\u00e1n com els clars\u00a0candidats\u00a0a emportar-se la vict\u00f2ria en la segona edici\u00f3 de la Lliga\u00a0Illa\u00a0dels\u00a0Trails.\u00a0Bel\u00a0Dur\u00e1n i Jos\u00e9 Luis Garc\u00eda\u00a0Pujades, en els 21KM, i Sergi\u00a0Reurer\u00a0i\u00a0Lena\u00a0Moll, en els 15KM, van completar la pissarra de guanyadors.<\/p>\n<p>En la categoria regna, que va comen\u00e7ar a Alaior amb un circuit circular de 38KM, aviat Duran va imposar el seu nivell, trencant la dist\u00e0ncia amb els seus rivals, on els \u00fanics capa\u00e7os de seguir-li el ritme fins a la meitat de la carrera va ser el trio format per Ruben\u00a0Benjam, Francesc\u00a0Cavaller\u00a0i Pau\u00a0Benejam. Finalment van ser aquests dos \u00faltims els que van acompanyar al mallorqu\u00ed en el podi amb un temps de 3:05:54, 3:14:32 per a Pau i 3:20:18 per a Francesc.<\/p>\n<p>En dones, Mari\u00a0All\u00e9s\u00a0i Mar\u00eda\u00a0Fiol\u00a0van protagonitzar un bonic pols d&#8217;inici per la primera posici\u00f3 que es va decantar en favor de la primera, que va ser capa\u00e7 d&#8217;imposar el seu ritme per a entrar en meta despr\u00e9s de 3:42:19, mentre que\u00a0Fiol\u00a0va creuar l&#8217;arc amb un\u00a0crono\u00a0de 3:51:02. Va completar el podi Marta\u00a0Orives, amb una bona carrera i un temps de 4:04:18.<\/p>\n<p>En els 21KM, espectacular duel el que es va viure en el Poliesportiu Municipal d&#8217;Alaior entre Jos\u00e9 Luis Garc\u00eda\u00a0Pujades\u00a0i Dami\u00e0\u00a0Ramis\u00a0que es va resoldre al sprint en els \u00faltims metres amb\u00a0Pujades\u00a0lleugerament superior imposant-se per una mica m\u00e9s de 500 mil\u00b7l\u00e8simes, ja que els dos van entrar amb 1:26:26. El tercer lloc va recaure a les cames de Marc L\u00f3pez.<\/p>\n<p>La mallorquina Bel Dur\u00e1n va pastar un avantatge suficient des del primer moment per a al\u00e7ar-se amb el triomf a Alaior (1:57:41), per davant de Margalida Perell\u00f3 (2:02:57) i de Laura Ruiz (2:06:50), en una molt disputada tercera posici\u00f3.<\/p>\n<p>En els 15KM, Sergi\u00a0Reurer\u00a0no va trobar rival, corrent molt c\u00f2mode i superior als seus adversaris per a emportar-se el triomf amb 58:46. El mallorqu\u00ed Adri\u00e1n Miralles es va emportar la plata (1:01:21) i Javier Lorente es va ensenyorir del bronze (1:01:50).\u00a0Lena\u00a0Moll tampoc va veure perillar el seu triomf en entrar en meta amb 1:16:05, mentre que el\u00a0crono\u00a0es va detenir en 1:21:03 amb l&#8217;entrada de Clara Coll, i en 1:27:36 per Laia Serrat.<\/p>\n<p>Despr\u00e9s de la carrera es va procedir al lliurament de trofeus encap\u00e7alada pel vicepresident de la\u00a0Fundaci\u00f3\u00a0Foment\u00a0de\u00a0Turisme, Josep\u00a0Pastrana, i els regidors de l&#8217;ajuntament d&#8217;Alaior, Maria Antonia Pons, Maria de la Mar L\u00f3pez i Luis Ar\u00e9valo, a m\u00e9s dels organitzadors, Toni\u00a0Cap\u00f3\u00a0i\u00a0Guiem\u00a0Bosch.<\/p>\n<p>La\u00a0Illa\u00a0dels\u00a0Trails\u00a0es trasllada ara al 17 de setembre quan es disputi la\u00a0Trail\u00a0dels\u00a0Fars\u00a0Nocturna, quarta prova de la lliga, i que obrir\u00e0 les seves inscripcions aquest dilluns, 25 d&#8217;abril, amb 48 hores de preus redu\u00efts.<\/p>\n","protected":false},"excerpt":{"rendered":"<p>Els dos corredors repeteixen la vict\u00f2ria de la\u00a0Trail\u00a0del\u00a0Nord\u00a0i s&#8217;afermen a la part alta de la Lliga\u00a0Illa\u00a0dels\u00a0Trails.\u00a0Bel\u00a0Dur\u00e1n i\u00a0Pujades, en els 21KM, i\u00a0Reurer\u00a0i Moll, en els 15KM, completen els triomfs La\u00a0Trail\u00a0dels\u00a0Barrancs\u00a0va tancar aquest diumenge una fant\u00e0stica edici\u00f3 marcada pel bon temps que va acompanyar als participants en les tres dist\u00e0ncies que formen part de la que \u00e9s [&hellip;]<\/p>\n","protected":false},"author":2,"featured_media":4183,"comment_status":"open","ping_status":"open","sticky":false,"template":"","format":"standard","meta":{"spay_email":"","footnotes":""},"categories":[69],"tags":[75,72,71,87,74],"class_list":["post-4257","post","type-post","status-publish","format-standard","has-post-thumbnail","hentry","category-trail-dels-barrancs","tag-cami-de-cavalls","tag-illa-dels-trails","tag-menorca","tag-trail-dels-barrancs","tag-trail-run"],"acf":[],"jetpack_featured_media_url":"https:\/\/i0.wp.com\/illadelstrails.com\/wp-content\/uploads\/2022\/04\/Trail-Dels-Barrancs-2022-312.jpg?fit=1600%2C1067&ssl=1","jetpack-related-posts":[{"id":2582,"url":"https:\/\/illadelstrails.com\/ca\/2021\/01\/05\/la-trail-dels-barrancs-en-la-liga-illa-dels-trails\/","url_meta":{"origin":4257,"position":0},"title":"La Trail dels Barrancs, en la liga Illa dels Trails","date":"5 January, 2021","format":false,"excerpt":"La carrera, que se disputar\u00e1 el d\u00eda 28 de marzo, ser\u00e1 la segunda prueba de la liga Illa dels Trails El 28 de marzo Alaior acoger\u00e1 la segunda prueba de la liga Illa dels Trails, una competici\u00f3n que se estrena este 2021 y que premiar\u00e1 a los deportistas m\u00e1s regulares\u2026","rel":"","context":"In &quot;Trail dels Barrancs&quot;","img":{"alt_text":"","src":"https:\/\/i0.wp.com\/illadelstrails.com\/wp-content\/uploads\/2021\/01\/noticia_3.jpg?fit=1200%2C752&ssl=1&resize=350%2C200","width":350,"height":200},"classes":[]},{"id":2837,"url":"https:\/\/illadelstrails.com\/ca\/2021\/03\/28\/dominio-menorquin-para-la-trail-dels-barrancs\/","url_meta":{"origin":4257,"position":1},"title":"Dominio menorqu\u00edn para la Trail dels Barrancs","date":"28 March, 2021","format":false,"excerpt":"Maria Pallicer y Joan Florit se imponen en los 38KM en el estreno de la Illa dels Trails La primera edici\u00f3n de la Trail dels Barrancs, encargada de abrir la liga de carreras Illa dels Trails, se cerr\u00f3 con un \u00e9xito rotundo. Joan Florit y Maria Pallicer se alzaron con\u2026","rel":"","context":"In &quot;Trail dels Barrancs&quot;","img":{"alt_text":"","src":"https:\/\/i0.wp.com\/illadelstrails.com\/wp-content\/uploads\/2021\/03\/3.jpeg?fit=1200%2C800&ssl=1&resize=350%2C200","width":350,"height":200},"classes":[]},{"id":4137,"url":"https:\/\/illadelstrails.com\/ca\/2022\/04\/20\/alaior-se-consolida-como-destino-trail-con-la-trail-dels-barrancs\/","url_meta":{"origin":4257,"position":2},"title":"Alaior es consolida com a dest\u00ed trail amb la Trail dels Barrancs","date":"20 April, 2022","format":false,"excerpt":"El municipi acull aquest diumenge la segona edici\u00f3 d'una carrera que compta amb les dist\u00e0ncies de 38KM, 21KM i 15KM Alaior repetir\u00e0 aquest diumenge com a territori\u00a0trail\u00a0de la m\u00e0 de la segona edici\u00f3 de la\u00a0Trail\u00a0dels\u00a0Barrancs\u00a0que \u00e9s, a la vegada, la tercera prova de la lliga\u00a0Illa\u00a0dels\u00a0Trails. El municipi oferir\u00e0 tres dist\u00e0ncies\u2026","rel":"","context":"In &quot;Trail dels Barrancs&quot;","img":{"alt_text":"","src":"https:\/\/i0.wp.com\/illadelstrails.com\/wp-content\/uploads\/2022\/04\/2-2-scaled.jpg?fit=1200%2C800&ssl=1&resize=350%2C200","width":350,"height":200},"classes":[]},{"id":2826,"url":"https:\/\/illadelstrails.com\/ca\/2021\/03\/24\/alaior-y-sus-barrancos-se-llenara-de-participantes-para-la-trail-dels-barrancs\/","url_meta":{"origin":4257,"position":3},"title":"Alaior y sus barrancos se llenar\u00e1 de participantes para la Trail dels Barrancs","date":"24 March, 2021","format":false,"excerpt":"La carrera, que abre la liga Illa dels Trails, cuenta con tres distancias, 38KM, 21KM y 15KM. El hecho de ser federada y formar parte del calendario nacional de carreras garantiza que todos los participantes de fuera de Menorca puedan desplazarse para disputarla Apenas restan horas para que arranque la\u2026","rel":"","context":"In &quot;Trail dels Barrancs&quot;","img":{"alt_text":"","src":"https:\/\/i0.wp.com\/illadelstrails.com\/wp-content\/uploads\/2021\/03\/Pres-scaled.jpg?fit=1200%2C800&ssl=1&resize=350%2C200","width":350,"height":200},"classes":[]},{"id":4035,"url":"https:\/\/illadelstrails.com\/ca\/2022\/03\/16\/vendaval-duran-y-alles-en-la-trail-del-nord\/","url_meta":{"origin":4257,"position":4},"title":"Vendaval Dur\u00e1n i All\u00e9s en la Trail del Nord","date":"16 March, 2022","format":false,"excerpt":"El corredor repeteix vict\u00f2ria despr\u00e9s de la\u00a0Trail\u00a0dels\u00a0Fars\u00a0i la\u00a0ciutadellenca, guanyadora de la lliga\u00a0Illa\u00a0dels\u00a0Trails\u00a02021, estrena el seu caseller de 2022 La\u00a0Trail\u00a0del\u00a0Nord\u00a0ja t\u00e9 als seus nous guanyadors,\u00a0Guiem\u00a0Dur\u00e1n i Mari\u00a0All\u00e9s, que ja es va imposar al novembre, corredors que van entrar a la meta a\u00a0Fornells\u00a0en primer lloc en un dissabte perfecte per al\u00a0trail\u00a0run, en\u2026","rel":"","context":"In &quot;General&quot;","img":{"alt_text":"","src":"https:\/\/i0.wp.com\/illadelstrails.com\/wp-content\/uploads\/2022\/03\/TrailDelNord22-376-scaled.jpg?fit=1200%2C800&ssl=1&resize=350%2C200","width":350,"height":200},"classes":[]},{"id":2810,"url":"https:\/\/illadelstrails.com\/ca\/2021\/03\/12\/la-marca-sport-hg-se-incorpora-a-lilla-dels-trails\/","url_meta":{"origin":4257,"position":5},"title":"La marca Sport HG se incorpora a l\u2019Illa dels Trails","date":"12 March, 2021","format":false,"excerpt":"La marca internacional de ropa t\u00e9cnica deportiva ser\u00e1 uno de los principales patrocinadores del circuito de pruebas que tendr\u00e1 lugar en Menorca a lo largo de 2021 El proyecto Illa dels Trails sigue creciendo de cara a un 2021 cargado de ilusi\u00f3n. La prestigiosa marca internacional de ropa t\u00e9cnica deportiva,\u2026","rel":"","context":"In &quot;October Trail&quot;","img":{"alt_text":"","src":"https:\/\/i0.wp.com\/illadelstrails.com\/wp-content\/uploads\/2021\/03\/CarlosLl\u00a9-1381-scaled.jpg?fit=1200%2C800&ssl=1&resize=350%2C200","width":350,"height":200},"classes":[]}],"_links":{"self":[{"href":"https:\/\/illadelstrails.com\/ca\/wp-json\/wp\/v2\/posts\/4257"}],"collection":[{"href":"https:\/\/illadelstrails.com\/ca\/wp-json\/wp\/v2\/posts"}],"about":[{"href":"https:\/\/illadelstrails.com\/ca\/wp-json\/wp\/v2\/types\/post"}],"author":[{"embeddable":true,"href":"https:\/\/illadelstrails.com\/ca\/wp-json\/wp\/v2\/users\/2"}],"replies":[{"embeddable":true,"href":"https:\/\/illadelstrails.com\/ca\/wp-json\/wp\/v2\/comments?post=4257"}],"version-history":[{"count":1,"href":"https:\/\/illadelstrails.com\/ca\/wp-json\/wp\/v2\/posts\/4257\/revisions"}],"predecessor-version":[{"id":4258,"href":"https:\/\/illadelstrails.com\/ca\/wp-json\/wp\/v2\/posts\/4257\/revisions\/4258"}],"wp:featuredmedia":[{"embeddable":true,"href":"https:\/\/illadelstrails.com\/ca\/wp-json\/wp\/v2\/media\/4183"}],"wp:attachment":[{"href":"https:\/\/illadelstrails.com\/ca\/wp-json\/wp\/v2\/media?parent=4257"}],"wp:term":[{"taxonomy":"category","embeddable":true,"href":"https:\/\/illadelstrails.com\/ca\/wp-json\/wp\/v2\/categories?post=4257"},{"taxonomy":"post_tag","embeddable":true,"href":"https:\/\/illadelstrails.com\/ca\/wp-json\/wp\/v2\/tags?post=4257"}],"curies":[{"name":"wp","href":"https:\/\/api.w.org\/{rel}","templated":true}]}}