{"id":4137,"date":"2022-04-20T15:10:43","date_gmt":"2022-04-20T13:10:43","guid":{"rendered":"https:\/\/illadelstrails.com\/?p=4137"},"modified":"2022-04-20T15:10:43","modified_gmt":"2022-04-20T13:10:43","slug":"alaior-se-consolida-como-destino-trail-con-la-trail-dels-barrancs","status":"publish","type":"post","link":"https:\/\/illadelstrails.com\/ca\/2022\/04\/20\/alaior-se-consolida-como-destino-trail-con-la-trail-dels-barrancs\/","title":{"rendered":"Alaior es consolida com a dest\u00ed trail amb la Trail dels Barrancs"},"content":{"rendered":"<h4><em>El municipi acull aquest diumenge la segona edici\u00f3 d&#8217;una carrera que compta amb les dist\u00e0ncies de 38KM, 21KM i 15KM<\/em><\/h4>\n<p>Alaior repetir\u00e0 aquest diumenge com a territori\u00a0trail\u00a0de la m\u00e0 de la segona edici\u00f3 de la\u00a0Trail\u00a0dels\u00a0Barrancs\u00a0que \u00e9s, a la vegada, la tercera prova de la lliga\u00a0Illa\u00a0dels\u00a0Trails. El municipi oferir\u00e0 tres dist\u00e0ncies repartides entre els 38KM, els 21KM, que arrencaran a Sant Tom\u00e0s i de seguida entraran a Alaior, i els 15KM. Una prova que omplir\u00e0 de color el poliesportiu municipal i que compta amb el patrocini de la\u00a0Fundaci\u00f3\u00a0Foment\u00a0del\u00a0Turisme\u00a0de Menorca, la\u00a0Ag\u00e8ncia\u00a0d\u2019Estrat\u00e8gia Tur\u00edstica dels Illes Balears i del Pla de Recuperaci\u00f3, Transformaci\u00f3 i Resili\u00e8ncia.<\/p>\n<p>La prova reina de 38KM, comen\u00e7a el diumenge a les 8.30 hores, consisteix en un circuit circular que surt i acaba a Alaior, despr\u00e9s d&#8217;arribar fins a Son Bou, mentre que els 21KM comencen a les 10 hores en Sant Tom\u00e0s, en l&#8217;\u00faltim aparcament per a entrar de seguida a la platja de Son Bou per\u00a0Cam\u00ed\u00a0de\u00a0Cavalls, fins a Alaior, i els 15KM comencen a les 11.30 hores en el\u00a0Poblat\u00a0Talai\u00f2tic\u00a0Sa\u00a0Torre den\u00a0Galm\u00e9s, per a prendre despr\u00e9s el rumb cap a Alaior.<\/p>\n<p>La prova s&#8217;ha presentat aquest dimecres en el\u00a0Poliesportiu\u00a0Municipal d&#8217;Alaior amb la pres\u00e8ncia de la gerent de la\u00a0Fundaci\u00f3\u00a0Foment\u00a0de\u00a0Turisme, Elena Costa, el regidor d&#8217;Esports de l&#8217;Ajuntament d&#8217;Alaior, Rafel Quintana, i el director general de\u00a0Biosport\u00a0Menorca, Toni\u00a0Cap\u00f3, coorganitzador junt\u00a0Elitechip.<\/p>\n<p>L&#8217;esdeveniment ha despertat l&#8217;inter\u00e8s de corredors mallorquins i catalans, a m\u00e9s de mobilitzar als aficionats menorquins, que trobaran en el poliesportiu tots els serveis en acabar la carrera perqu\u00e8 celebrin en gran el repte aconseguit.<\/p>\n<p>La gerent de la\u00a0Fundaci\u00f3, Elena Costa, ha agra\u00eft \u201cla labor dels organitzadors que mantenen l&#8217;alt nivell dels esdeveniments que organitzen i que en aquesta\u00a0Trail\u00a0dels\u00a0Barrancs\u00a0posen a m\u00e9s en valor tra\u00e7ats, camins i barrancs que van m\u00e9s enll\u00e0 del\u00a0Cam\u00ed\u00a0de\u00a0Cavalls, aix\u00ed com la cultura i la gastronomia, aprofitant que enguany Menorca ostenta el mandat de les Regions Europees de la Gastronomia, la qual cosa \u00e9s una oportunitat i atractiu m\u00e9s\u201d.<\/p>\n<p>Per part seva, Rafel Quintana veu l&#8217;esdeveniment \u201ccom una oportunitat d&#8217;acostar encara m\u00e9s Menorca i Alaior com a destinaci\u00f3 tur\u00edstica de la m\u00e0 d&#8217;un esdeveniment esportiu obert tant als atletes m\u00e9s populars com a aquells que volen competir\u201d.<\/p>\n<p>Cap\u00f3, com a coorganitzador, precisa que \u201cestem molt contents de ser el primer esdeveniment esportiu dins de la nova normalitat sense m\u00e0scara, la qual cosa ens permetr\u00e0 oferir una experi\u00e8ncia que s&#8217;acosta molt m\u00e9s a la idea original amb la qual creguem el projecte\u00a0Illa\u00a0dels\u00a0Trails\u201d.<\/p>\n<p>L&#8217;esdeveniment serveix com a atractiu a les portes que comenci la temporada i aprofita la imatge de la Menorca a la primavera, aix\u00ed com l&#8217;oferta gastron\u00f2mica amb la qual compta l&#8217;illa i la possibilitat d&#8217;organitzar una escapada el cap de setmana en la qual con\u00e8ixer l&#8217;illa, a m\u00e9s de c\u00f3rrer.<\/p>\n<p>La seg\u00fcent parada ser\u00e0 la\u00a0Trail\u00a0dels\u00a0Fars\u00a0Nocturna que es disputar\u00e0 el 17 de setembre i que obrir\u00e0 les seves inscripcions el dilluns, 25 d&#8217;abril amb 48 hores de preus redu\u00efts.<\/p>\n","protected":false},"excerpt":{"rendered":"<p>El municipi acull aquest diumenge la segona edici\u00f3 d&#8217;una carrera que compta amb les dist\u00e0ncies de 38KM, 21KM i 15KM Alaior repetir\u00e0 aquest diumenge com a territori\u00a0trail\u00a0de la m\u00e0 de la segona edici\u00f3 de la\u00a0Trail\u00a0dels\u00a0Barrancs\u00a0que \u00e9s, a la vegada, la tercera prova de la lliga\u00a0Illa\u00a0dels\u00a0Trails. El municipi oferir\u00e0 tres dist\u00e0ncies repartides entre els 38KM, els [&hellip;]<\/p>\n","protected":false},"author":2,"featured_media":4138,"comment_status":"open","ping_status":"open","sticky":false,"template":"","format":"standard","meta":{"spay_email":"","footnotes":""},"categories":[69],"tags":[75,72,71,87,74],"class_list":["post-4137","post","type-post","status-publish","format-standard","has-post-thumbnail","hentry","category-trail-dels-barrancs","tag-cami-de-cavalls","tag-illa-dels-trails","tag-menorca","tag-trail-dels-barrancs","tag-trail-run"],"acf":[],"jetpack_featured_media_url":"https:\/\/i0.wp.com\/illadelstrails.com\/wp-content\/uploads\/2022\/04\/2-2-scaled.jpg?fit=2560%2C1707&ssl=1","jetpack-related-posts":[{"id":2577,"url":"https:\/\/illadelstrails.com\/ca\/2021\/01\/05\/alaior-acogera-la-trail-dels-barrancs\/","url_meta":{"origin":4137,"position":0},"title":"Alaior acoger\u00e1 la Trail dels Barrancs","date":"5 January, 2021","format":false,"excerpt":"La prueba, que se disputar\u00e1 el d\u00eda 28 de marzo, tendr\u00e1 tres distancias: 38KM, 21KM y 15KM. Menorca conocer\u00e1, dentro del 2021, una nueva carrera de trail. Se trata de la Trail dels Barrancs que tendr\u00e1 lugar el domingo 28 de marzo en el municipio de Alaior, organizada por Elitechip\u2026","rel":"","context":"In &quot;Trail dels Barrancs&quot;","img":{"alt_text":"","src":"https:\/\/i0.wp.com\/illadelstrails.com\/wp-content\/uploads\/2021\/01\/noti_1.jpg?fit=1200%2C752&ssl=1&resize=350%2C200","width":350,"height":200},"classes":[]},{"id":2826,"url":"https:\/\/illadelstrails.com\/ca\/2021\/03\/24\/alaior-y-sus-barrancos-se-llenara-de-participantes-para-la-trail-dels-barrancs\/","url_meta":{"origin":4137,"position":1},"title":"Alaior y sus barrancos se llenar\u00e1 de participantes para la Trail dels Barrancs","date":"24 March, 2021","format":false,"excerpt":"La carrera, que abre la liga Illa dels Trails, cuenta con tres distancias, 38KM, 21KM y 15KM. El hecho de ser federada y formar parte del calendario nacional de carreras garantiza que todos los participantes de fuera de Menorca puedan desplazarse para disputarla Apenas restan horas para que arranque la\u2026","rel":"","context":"In &quot;Trail dels Barrancs&quot;","img":{"alt_text":"","src":"https:\/\/i0.wp.com\/illadelstrails.com\/wp-content\/uploads\/2021\/03\/Pres-scaled.jpg?fit=1200%2C800&ssl=1&resize=350%2C200","width":350,"height":200},"classes":[]},{"id":2584,"url":"https:\/\/illadelstrails.com\/ca\/2021\/01\/05\/la-trail-dels-barrancs-abre-sus-inscripciones\/","url_meta":{"origin":4137,"position":2},"title":"La Trail dels Barrancs abre sus inscripciones","date":"5 January, 2021","format":false,"excerpt":"La prueba, que se disputar\u00e1 el d\u00eda 28 de marzo abre sus 150 inscripciones por distancia el d\u00eda 8 de enero. La primera edici\u00f3n de la Trail dels Barrancs abrir\u00e1 sus 450 inscripciones disponibles -150 por distancia- el viernes, 8 de enero. La prueba, que se disputa el 28 de\u2026","rel":"","context":"In &quot;Trail dels Barrancs&quot;","img":{"alt_text":"","src":"https:\/\/i0.wp.com\/illadelstrails.com\/wp-content\/uploads\/2021\/01\/noti_2.jpg?fit=1200%2C752&ssl=1&resize=350%2C200","width":350,"height":200},"classes":[]},{"id":2837,"url":"https:\/\/illadelstrails.com\/ca\/2021\/03\/28\/dominio-menorquin-para-la-trail-dels-barrancs\/","url_meta":{"origin":4137,"position":3},"title":"Dominio menorqu\u00edn para la Trail dels Barrancs","date":"28 March, 2021","format":false,"excerpt":"Maria Pallicer y Joan Florit se imponen en los 38KM en el estreno de la Illa dels Trails La primera edici\u00f3n de la Trail dels Barrancs, encargada de abrir la liga de carreras Illa dels Trails, se cerr\u00f3 con un \u00e9xito rotundo. Joan Florit y Maria Pallicer se alzaron con\u2026","rel":"","context":"In &quot;Trail dels Barrancs&quot;","img":{"alt_text":"","src":"https:\/\/i0.wp.com\/illadelstrails.com\/wp-content\/uploads\/2021\/03\/3.jpeg?fit=1200%2C800&ssl=1&resize=350%2C200","width":350,"height":200},"classes":[]},{"id":2582,"url":"https:\/\/illadelstrails.com\/ca\/2021\/01\/05\/la-trail-dels-barrancs-en-la-liga-illa-dels-trails\/","url_meta":{"origin":4137,"position":4},"title":"La Trail dels Barrancs, en la liga Illa dels Trails","date":"5 January, 2021","format":false,"excerpt":"La carrera, que se disputar\u00e1 el d\u00eda 28 de marzo, ser\u00e1 la segunda prueba de la liga Illa dels Trails El 28 de marzo Alaior acoger\u00e1 la segunda prueba de la liga Illa dels Trails, una competici\u00f3n que se estrena este 2021 y que premiar\u00e1 a los deportistas m\u00e1s regulares\u2026","rel":"","context":"In &quot;Trail dels Barrancs&quot;","img":{"alt_text":"","src":"https:\/\/i0.wp.com\/illadelstrails.com\/wp-content\/uploads\/2021\/01\/noticia_3.jpg?fit=1200%2C752&ssl=1&resize=350%2C200","width":350,"height":200},"classes":[]},{"id":4257,"url":"https:\/\/illadelstrails.com\/ca\/2022\/04\/29\/alles-y-duran-prolongan-su-reinado-en-alaior\/","url_meta":{"origin":4137,"position":5},"title":"All\u00e9s i Dur\u00e1n prolonguen el seu regnat a Alaior","date":"29 April, 2022","format":false,"excerpt":"Els dos corredors repeteixen la vict\u00f2ria de la\u00a0Trail\u00a0del\u00a0Nord\u00a0i s'afermen a la part alta de la Lliga\u00a0Illa\u00a0dels\u00a0Trails.\u00a0Bel\u00a0Dur\u00e1n i\u00a0Pujades, en els 21KM, i\u00a0Reurer\u00a0i Moll, en els 15KM, completen els triomfs La\u00a0Trail\u00a0dels\u00a0Barrancs\u00a0va tancar aquest diumenge una fant\u00e0stica edici\u00f3 marcada pel bon temps que va acompanyar als participants en les tres dist\u00e0ncies que formen\u2026","rel":"","context":"In &quot;Trail dels Barrancs&quot;","img":{"alt_text":"","src":"https:\/\/i0.wp.com\/illadelstrails.com\/wp-content\/uploads\/2022\/04\/Trail-Dels-Barrancs-2022-312.jpg?fit=1200%2C800&ssl=1&resize=350%2C200","width":350,"height":200},"classes":[]}],"_links":{"self":[{"href":"https:\/\/illadelstrails.com\/ca\/wp-json\/wp\/v2\/posts\/4137"}],"collection":[{"href":"https:\/\/illadelstrails.com\/ca\/wp-json\/wp\/v2\/posts"}],"about":[{"href":"https:\/\/illadelstrails.com\/ca\/wp-json\/wp\/v2\/types\/post"}],"author":[{"embeddable":true,"href":"https:\/\/illadelstrails.com\/ca\/wp-json\/wp\/v2\/users\/2"}],"replies":[{"embeddable":true,"href":"https:\/\/illadelstrails.com\/ca\/wp-json\/wp\/v2\/comments?post=4137"}],"version-history":[{"count":1,"href":"https:\/\/illadelstrails.com\/ca\/wp-json\/wp\/v2\/posts\/4137\/revisions"}],"predecessor-version":[{"id":4139,"href":"https:\/\/illadelstrails.com\/ca\/wp-json\/wp\/v2\/posts\/4137\/revisions\/4139"}],"wp:featuredmedia":[{"embeddable":true,"href":"https:\/\/illadelstrails.com\/ca\/wp-json\/wp\/v2\/media\/4138"}],"wp:attachment":[{"href":"https:\/\/illadelstrails.com\/ca\/wp-json\/wp\/v2\/media?parent=4137"}],"wp:term":[{"taxonomy":"category","embeddable":true,"href":"https:\/\/illadelstrails.com\/ca\/wp-json\/wp\/v2\/categories?post=4137"},{"taxonomy":"post_tag","embeddable":true,"href":"https:\/\/illadelstrails.com\/ca\/wp-json\/wp\/v2\/tags?post=4137"}],"curies":[{"name":"wp","href":"https:\/\/api.w.org\/{rel}","templated":true}]}}