{"id":4035,"date":"2022-03-16T11:36:06","date_gmt":"2022-03-16T09:36:06","guid":{"rendered":"https:\/\/illadelstrails.com\/?p=4035"},"modified":"2022-03-16T11:36:06","modified_gmt":"2022-03-16T09:36:06","slug":"vendaval-duran-y-alles-en-la-trail-del-nord","status":"publish","type":"post","link":"https:\/\/illadelstrails.com\/ca\/2022\/03\/16\/vendaval-duran-y-alles-en-la-trail-del-nord\/","title":{"rendered":"Vendaval Dur\u00e1n i All\u00e9s en la Trail del Nord"},"content":{"rendered":"<h5><em>El corredor repeteix vict\u00f2ria despr\u00e9s de la\u00a0Trail\u00a0dels\u00a0Fars\u00a0i la\u00a0ciutadellenca, guanyadora de la lliga\u00a0Illa\u00a0dels\u00a0Trails\u00a02021, estrena el seu caseller de 2022<\/em><\/h5>\n<p>La\u00a0Trail\u00a0del\u00a0Nord\u00a0ja t\u00e9 als seus nous guanyadors,\u00a0<strong>Guiem\u00a0Dur\u00e1n i Mari\u00a0All\u00e9s,<\/strong> que ja es va imposar al novembre, corredors que van entrar a la meta a\u00a0Fornells\u00a0en primer lloc en un dissabte perfecte per al\u00a0trail\u00a0run, en la segona prova de la lliga\u00a0Illa\u00a0dels\u00a0Trails\u00a02022. L&#8217;esdeveniment, que compta amb el patrocini de la\u00a0Fundaci\u00f3\u00a0Foment\u00a0del Turisme de Menorca, de la\u00a0Ag\u00e8ncia\u00a0d\u2019Estrat\u00e8gia\u00a0Tur\u00edstica dels Illes Balears i del Pla de Recuperaci\u00f3, Transformaci\u00f3 i Resili\u00e8ncia, torna diumenge, dia 24 d&#8217;abril, amb la\u00a0Trail\u00a0dels\u00a0Barrancs\u00a0a Alaior.<\/p>\n<p>Dur\u00e1n no va tenir rival a una carrera que va dominar de principi a fi. El mallorqu\u00ed, que ja es va imposar en la\u00a0Trail\u00a0dels\u00a0Fars\u00a0al febrer, va exhibir un gran rendiment i va marcar un gran ritme per a travessar la meta amb un temps de 4.05:09 despr\u00e9s de 48 quil\u00f2metres i m\u00e9s de 1.200 metres de desnivell positiu. Li va aguantar el ritme l&#8217;experimentat corredor de Ferreries, <strong>Miquel Pons,<\/strong> que es va reposar d&#8217;unes mol\u00e8sties per a signar una espectacular segona pla\u00e7a (4.26:07), que li va barallar fins al final <strong>Joan\u00a0Melis\u00a0Casasnovas<\/strong>\u00a0(4.27:07). Duel molt bonic el que van protagonitzar la medalla de plata i la de bronze sobre l&#8217;asfalt final, on\u00a0Melis\u00a0va donar la seva millor versi\u00f3 per a retallar l&#8217;avantatge de Pons, encara que no va ser suficient.<\/p>\n<p>En dones, impressionant ritme de sortida de <strong>Mar\u00eda\u00a0Fiol\u00a0<\/strong>a Cala\u00a0Morell, col\u00b7locant-se al capdavant i guanyant metres fins a la seva arribada a\u00a0Binimetl\u2022l\u00e0, on va abandonar per mol\u00e8sties en un dels seus bessons. Ho va aprofitar la incombustible <strong>Mari\u00a0All\u00e9s<\/strong>, amb una t\u00e0ctica m\u00e9s conservadora, per a, a m\u00e9s del triomf, lluitar per millorar el seu temps en la prova. El va aconseguir amb 5.05:08. Despr\u00e9s d&#8217;ella va entrar una combativa <strong>Aida\u00a0Lora<\/strong>\u00a0(5.36:18) que es va imposar per molt poc a\u00a0<strong>Cati\u00a0Vives<\/strong> (5.37:04) de nou amb l&#8217;asfalt final com a jutge i part.<\/p>\n<p>En els 26 quil\u00f2metres, gran duel d&#8217;espases entre <strong>Pau\u00a0Benejam, Enric Pons, Marc L\u00f3pez i Adri\u00e1n Rodr\u00edguez,<\/strong> en el qual es van anar alternant el lideratge entre Cala Pilar i\u00a0Fornells.\u00a0Benejam\u00a0va ser el primer a travessar la meta (2.13:43) amb tot just 17 segons de marge sobre Enric Pons (2.14:00). Va completar el podi L\u00f3pez amb un registre de 2.17:21.<\/p>\n<p>En dones, la vict\u00f2ria va marxar fora de l&#8217;Illa despr\u00e9s de la gran carrera protagonitzada per <strong>Margalida Perell\u00f3<\/strong> que va aconseguir creuar l&#8217;arc amb 2.50:38. La resta de podi va tenir accent menorqu\u00ed gr\u00e0cies al bon fer de <strong>Marta\u00a0Orives\u00a0i de Laura Ruiz<\/strong> amb un temps de 2.52:32 i 2.53:32, respectivament.<\/p>\n<p>En la dist\u00e0ncia m\u00e9s explosiva, els 14 quil\u00f2metres entre\u00a0Binimetl\u2022l\u00e0\u00a0i\u00a0Fornells, de nou <strong>Mar Bosch,<\/strong> va ser la m\u00e9s r\u00e0pida en dones en arribar amb un\u00a0crono\u00a0d&#8217;1.11:46, poc abans de\u00a0<strong>Lena\u00a0Moll<\/strong> (1.12:13) i de <strong>Monica Bosch<\/strong> (1.13:51). Les tres corredores van signar el mateix podi, amb el mateix ordre, que en la prova m\u00e9s curta de la\u00a0Trail\u00a0dels\u00a0Fars.<\/p>\n<p>En homes, gran paper de <strong>Miquel Torres i de Francesc\u00a0Cavaller,<\/strong> companys d&#8217;equip, els qui van entrar junts en meta amb un temps de 59:43, mentre que el podi el van completar <strong>\u00c1lvaro Velasco i Joan\u00a0Alzamora,<\/strong> els qui van fer el mateix amb un\u00a0crono\u00a0d&#8217;1.01:05.<\/p>\n<p>Una altra de les novetats ha estat l&#8217;entrada de la distribu\u00efdora oficial a Balears de la marca\u00a0OTSO\u00a0Sport\u00a0com a encarregada de premiar als millors esportistes de les tres categories de la lliga\u00a0Illa\u00a0dels\u00a0Trails.<\/p>\n<p>L&#8217;esdeveniment es va tancar amb el lliurament de trofeus a c\u00e0rrec del regidor d&#8217;Esports de l&#8217;Ajuntament des\u00a0Mercadal, <strong>Javier\u00a0Peri\u00e1\u00f1ez,<\/strong> i dels organitzadors,\u00a0<strong>Guiem\u00a0Bosch<\/strong> i <strong>Toni\u00a0Cap\u00f3.<\/strong><\/p>\n","protected":false},"excerpt":{"rendered":"<p>El corredor repeteix vict\u00f2ria despr\u00e9s de la\u00a0Trail\u00a0dels\u00a0Fars\u00a0i la\u00a0ciutadellenca, guanyadora de la lliga\u00a0Illa\u00a0dels\u00a0Trails\u00a02021, estrena el seu caseller de 2022 La\u00a0Trail\u00a0del\u00a0Nord\u00a0ja t\u00e9 als seus nous guanyadors,\u00a0Guiem\u00a0Dur\u00e1n i Mari\u00a0All\u00e9s, que ja es va imposar al novembre, corredors que van entrar a la meta a\u00a0Fornells\u00a0en primer lloc en un dissabte perfecte per al\u00a0trail\u00a0run, en la segona prova de la [&hellip;]<\/p>\n","protected":false},"author":2,"featured_media":4036,"comment_status":"open","ping_status":"open","sticky":false,"template":"","format":"standard","meta":{"spay_email":"","footnotes":""},"categories":[1],"tags":[75,72,71,81,74],"class_list":["post-4035","post","type-post","status-publish","format-standard","has-post-thumbnail","hentry","category-general","tag-cami-de-cavalls","tag-illa-dels-trails","tag-menorca","tag-trail-del-nord","tag-trail-run"],"acf":[],"jetpack_featured_media_url":"https:\/\/i0.wp.com\/illadelstrails.com\/wp-content\/uploads\/2022\/03\/TrailDelNord22-376-scaled.jpg?fit=2560%2C1707&ssl=1","jetpack-related-posts":[{"id":4838,"url":"https:\/\/illadelstrails.com\/ca\/2023\/04\/01\/alles-y-martinez-firman-un-doblete-espectacular\/","url_meta":{"origin":4035,"position":0},"title":"All\u00e8s i Mart\u00ednez signen un doblet espectacular","date":"1 April, 2023","format":false,"excerpt":"Els dos corredors repeteixen la vict\u00f2ria de la\u00a0Trail\u00a0dels\u00a0Fars\u00a0en la\u00a0Trail\u00a0del\u00a0Nord\u00a0vencent en solitari. Huguet i Campins tamb\u00e9 repeteixen en els 12KM. La\u00a0Illa\u00a0dels\u00a0Trails\u00a02023 ja t\u00e9 els seus favorits ben definits. La\u00a0Trail\u00a0del\u00a0Nord\u00a0va servir aquest dissabte per a confirmar que Albert Mart\u00ednez i Mari\u00a0All\u00e8s\u00a0s\u00f3n, actualment, els corredors m\u00e9s en forma a l'Illa, en aconseguir les\u2026","rel":"","context":"In &quot;Trail del Nord&quot;","img":{"alt_text":"","src":"https:\/\/i0.wp.com\/illadelstrails.com\/wp-content\/uploads\/2023\/04\/45KM.jpeg?fit=1200%2C800&ssl=1&resize=350%2C200","width":350,"height":200},"classes":[]},{"id":2734,"url":"https:\/\/illadelstrails.com\/ca\/2021\/02\/08\/la-trail-del-nord-una-novedad-para-la-illa-dels-trails\/","url_meta":{"origin":4035,"position":1},"title":"La Trail del Nord, una novedad para la Illa dels Trails","date":"8 February, 2021","format":false,"excerpt":"La prueba se disputar\u00e1 el 14 de noviembre con las distancias de 48KM, 26KM y 14KM Los amantes de Trail Run tendr\u00e1n una nueva ocasi\u00f3n para disfrutar de su deporte en Menorca merced a la Trail del Nord, una prueba que contar\u00e1 con las distancias de 48KM, 26KM y 14KM\u2026","rel":"","context":"In &quot;Trail del Nord&quot;","img":{"alt_text":"","src":"https:\/\/i0.wp.com\/illadelstrails.com\/wp-content\/uploads\/2020\/12\/Trail-dels-fars-2020-211.jpg?fit=1200%2C800&ssl=1&resize=350%2C200","width":350,"height":200},"classes":[]},{"id":2810,"url":"https:\/\/illadelstrails.com\/ca\/2021\/03\/12\/la-marca-sport-hg-se-incorpora-a-lilla-dels-trails\/","url_meta":{"origin":4035,"position":2},"title":"La marca Sport HG se incorpora a l\u2019Illa dels Trails","date":"12 March, 2021","format":false,"excerpt":"La marca internacional de ropa t\u00e9cnica deportiva ser\u00e1 uno de los principales patrocinadores del circuito de pruebas que tendr\u00e1 lugar en Menorca a lo largo de 2021 El proyecto Illa dels Trails sigue creciendo de cara a un 2021 cargado de ilusi\u00f3n. La prestigiosa marca internacional de ropa t\u00e9cnica deportiva,\u2026","rel":"","context":"In &quot;October Trail&quot;","img":{"alt_text":"","src":"https:\/\/i0.wp.com\/illadelstrails.com\/wp-content\/uploads\/2021\/03\/CarlosLl\u00a9-1381-scaled.jpg?fit=1200%2C800&ssl=1&resize=350%2C200","width":350,"height":200},"classes":[]},{"id":3508,"url":"https:\/\/illadelstrails.com\/ca\/2021\/11\/11\/la-trail-del-nord-debuta-superando-los-700-inscritos-para-cerrar-la-liga-illa-dels-trails\/","url_meta":{"origin":4035,"position":3},"title":"La Trail del Nord debuta superant els 700 inscrits per a tancar la lliga Illa dels Trails","date":"11 November, 2021","format":false,"excerpt":"L'\u00faltima carrera tindr\u00e0 lloc aquest diumenge amb tres dist\u00e0ncies que acabaran totes en el Poliesportiu Municipal de\u00a0Fornells La primera edici\u00f3 de la lliga\u00a0Illa\u00a0dels\u00a0Trails\u00a0arriba aquest diumenge a la seva fi amb la disputa de la\u00a0Trail\u00a0del\u00a0Nord, una carrera que s'estrena a Menorca i que ha despertat l'inter\u00e8s de m\u00e9s de 700 participants\u2026","rel":"","context":"In &quot;Trail del Nord&quot;","img":{"alt_text":"","src":"https:\/\/i0.wp.com\/illadelstrails.com\/wp-content\/uploads\/2021\/11\/Presentacio.jpeg?fit=1024%2C768&ssl=1&resize=350%2C200","width":350,"height":200},"classes":[]},{"id":4834,"url":"https:\/\/illadelstrails.com\/ca\/2023\/03\/29\/tirant-area-de-trail-running-con-mas-de-800-participantes-en-la-trail-del-nord\/","url_meta":{"origin":4035,"position":4},"title":"Tirant, \u00e0rea de trail running amb m\u00e9s de 800 participants en la Trail del Nord","date":"29 March, 2023","format":false,"excerpt":"TRH Tirant Platja ser\u00e0 l'epicentre de la tercera edici\u00f3 d'una carrera que te r\u00e8cord d'inscripci\u00f3 amb les seves tres dist\u00e0ncies La tercera edici\u00f3 de la Trail del Nord s'ha presentat aquest dimecres lluint el cartell de r\u00e8cord de participaci\u00f3 superant \u00e0mpliament les 800 persones i rondant els 900. Gaireb\u00e9 un\u2026","rel":"","context":"In &quot;Trail del Nord&quot;","img":{"alt_text":"","src":"https:\/\/i0.wp.com\/illadelstrails.com\/wp-content\/uploads\/2023\/03\/2.jpeg?fit=1024%2C768&ssl=1&resize=350%2C200","width":350,"height":200},"classes":[]},{"id":5384,"url":"https:\/\/illadelstrails.com\/ca\/2023\/12\/11\/la-trail-del-nord-abre-sus-inscripciones-apostando-por-el-concierto-al-final-de-la-carrera\/","url_meta":{"origin":4035,"position":5},"title":"La Trail del Nord obre les seves inscripcions amb un concert al final de la cursa","date":"11 December, 2023","format":false,"excerpt":"El dissabte 13 d'abril tindr\u00e0 lloc la segona cita de la Lliga Illa dels Trails amb les seves tres propostes de 45 km, 24 km i 12 km La Trail del Nord se celebrar\u00e0 el 13 d'abril de 2024, tot i que oficialment comen\u00e7a aquest dimarts, 12 de desembre, a\u2026","rel":"","context":"In &quot;Trail del Nord&quot;","img":{"alt_text":"","src":"https:\/\/i0.wp.com\/illadelstrails.com\/wp-content\/uploads\/2023\/12\/Cartell_Trail_Nord_2024_INSTA.jpg?fit=1200%2C1200&ssl=1&resize=350%2C200","width":350,"height":200},"classes":[]}],"_links":{"self":[{"href":"https:\/\/illadelstrails.com\/ca\/wp-json\/wp\/v2\/posts\/4035"}],"collection":[{"href":"https:\/\/illadelstrails.com\/ca\/wp-json\/wp\/v2\/posts"}],"about":[{"href":"https:\/\/illadelstrails.com\/ca\/wp-json\/wp\/v2\/types\/post"}],"author":[{"embeddable":true,"href":"https:\/\/illadelstrails.com\/ca\/wp-json\/wp\/v2\/users\/2"}],"replies":[{"embeddable":true,"href":"https:\/\/illadelstrails.com\/ca\/wp-json\/wp\/v2\/comments?post=4035"}],"version-history":[{"count":1,"href":"https:\/\/illadelstrails.com\/ca\/wp-json\/wp\/v2\/posts\/4035\/revisions"}],"predecessor-version":[{"id":4037,"href":"https:\/\/illadelstrails.com\/ca\/wp-json\/wp\/v2\/posts\/4035\/revisions\/4037"}],"wp:featuredmedia":[{"embeddable":true,"href":"https:\/\/illadelstrails.com\/ca\/wp-json\/wp\/v2\/media\/4036"}],"wp:attachment":[{"href":"https:\/\/illadelstrails.com\/ca\/wp-json\/wp\/v2\/media?parent=4035"}],"wp:term":[{"taxonomy":"category","embeddable":true,"href":"https:\/\/illadelstrails.com\/ca\/wp-json\/wp\/v2\/categories?post=4035"},{"taxonomy":"post_tag","embeddable":true,"href":"https:\/\/illadelstrails.com\/ca\/wp-json\/wp\/v2\/tags?post=4035"}],"curies":[{"name":"wp","href":"https:\/\/api.w.org\/{rel}","templated":true}]}}