{"id":4031,"date":"2022-03-08T15:54:18","date_gmt":"2022-03-08T13:54:18","guid":{"rendered":"https:\/\/illadelstrails.com\/?p=4031"},"modified":"2022-03-08T15:54:18","modified_gmt":"2022-03-08T13:54:18","slug":"la-exigente-trail-del-nord-reclamo-fuera-de-la-isla","status":"publish","type":"post","link":"https:\/\/illadelstrails.com\/ca\/2022\/03\/08\/la-exigente-trail-del-nord-reclamo-fuera-de-la-isla\/","title":{"rendered":"L&#8217;exigent Trail del Nord, reclam fora de l&#8217;Illa"},"content":{"rendered":"<h5><em>M\u00e9s d&#8217;un ter\u00e7 dels 600 participants de la prova el dissabte ve de fora de Menorca<\/em><\/h5>\n<p>La segona prova del circuit Illa dels Trails, la Trail del Nord, es va presentar aquest dimarts des de l&#8217;alt del Toro, amb unes espectaculars vistes del tram nord de Menorca que ser\u00e0 l&#8217;escenari de la carrera que viu la seva segona edici\u00f3. La competici\u00f3, que es disputa aquest dissabte, comptar\u00e0 amb tres dist\u00e0ncies, 48 quil\u00f2metres, 26 quil\u00f2metres i 14 quil\u00f2metres, tindr\u00e0 una participaci\u00f3 pr\u00f2xima a les 600 persones, de les quals un ter\u00e7 s\u00f3n de fora de l&#8217;illa i es desplacen a Menorca per a viure un cap de setmana esportiu que compta amb el patrocini de la Fundaci\u00f3 Foment del Turisme de Menorca, l&#8217;Ag\u00e8ncia d\u2019Estrat\u00e8gia Tur\u00edstica dels Illes Balears i la col\u00b7laboraci\u00f3 de l&#8217;Ajuntament des Mercadal i l&#8217;\u00e0rea d&#8217;Esports del Consell Insular.<\/p>\n<p>El regidor d&#8217;Esports des Mercadal, Javier Peri\u00e1\u00f1ez, el director insular d&#8217;Esports del Consell Insular, \u00c0ngel Cardona, i el gerent de Elitechip, Guiem Bosch, han presentat la carrera en l&#8217;impressionant escenari del p\u00e0rquing de Dalt del Toro des d&#8217;on s&#8217;ofereix una vista global del recorregut de les tres dist\u00e0ncies que arrencaran en Cala Morell, el p\u00e0rquing de Cala Pilar i Binimetl\u2022l\u00e0, en les dist\u00e0ncies de 48, 26 i 14 quil\u00f2metres, a les 7.30, a les 10 i a les 11 hores, respectivament.<\/p>\n<p>El coorganitzador, Guiem Bosch, ha destacat i ha posat especial \u00e8mfasi en \u201cel car\u00e0cter especial de la Trail del Nord que va m\u00e9s enll\u00e0 del Cam\u00ed de Cavalls, afegim elements com el Castell de Santa \u00c1gueda que fan m\u00e9s especial el recorregut\u201d, aix\u00ed com el fet que \u201cun 30 per cent de la participaci\u00f3 \u00e9s de fora de Menorca, cosa que significa que la prova i el projecte Illa dels Trails t\u00e9 estirada en temporada baixa\u201d.<\/p>\n<p>Per part seva, Javier Peri\u00e1\u00f1ez en representaci\u00f3 de l&#8217;Ajuntament, ha agra\u00eft \u201cla labor que fan les empreses organitzadores per a oferir un esdeveniment de primer nivell alhora que promocionen el municipi des Mercadal, on apostem pel foment de l&#8217;esport\u201d.<\/p>\n<p>El director insular ha estat l&#8217;encarregat de tancar l&#8217;acte animant als participants al fet que \u201cgaudeixin de l&#8217;esport amb salut, que no est\u00e0 renyit la competici\u00f3 amb estar b\u00e9, al fet que cuidin de Menorca i, aprofitant que \u00e9s 8 de mar\u00e7, esmentar que la participaci\u00f3 femenina es mou en un 50 per cent en la dist\u00e0ncia de 14 quil\u00f2metres, en un 20 per cent en els 26 quil\u00f2metres i en el 10 per cent en els 48 quil\u00f2metres\u201d.<\/p>\n<p>Per a la carrera, els dorsals es distribuiran el dimecres i el dijous en la Piscina Municipal de Ciutadella, els Poliesportius Municipals de Sant Llu\u00eds, Alaior i Es Mercadal, aix\u00ed com en el Biosport Mar\u00edtimo de Ma\u00f3. A m\u00e9s, el divendres a la tarda es distribuiran en el Poliesportiu Municipal de Fornells, on tindr\u00e0 lloc totes les arribades, el dissabte.<\/p>\n<p>Per a la carrera, els organitzadors Biosport Menorca i Elitechip, han pres una s\u00e8rie de mesures per a rebaixar l&#8217;impacte sobre el mitj\u00e0 com \u00e9s l&#8217;increment de l&#8217;eliminaci\u00f3 dels pl\u00e0stics d&#8217;un sol \u00fas en els avituallaments, aix\u00ed com contenidors per a separar els residus i l&#8217;aposta per vehicles el\u00e8ctrics per a part de la log\u00edstica de l&#8217;esdeveniment.<\/p>\n","protected":false},"excerpt":{"rendered":"<p>M\u00e9s d&#8217;un ter\u00e7 dels 600 participants de la prova el dissabte ve de fora de Menorca La segona prova del circuit Illa dels Trails, la Trail del Nord, es va presentar aquest dimarts des de l&#8217;alt del Toro, amb unes espectaculars vistes del tram nord de Menorca que ser\u00e0 l&#8217;escenari de la carrera que viu [&hellip;]<\/p>\n","protected":false},"author":2,"featured_media":4032,"comment_status":"open","ping_status":"open","sticky":false,"template":"","format":"standard","meta":{"spay_email":"","footnotes":""},"categories":[70],"tags":[75,72,71,81,74],"class_list":["post-4031","post","type-post","status-publish","format-standard","has-post-thumbnail","hentry","category-trail-del-nord","tag-cami-de-cavalls","tag-illa-dels-trails","tag-menorca","tag-trail-del-nord","tag-trail-run"],"acf":[],"jetpack_featured_media_url":"https:\/\/i0.wp.com\/illadelstrails.com\/wp-content\/uploads\/2022\/03\/2-3-scaled.jpg?fit=2560%2C1707&ssl=1","jetpack-related-posts":[{"id":5384,"url":"https:\/\/illadelstrails.com\/ca\/2023\/12\/11\/la-trail-del-nord-abre-sus-inscripciones-apostando-por-el-concierto-al-final-de-la-carrera\/","url_meta":{"origin":4031,"position":0},"title":"La Trail del Nord obre les seves inscripcions amb un concert al final de la cursa","date":"11 December, 2023","format":false,"excerpt":"El dissabte 13 d'abril tindr\u00e0 lloc la segona cita de la Lliga Illa dels Trails amb les seves tres propostes de 45 km, 24 km i 12 km La Trail del Nord se celebrar\u00e0 el 13 d'abril de 2024, tot i que oficialment comen\u00e7a aquest dimarts, 12 de desembre, a\u2026","rel":"","context":"In &quot;Trail del Nord&quot;","img":{"alt_text":"","src":"https:\/\/i0.wp.com\/illadelstrails.com\/wp-content\/uploads\/2023\/12\/Cartell_Trail_Nord_2024_INSTA.jpg?fit=1200%2C1200&ssl=1&resize=350%2C200","width":350,"height":200},"classes":[]},{"id":2734,"url":"https:\/\/illadelstrails.com\/ca\/2021\/02\/08\/la-trail-del-nord-una-novedad-para-la-illa-dels-trails\/","url_meta":{"origin":4031,"position":1},"title":"La Trail del Nord, una novedad para la Illa dels Trails","date":"8 February, 2021","format":false,"excerpt":"La prueba se disputar\u00e1 el 14 de noviembre con las distancias de 48KM, 26KM y 14KM Los amantes de Trail Run tendr\u00e1n una nueva ocasi\u00f3n para disfrutar de su deporte en Menorca merced a la Trail del Nord, una prueba que contar\u00e1 con las distancias de 48KM, 26KM y 14KM\u2026","rel":"","context":"In &quot;Trail del Nord&quot;","img":{"alt_text":"","src":"https:\/\/i0.wp.com\/illadelstrails.com\/wp-content\/uploads\/2020\/12\/Trail-dels-fars-2020-211.jpg?fit=1200%2C800&ssl=1&resize=350%2C200","width":350,"height":200},"classes":[]},{"id":3508,"url":"https:\/\/illadelstrails.com\/ca\/2021\/11\/11\/la-trail-del-nord-debuta-superando-los-700-inscritos-para-cerrar-la-liga-illa-dels-trails\/","url_meta":{"origin":4031,"position":2},"title":"La Trail del Nord debuta superant els 700 inscrits per a tancar la lliga Illa dels Trails","date":"11 November, 2021","format":false,"excerpt":"L'\u00faltima carrera tindr\u00e0 lloc aquest diumenge amb tres dist\u00e0ncies que acabaran totes en el Poliesportiu Municipal de\u00a0Fornells La primera edici\u00f3 de la lliga\u00a0Illa\u00a0dels\u00a0Trails\u00a0arriba aquest diumenge a la seva fi amb la disputa de la\u00a0Trail\u00a0del\u00a0Nord, una carrera que s'estrena a Menorca i que ha despertat l'inter\u00e8s de m\u00e9s de 700 participants\u2026","rel":"","context":"In &quot;Trail del Nord&quot;","img":{"alt_text":"","src":"https:\/\/i0.wp.com\/illadelstrails.com\/wp-content\/uploads\/2021\/11\/Presentacio.jpeg?fit=1024%2C768&ssl=1&resize=350%2C200","width":350,"height":200},"classes":[]},{"id":4834,"url":"https:\/\/illadelstrails.com\/ca\/2023\/03\/29\/tirant-area-de-trail-running-con-mas-de-800-participantes-en-la-trail-del-nord\/","url_meta":{"origin":4031,"position":3},"title":"Tirant, \u00e0rea de trail running amb m\u00e9s de 800 participants en la Trail del Nord","date":"29 March, 2023","format":false,"excerpt":"TRH Tirant Platja ser\u00e0 l'epicentre de la tercera edici\u00f3 d'una carrera que te r\u00e8cord d'inscripci\u00f3 amb les seves tres dist\u00e0ncies La tercera edici\u00f3 de la Trail del Nord s'ha presentat aquest dimecres lluint el cartell de r\u00e8cord de participaci\u00f3 superant \u00e0mpliament les 800 persones i rondant els 900. Gaireb\u00e9 un\u2026","rel":"","context":"In &quot;Trail del Nord&quot;","img":{"alt_text":"","src":"https:\/\/i0.wp.com\/illadelstrails.com\/wp-content\/uploads\/2023\/03\/2.jpeg?fit=1024%2C768&ssl=1&resize=350%2C200","width":350,"height":200},"classes":[]},{"id":6436,"url":"https:\/\/illadelstrails.com\/ca\/2026\/03\/13\/ferreries-se-vuelca-con-los-600-corredores-de-la-trail-del-nord\/","url_meta":{"origin":4031,"position":4},"title":"Ferreries es bolca amb els 600 corredors de la Trail del Nord","date":"13 March, 2026","format":false,"excerpt":"El municipi acollir\u00e0 la meta de la segona prova de la Lliga Illa dels Trails que se celebra aquest dissabte \u00a0 La Trail del Nord compta les hores per arrencar la seva sisena edici\u00f3, la segona que t\u00e9 Ferreries com a epicentre, i que acollir\u00e0 600 participants repartits entre les\u2026","rel":"","context":"In &quot;Trail del Nord&quot;","img":{"alt_text":"","src":"https:\/\/i0.wp.com\/illadelstrails.com\/wp-content\/uploads\/2026\/03\/IMG_2751.jpg?fit=1200%2C900&ssl=1&resize=350%2C200","width":350,"height":200},"classes":[]},{"id":3283,"url":"https:\/\/illadelstrails.com\/ca\/2021\/07\/21\/hotel-jeni-de-es-mercadal-alojamiento-oficial\/","url_meta":{"origin":4031,"position":5},"title":"Hotel Jeni de Es Mercadal, alojamiento oficial","date":"21 July, 2021","format":false,"excerpt":"Estamos muy contentos de anunciar que el Hotel Jeni ubicado en Es Mercadal, ser\u00e1 el alojamiento oficial para la Trail del Nord que se celebrar\u00e1 el 14 de noviembre en Menorca. La Trail del Nord es una de las pruebas nuevas de este proyecto Illa dels Trails que cuenta con\u2026","rel":"","context":"In &quot;Trail del Nord&quot;","img":{"alt_text":"","src":"https:\/\/i0.wp.com\/illadelstrails.com\/wp-content\/uploads\/2021\/07\/Hotel-Nord.jpg?fit=1200%2C1200&ssl=1&resize=350%2C200","width":350,"height":200},"classes":[]}],"_links":{"self":[{"href":"https:\/\/illadelstrails.com\/ca\/wp-json\/wp\/v2\/posts\/4031"}],"collection":[{"href":"https:\/\/illadelstrails.com\/ca\/wp-json\/wp\/v2\/posts"}],"about":[{"href":"https:\/\/illadelstrails.com\/ca\/wp-json\/wp\/v2\/types\/post"}],"author":[{"embeddable":true,"href":"https:\/\/illadelstrails.com\/ca\/wp-json\/wp\/v2\/users\/2"}],"replies":[{"embeddable":true,"href":"https:\/\/illadelstrails.com\/ca\/wp-json\/wp\/v2\/comments?post=4031"}],"version-history":[{"count":1,"href":"https:\/\/illadelstrails.com\/ca\/wp-json\/wp\/v2\/posts\/4031\/revisions"}],"predecessor-version":[{"id":4033,"href":"https:\/\/illadelstrails.com\/ca\/wp-json\/wp\/v2\/posts\/4031\/revisions\/4033"}],"wp:featuredmedia":[{"embeddable":true,"href":"https:\/\/illadelstrails.com\/ca\/wp-json\/wp\/v2\/media\/4032"}],"wp:attachment":[{"href":"https:\/\/illadelstrails.com\/ca\/wp-json\/wp\/v2\/media?parent=4031"}],"wp:term":[{"taxonomy":"category","embeddable":true,"href":"https:\/\/illadelstrails.com\/ca\/wp-json\/wp\/v2\/categories?post=4031"},{"taxonomy":"post_tag","embeddable":true,"href":"https:\/\/illadelstrails.com\/ca\/wp-json\/wp\/v2\/tags?post=4031"}],"curies":[{"name":"wp","href":"https:\/\/api.w.org\/{rel}","templated":true}]}}