{"id":3908,"date":"2022-02-06T19:26:11","date_gmt":"2022-02-06T17:26:11","guid":{"rendered":"https:\/\/illadelstrails.com\/?p=3908"},"modified":"2022-02-07T21:46:49","modified_gmt":"2022-02-07T19:46:49","slug":"llobera-y-dura-tinen-de-acento-mallorquin-la-trail-dels-fars","status":"publish","type":"post","link":"https:\/\/illadelstrails.com\/ca\/2022\/02\/06\/llobera-y-dura-tinen-de-acento-mallorquin-la-trail-dels-fars\/","title":{"rendered":"Llobera i Dur\u00e1n tenyeixen d&#8217;accent mallorqu\u00ed la Trail dels Fars"},"content":{"rendered":"<h6><em>Els corredors de l&#8217;illa ve\u00efna imposen ritme i s&#8217;emporten la vict\u00f2ria en els 46KM, mentre que Ana Bueno i Marc L\u00f3pez, en els 21KM, i Mar Bosch i Juan Moreno, en la Popular, salven els triomfs per a Menorca<\/em><\/h6>\n<p>La novena edici\u00f3 de la Trail dels Fars va coronar als mallorquins \u00c0ngels Llobera i Guiem Dur\u00e1n com a grans protagonistes dels 46 quil\u00f2metres en una jornada magn\u00edfica per al Trail Run, amb m\u00e9s de 750 inscrits en la primera prova de la segona edici\u00f3 de la Illa dels Trails, que compta amb el patrocini de la Fundaci\u00f3 Foment del Turisme de Menorca, la Ag\u00e8ncia d\u2019Estrat\u00e8gia Tur\u00edstica dels Illes Balears i del Pla de Recuperaci\u00f3, Transformaci\u00f3 i Resili\u00e8ncia (PRTR), i de l&#8217;Ajuntament de Ciutadella. Un diumenge de sol i poc vent que va mostrar la millor versi\u00f3 de Menorca fora de temporada i que va premiar amb vict\u00f2ries menorquines la resta de dist\u00e0ncies.<\/p>\n<p>Llobera i Dur\u00e1n van imposar un ritme m\u00e9s alt que els seus rivals de principi a fi, fins a la seva entrada en la zona de meta, a la Piscina Municipal de Ciutadella amb un temps final de 4:21:11 i 3:33:12, respectivament. En dones, impressionant carrera la protagonitzada per Maria Fiol i Mari All\u00e9s, que van regalar un gran duel fins a arribar a l&#8217;asfalt de Punta Nati quan la primera va tirar d&#8217;experi\u00e8ncia en l&#8217;asfalt per a trencar el crono i fins i tot retallar a Llobera entrant en meta amb 4:22:58, pels 4:31:26 de All\u00e9s.<\/p>\n<p>En homes, el\u00a0mahon\u00e9s\u00a0Albert Mart\u00ednez i Alberto\u00a0Aurensanz\u00a0van compartir un bon tram de carrera fins a la zona de Son\u00a0Morell\u00a0quan Mart\u00ednez va anar trencant la igualtat fins a arribar i parar el\u00a0crono\u00a0en 3:39:48 pels 3:44:04 de\u00a0Aurensanz.<\/p>\n<p>En la mitja marat\u00f3, el\u00a0ciutadellenc\u00a0Marc L\u00f3pez va signar una gran carrera en la qual la igualtat va ser m\u00e0xima i on va superar als seus rivals amb 1:29:00 per davant del\u00a0maon\u00e8s\u00a0Enric Pons, i del\u00a0ciutadellenc,\u00a0Migue\u00a0Huguet, amb un temps d&#8217;1:29:30 i 1:30:01, respectivament.<\/p>\n<p>En dones, l&#8217;atleta resident a Ferreries, Ana Bueno, no va tenir rival acabant el seu recorregut en 1:55:15. L&#8217;emoci\u00f3 es va viure en la lluita pel segon i el tercer podi, on es van intercalar les posicions entre Margalida Perell\u00f3, Laura Ruiz i Flor Alonso, decidint-se en favor de les 2 primeres amb sengles\u00a0cronos\u00a0d&#8217;1:55:15 i 1:55:27, per l&#8217;1:56:05 d&#8217;Alonso.<\/p>\n<p>En la carrera popular dels 12 quil\u00f2metres, gran paper ciutadellenc, on la jove\u00a0Mar Bosch, va sorprendre les seves rivals travessant la meta amb un temps de 55:14 pels 55:52 de\u00a0Lena\u00a0Moll, segona, i els 58:10 de M\u00f3nica Bosch que va saber aguantar l&#8217;sprint final de Clara Coll per a defensar la tercera posici\u00f3 amb 58:08.<\/p>\n<p>En la categoria masculina, Juan Moreno es va al\u00e7ar amb la vict\u00f2ria de manera clara amb un temps de 45:10, per davant de Toni\u00a0Florit\u00a0(47:33) i de Llu\u00eds Camps (49:27), tots de Ciutadella.<\/p>\n<p>La carrera, organitzada per\u00a0Elitechip\u00a0i\u00a0Biosport\u00a0Menorca, es va tancar amb el protocol\u00b7lari lliurament de trofeus en els quals van assistir l&#8217;alcaldessa de Ciutadella, Joana\u00a0Gomila, la regidora d&#8217;Esports, Sandra Moll, i la gerent de la\u00a0Fundaci\u00f3\u00a0Foment\u00a0de\u00a0Turisme\u00a0de Menorca, Elena Costa.<\/p>\n<p>La\u00a0Illa\u00a0dels\u00a0Trails\u00a0viur\u00e0 la seva segona parada dissabte, 12 de mar\u00e7, amb la\u00a0Trail\u00a0del\u00a0Nord\u00a0i les seves tres dist\u00e0ncies de 48KM, 26KM i 14KM, que tenen les inscripcions obertes en la web de www.illadelstrails.com.<\/p>\n","protected":false},"excerpt":{"rendered":"<p>Els corredors de l&#8217;illa ve\u00efna imposen ritme i s&#8217;emporten la vict\u00f2ria en els 46KM, mentre que Ana Bueno i Marc L\u00f3pez, en els 21KM, i Mar Bosch i Juan Moreno, en la Popular, salven els triomfs per a Menorca La novena edici\u00f3 de la Trail dels Fars va coronar als mallorquins \u00c0ngels Llobera i Guiem [&hellip;]<\/p>\n","protected":false},"author":2,"featured_media":3909,"comment_status":"open","ping_status":"open","sticky":false,"template":"","format":"standard","meta":{"spay_email":"","footnotes":""},"categories":[61],"tags":[75,72,71,77],"class_list":["post-3908","post","type-post","status-publish","format-standard","has-post-thumbnail","hentry","category-trail-dels-fars","tag-cami-de-cavalls","tag-illa-dels-trails","tag-menorca","tag-trail-dels-fars"],"acf":[],"jetpack_featured_media_url":"https:\/\/i0.wp.com\/illadelstrails.com\/wp-content\/uploads\/2022\/02\/1-1.jpeg?fit=1600%2C1066&ssl=1","jetpack-related-posts":[{"id":4703,"url":"https:\/\/illadelstrails.com\/ca\/2023\/02\/08\/la-trail-dels-fars-nocturna-abre-sus-inscripciones-y-regresa-a-menorca-el-16-de-septiembre\/","url_meta":{"origin":3908,"position":0},"title":"La Trail dels Fars Nocturna obre les seves inscripcions i torna a Menorca el 16 de setembre","date":"8 February, 2023","format":false,"excerpt":"La carrera, que ser\u00e0 la tercera cita de la lliga Illa dels Trails, comptar\u00e0 amb les dist\u00e0ncies de 23KM i de 13KM entre el far de Favaritx i la Base Militar de San Isidro La tercera parada de la lliga Illa dels Trails que es disputa a Menorca tindr\u00e0 la\u2026","rel":"","context":"In &quot;Trail Nocturna&quot;","img":{"alt_text":"","src":"https:\/\/i0.wp.com\/illadelstrails.com\/wp-content\/uploads\/2023\/02\/TrailNocturna2022-098-scaled.jpg?fit=1200%2C800&ssl=1&resize=350%2C200","width":350,"height":200},"classes":[]},{"id":4691,"url":"https:\/\/illadelstrails.com\/ca\/2023\/02\/03\/la-trail-dels-fars-acoge-750-participantes-para-su-decima-edicion\/","url_meta":{"origin":3908,"position":1},"title":"La Trail dels Fars acull 750 participants per a la seva desena edici\u00f3","date":"3 February, 2023","format":false,"excerpt":"La primera prova de l'edici\u00f3 de 2023 de la lliga\u00a0Illa\u00a0dels\u00a0Trails\u00a0compta amb tres dist\u00e0ncies que es disputaran \u00edntegrament el diumenge La\u00a0Illa\u00a0dels\u00a0Trails\u00a0obre la seva tercera edici\u00f3 aquest diumenge amb la disputa de la desena edici\u00f3 de la\u00a0Trail\u00a0dels\u00a0Fars. La carrera, que s'ha presentat aquest divendres en el renovat sal\u00f3 g\u00f2tic de l'Ajuntament de\u2026","rel":"","context":"In &quot;Trail dels Fars&quot;","img":{"alt_text":"","src":"https:\/\/i0.wp.com\/illadelstrails.com\/wp-content\/uploads\/2023\/02\/1.jpeg?fit=1200%2C900&ssl=1&resize=350%2C200","width":350,"height":200},"classes":[]},{"id":2648,"url":"https:\/\/illadelstrails.com\/ca\/2021\/01\/19\/la-covid19-obliga-a-pasar-la-trail-dels-fars-al-mes-de-abril\/","url_meta":{"origin":3908,"position":2},"title":"La COVID19 obliga a pasar la Trail dels Fars al mes de abril","date":"19 January, 2021","format":false,"excerpt":"La entrada de Menorca en Fase 4 como m\u00ednimo hasta d\u00eda 30 dificulta la concesi\u00f3n de los permisos necesarios para que se dispute la prueba La Trail dels Fars 2021 se disputar\u00e1 los d\u00edas 24 y 25 de abril. La actual situaci\u00f3n que atraviesa Menorca derivada por la COVID19 dificulta\u2026","rel":"","context":"In &quot;Trail dels Fars&quot;","img":{"alt_text":"","src":"https:\/\/i0.wp.com\/illadelstrails.com\/wp-content\/uploads\/2021\/01\/cartell_trail_fars_2021_posposat_INSTA.jpg?fit=1200%2C1200&ssl=1&resize=350%2C200","width":350,"height":200},"classes":[]},{"id":2582,"url":"https:\/\/illadelstrails.com\/ca\/2021\/01\/05\/la-trail-dels-barrancs-en-la-liga-illa-dels-trails\/","url_meta":{"origin":3908,"position":3},"title":"La Trail dels Barrancs, en la liga Illa dels Trails","date":"5 January, 2021","format":false,"excerpt":"La carrera, que se disputar\u00e1 el d\u00eda 28 de marzo, ser\u00e1 la segunda prueba de la liga Illa dels Trails El 28 de marzo Alaior acoger\u00e1 la segunda prueba de la liga Illa dels Trails, una competici\u00f3n que se estrena este 2021 y que premiar\u00e1 a los deportistas m\u00e1s regulares\u2026","rel":"","context":"In &quot;Trail dels Barrancs&quot;","img":{"alt_text":"","src":"https:\/\/i0.wp.com\/illadelstrails.com\/wp-content\/uploads\/2021\/01\/noticia_3.jpg?fit=1200%2C752&ssl=1&resize=350%2C200","width":350,"height":200},"classes":[]},{"id":5392,"url":"https:\/\/illadelstrails.com\/ca\/2024\/02\/04\/la-trail-dels-fars-llega-a-su-11a-edicion-con-un-30-por-ciento-de-participantes-de-fuera-de-la-isla\/","url_meta":{"origin":3908,"position":4},"title":"La Trail dels Fars arriba a la seva 11a edici\u00f3 amb un 30 per cent de participants de fora de l&#8217;illa","date":"4 February, 2024","format":false,"excerpt":"La primera cursa de la lliga Illa dels Trails 2024 tindr\u00e0 lloc aquest diumenge amb uns 700 inscrits entre les dist\u00e0ncies de 46KM, 21KM i 12KM. La lliga Illa dels Trails 2024 aixeca el tel\u00f3 aquest diumenge amb la disputa de la que \u00e9s, a m\u00e9s, la 11a edici\u00f3 de\u2026","rel":"","context":"In &quot;Trail dels Fars&quot;","img":{"alt_text":"","src":"https:\/\/i0.wp.com\/illadelstrails.com\/wp-content\/uploads\/2024\/02\/Presentacio.jpeg?fit=1200%2C900&ssl=1&resize=350%2C200","width":350,"height":200},"classes":[]},{"id":5738,"url":"https:\/\/illadelstrails.com\/ca\/2024\/09\/30\/la-trail-dels-fars-nocturna-lista-para-el-fin-de-semana\/","url_meta":{"origin":3908,"position":5},"title":"La Trail dels Fars Nocturna, a punt per al cap de setmana","date":"30 September, 2024","format":false,"excerpt":"La tercera cursa de la lliga Illa dels Trails comptar\u00e0 amb prop de 400 participants repartits entre les seves dues dist\u00e0ncies de 13 i 23 quil\u00f2metres. La tercera cita de la lliga Illa dels Trails ja \u00e9s aqu\u00ed. La Trail dels Fars Nocturna, que enguany s'ha retardat en el calendari\u2026","rel":"","context":"In &quot;Trail Nocturna&quot;","img":{"alt_text":"","src":"https:\/\/i0.wp.com\/illadelstrails.com\/wp-content\/uploads\/2024\/09\/IMG_8791.jpg?fit=1200%2C900&ssl=1&resize=350%2C200","width":350,"height":200},"classes":[]}],"_links":{"self":[{"href":"https:\/\/illadelstrails.com\/ca\/wp-json\/wp\/v2\/posts\/3908"}],"collection":[{"href":"https:\/\/illadelstrails.com\/ca\/wp-json\/wp\/v2\/posts"}],"about":[{"href":"https:\/\/illadelstrails.com\/ca\/wp-json\/wp\/v2\/types\/post"}],"author":[{"embeddable":true,"href":"https:\/\/illadelstrails.com\/ca\/wp-json\/wp\/v2\/users\/2"}],"replies":[{"embeddable":true,"href":"https:\/\/illadelstrails.com\/ca\/wp-json\/wp\/v2\/comments?post=3908"}],"version-history":[{"count":3,"href":"https:\/\/illadelstrails.com\/ca\/wp-json\/wp\/v2\/posts\/3908\/revisions"}],"predecessor-version":[{"id":3912,"href":"https:\/\/illadelstrails.com\/ca\/wp-json\/wp\/v2\/posts\/3908\/revisions\/3912"}],"wp:featuredmedia":[{"embeddable":true,"href":"https:\/\/illadelstrails.com\/ca\/wp-json\/wp\/v2\/media\/3909"}],"wp:attachment":[{"href":"https:\/\/illadelstrails.com\/ca\/wp-json\/wp\/v2\/media?parent=3908"}],"wp:term":[{"taxonomy":"category","embeddable":true,"href":"https:\/\/illadelstrails.com\/ca\/wp-json\/wp\/v2\/categories?post=3908"},{"taxonomy":"post_tag","embeddable":true,"href":"https:\/\/illadelstrails.com\/ca\/wp-json\/wp\/v2\/tags?post=3908"}],"curies":[{"name":"wp","href":"https:\/\/api.w.org\/{rel}","templated":true}]}}