{"id":3904,"date":"2022-02-03T20:24:07","date_gmt":"2022-02-03T18:24:07","guid":{"rendered":"https:\/\/illadelstrails.com\/?p=3904"},"modified":"2022-02-03T20:24:07","modified_gmt":"2022-02-03T18:24:07","slug":"la-segunda-edicion-de-la-lliga-illa-dels-trails-se-abre-con-mas-de-700-inscritos-en-la-trail-dels-fars","status":"publish","type":"post","link":"https:\/\/illadelstrails.com\/ca\/2022\/02\/03\/la-segunda-edicion-de-la-lliga-illa-dels-trails-se-abre-con-mas-de-700-inscritos-en-la-trail-dels-fars\/","title":{"rendered":"La segona edici\u00f3 de la lliga Illa dels Trails s\u2019obra amb m\u00e9s de 700 inscrits a la Trail dels Fars"},"content":{"rendered":"<h5 style=\"text-align: center;\"><em>Ciutadella acull aquest diumenge l\u2019apertura de la competici\u00f3 de 5 curses de trail, amb una prova amb les dist\u00e0ncies de 46KM, 21KM i 12KM<\/em><\/h5>\n<p>La segona edici\u00f3 de la lliga Illa dels Trails obrir\u00e0 el seu recorregut aquest diumenge, 6 de febrer, amb la Trail dels Fars. Amb m\u00e9s de 700 inscrits, dels quals un 30% s\u00f3n de fora de l\u2019illa, ser\u00e0 l\u2019encarregada d\u2019obrir cam\u00ed a les altres curses que formen el circuit com s\u00f3n la Trail del Nord (12 de mar\u00e7), la Trail dels Barrancs (24 d\u2019abril), la Trail dels Fars Nocturna (17 de setembre) i l\u2019October Trail (15 d\u2019octubre) i que compta amb el patrocini de la Fundaci\u00f3 Foment del Turisme de Menorca, de l\u2019Ag\u00e8ncia d\u2019Estrategia Tur\u00edstica de les Illes Blaears i del el Plan de Recuperaci\u00f3n, Transformaci\u00f3n y Resiliencia.<\/p>\n<p>&nbsp;<\/p>\n<p>La cursa s\u2019ha presentat aquest dijous a l\u2019impressionant exterior de l\u2019Ajuntament de Ciutadella amb la pres\u00e8ncia de la batlessa, Joana Gomila, la regidora d\u2019Esports, Sandra Moll, la gerent de la Fundaci\u00f3 Foment del Turisme de Menorca, Elena Costa, el director insular d\u2019Esports, \u00c0ngel Cardona, i el gerent d\u2019Elitechip, Guiem Bosch.<\/p>\n<p>&nbsp;<\/p>\n<p>L\u2019esdeveniment arranca aquest dissabte amb l\u2019entrega dels darrers dorsals, de les 16 a les 20 hores a la Piscina Municipal de Ciutadella. El diumenge, a les 8.00, es donar\u00e0 la sortida dels 46KM des de l\u2019impresionant far de Cavalleria, mentre que a les 10.30 ho far\u00e0 la cursa dels 21KM des de La Vall. Tancar\u00e0 el mat\u00ed la sortida de la cursa popular de 12KM al Cam\u00ed de Son Morell. Totes tres dist\u00e0ncies tindran la seva arribada a la Piscina Municipal de Ciutadella.<\/p>\n<p>&nbsp;<\/p>\n<p>Les inscripcions han superat les 750 per aquesta cursa de les que un 30 per cent s\u00f3n de fora de Menorca. La majoria dels aficionats que venen s\u00f3n de Mallorca, seguit per catalans i hi ha un increment de participaci\u00f3 de la resta d\u2019Europa que veu la Menorca del mes de febrer com una oportunitat de descobrir o redescobrir l\u2019illa.<\/p>\n<p>&nbsp;<\/p>\n<p>L\u2019organitzaci\u00f3 de la cursa segueix apostant per una gesti\u00f3 que rebaixi l\u2019impacte en el medi i hi suma, a m\u00e9s de punts d\u2019avituallaments amb cubells per separar i reciclar els materials i l\u2019obligaci\u00f3 de que cada participant utilitzi el seu got, l\u2019aposta per transport el\u00e8ctric en els seus despla\u00e7aments log\u00edstics.<\/p>\n<p>Joana Gomila, batlessa de l\u2019Ajuntament de Ciutadella, agraeix \u201cl\u2019esfor\u00e7 que es fa des de les organitzacions per seguir apostant per un esdeveniment que convida a con\u00e8ixer els encants de Menorca i de Ciutadella d\u2019una forma sana i esportiva\u201d. Aix\u00ed mateix, la gerent de la Fundaci\u00f3, Elena Costa, valora \u201cl\u2019impacte que t\u00e9 aquesta imatge de Menorca Esportiva, la promoci\u00f3 que es fa tan a nivell nacional com internacional d\u2019un reclam que va m\u00e9s enll\u00e0 de la temporada tur\u00edstica i que veu en aquesta segona edici\u00f3 de l\u2019Illa dels Trails, una aposta que es mant\u00e9 des del Consell Insular pel reclam esportiu de Menorca\u201d.<\/p>\n<p>&nbsp;<\/p>\n<p>Per la seva part, \u00c0ngel Cardona ha posat especial \u00e8mfasis en la part \u201csaludable que implica aquests esdeveniments que van m\u00e9s enll\u00e0 de la competici\u00f3, que conviden a tenir una rutina m\u00e9s bona\u201d. Tamb\u00e9 ha destacat que els organitzadors treballen i tenen en compte els aspectes de la seguretat en la pr\u00e0ctica esportiva.<\/p>\n<p>&nbsp;<\/p>\n<p>Un dels organitzadors de la cursa, Guiem Bosch, valora \u201cmolt positivament que el nombre de gent que ve de fora de la illa o b\u00e9 es mant\u00e9 amb gent que participa per primera vegada o s\u2019incrementa amb gent que tamb\u00e9 repeteix perqu\u00e8 li agrada l\u2019illa, li agrada el Cam\u00ed de Cavalls i tamb\u00e9 la gastronomia, els paisatges, la tranquil\u00b7litat&#8230; Tot lo que ofereix l\u2019illa m\u00e9s enll\u00e0 de l\u2019estiu\u201d.<\/p>\n","protected":false},"excerpt":{"rendered":"<p>Ciutadella acull aquest diumenge l\u2019apertura de la competici\u00f3 de 5 curses de trail, amb una prova amb les dist\u00e0ncies de 46KM, 21KM i 12KM La segona edici\u00f3 de la lliga Illa dels Trails obrir\u00e0 el seu recorregut aquest diumenge, 6 de febrer, amb la Trail dels Fars. Amb m\u00e9s de 700 inscrits, dels quals un [&hellip;]<\/p>\n","protected":false},"author":2,"featured_media":3906,"comment_status":"open","ping_status":"open","sticky":false,"template":"","format":"standard","meta":{"spay_email":"","footnotes":""},"categories":[61],"tags":[75,72,71,77],"class_list":["post-3904","post","type-post","status-publish","format-standard","has-post-thumbnail","hentry","category-trail-dels-fars","tag-cami-de-cavalls","tag-illa-dels-trails","tag-menorca","tag-trail-dels-fars"],"acf":[],"jetpack_featured_media_url":"https:\/\/i0.wp.com\/illadelstrails.com\/wp-content\/uploads\/2022\/02\/1.jpeg?fit=2048%2C1536&ssl=1","jetpack-related-posts":[{"id":4703,"url":"https:\/\/illadelstrails.com\/ca\/2023\/02\/08\/la-trail-dels-fars-nocturna-abre-sus-inscripciones-y-regresa-a-menorca-el-16-de-septiembre\/","url_meta":{"origin":3904,"position":0},"title":"La Trail dels Fars Nocturna obre les seves inscripcions i torna a Menorca el 16 de setembre","date":"8 February, 2023","format":false,"excerpt":"La carrera, que ser\u00e0 la tercera cita de la lliga Illa dels Trails, comptar\u00e0 amb les dist\u00e0ncies de 23KM i de 13KM entre el far de Favaritx i la Base Militar de San Isidro La tercera parada de la lliga Illa dels Trails que es disputa a Menorca tindr\u00e0 la\u2026","rel":"","context":"In &quot;Trail Nocturna&quot;","img":{"alt_text":"","src":"https:\/\/i0.wp.com\/illadelstrails.com\/wp-content\/uploads\/2023\/02\/TrailNocturna2022-098-scaled.jpg?fit=1200%2C800&ssl=1&resize=350%2C200","width":350,"height":200},"classes":[]},{"id":5392,"url":"https:\/\/illadelstrails.com\/ca\/2024\/02\/04\/la-trail-dels-fars-llega-a-su-11a-edicion-con-un-30-por-ciento-de-participantes-de-fuera-de-la-isla\/","url_meta":{"origin":3904,"position":1},"title":"La Trail dels Fars arriba a la seva 11a edici\u00f3 amb un 30 per cent de participants de fora de l&#8217;illa","date":"4 February, 2024","format":false,"excerpt":"La primera cursa de la lliga Illa dels Trails 2024 tindr\u00e0 lloc aquest diumenge amb uns 700 inscrits entre les dist\u00e0ncies de 46KM, 21KM i 12KM. La lliga Illa dels Trails 2024 aixeca el tel\u00f3 aquest diumenge amb la disputa de la que \u00e9s, a m\u00e9s, la 11a edici\u00f3 de\u2026","rel":"","context":"In &quot;Trail dels Fars&quot;","img":{"alt_text":"","src":"https:\/\/i0.wp.com\/illadelstrails.com\/wp-content\/uploads\/2024\/02\/Presentacio.jpeg?fit=1200%2C900&ssl=1&resize=350%2C200","width":350,"height":200},"classes":[]},{"id":2582,"url":"https:\/\/illadelstrails.com\/ca\/2021\/01\/05\/la-trail-dels-barrancs-en-la-liga-illa-dels-trails\/","url_meta":{"origin":3904,"position":2},"title":"La Trail dels Barrancs, en la liga Illa dels Trails","date":"5 January, 2021","format":false,"excerpt":"La carrera, que se disputar\u00e1 el d\u00eda 28 de marzo, ser\u00e1 la segunda prueba de la liga Illa dels Trails El 28 de marzo Alaior acoger\u00e1 la segunda prueba de la liga Illa dels Trails, una competici\u00f3n que se estrena este 2021 y que premiar\u00e1 a los deportistas m\u00e1s regulares\u2026","rel":"","context":"In &quot;Trail dels Barrancs&quot;","img":{"alt_text":"","src":"https:\/\/i0.wp.com\/illadelstrails.com\/wp-content\/uploads\/2021\/01\/noticia_3.jpg?fit=1200%2C752&ssl=1&resize=350%2C200","width":350,"height":200},"classes":[]},{"id":4691,"url":"https:\/\/illadelstrails.com\/ca\/2023\/02\/03\/la-trail-dels-fars-acoge-750-participantes-para-su-decima-edicion\/","url_meta":{"origin":3904,"position":3},"title":"La Trail dels Fars acull 750 participants per a la seva desena edici\u00f3","date":"3 February, 2023","format":false,"excerpt":"La primera prova de l'edici\u00f3 de 2023 de la lliga\u00a0Illa\u00a0dels\u00a0Trails\u00a0compta amb tres dist\u00e0ncies que es disputaran \u00edntegrament el diumenge La\u00a0Illa\u00a0dels\u00a0Trails\u00a0obre la seva tercera edici\u00f3 aquest diumenge amb la disputa de la desena edici\u00f3 de la\u00a0Trail\u00a0dels\u00a0Fars. La carrera, que s'ha presentat aquest divendres en el renovat sal\u00f3 g\u00f2tic de l'Ajuntament de\u2026","rel":"","context":"In &quot;Trail dels Fars&quot;","img":{"alt_text":"","src":"https:\/\/i0.wp.com\/illadelstrails.com\/wp-content\/uploads\/2023\/02\/1.jpeg?fit=1200%2C900&ssl=1&resize=350%2C200","width":350,"height":200},"classes":[]},{"id":6392,"url":"https:\/\/illadelstrails.com\/ca\/2025\/11\/19\/mas-de-700-participantes-abren-el-ano-deportivo-en-la-trail-dels-fars\/","url_meta":{"origin":3904,"position":4},"title":"M\u00e9s de 700 participants obren l\u2019any esportiu a la Trail dels Fars","date":"19 November, 2025","format":false,"excerpt":"La tradicional cita que acaba a Ciutadella obrir\u00e0, una vegada m\u00e9s, el calendari d\u2019esdeveniments de l\u2019illa amb una cursa de 46KM, 21KM i 12KM. La Lliga Illa dels Trails obrir\u00e0 aquest diumenge la seva quarta edici\u00f3 amb la tradicional Trail dels Fars. La cita, que ja ha superat els 700\u2026","rel":"","context":"In &quot;Trail dels Fars&quot;","img":{"alt_text":"","src":"https:\/\/i0.wp.com\/illadelstrails.com\/wp-content\/uploads\/2025\/11\/Presentacio-scaled.jpg?fit=1200%2C900&ssl=1&resize=350%2C200","width":350,"height":200},"classes":[]},{"id":4305,"url":"https:\/\/illadelstrails.com\/ca\/2022\/09\/14\/la-trail-dels-fars-nocturna-de-record\/","url_meta":{"origin":3904,"position":5},"title":"La Trail dels Fars Nocturna, de r\u00e8cord","date":"14 September, 2022","format":false,"excerpt":"La quarta prova de la lliga\u00a0Illa\u00a0dels\u00a0Trails\u00a0es disputa aquest dissabte amb m\u00e9s de 425 participants entre les dues dist\u00e0ncies amb arribada a la Base Militar de San Isidro La segona edici\u00f3 de la Lliga\u00a0Illa\u00a0dels\u00a0Trails\u00a0arriba a la seva quarta estaci\u00f3, la\u00a0Trail\u00a0dels\u00a0Fars\u00a0Nocturna, amb un \u2018sold\u00a0out\u2019 en inscripcions i amb m\u00e9s de 425 esportistes\u2026","rel":"","context":"In &quot;Trail Nocturna&quot;","img":{"alt_text":"","src":"https:\/\/i0.wp.com\/illadelstrails.com\/wp-content\/uploads\/2022\/09\/1-scaled.jpg?fit=1200%2C800&ssl=1&resize=350%2C200","width":350,"height":200},"classes":[]}],"_links":{"self":[{"href":"https:\/\/illadelstrails.com\/ca\/wp-json\/wp\/v2\/posts\/3904"}],"collection":[{"href":"https:\/\/illadelstrails.com\/ca\/wp-json\/wp\/v2\/posts"}],"about":[{"href":"https:\/\/illadelstrails.com\/ca\/wp-json\/wp\/v2\/types\/post"}],"author":[{"embeddable":true,"href":"https:\/\/illadelstrails.com\/ca\/wp-json\/wp\/v2\/users\/2"}],"replies":[{"embeddable":true,"href":"https:\/\/illadelstrails.com\/ca\/wp-json\/wp\/v2\/comments?post=3904"}],"version-history":[{"count":1,"href":"https:\/\/illadelstrails.com\/ca\/wp-json\/wp\/v2\/posts\/3904\/revisions"}],"predecessor-version":[{"id":3907,"href":"https:\/\/illadelstrails.com\/ca\/wp-json\/wp\/v2\/posts\/3904\/revisions\/3907"}],"wp:featuredmedia":[{"embeddable":true,"href":"https:\/\/illadelstrails.com\/ca\/wp-json\/wp\/v2\/media\/3906"}],"wp:attachment":[{"href":"https:\/\/illadelstrails.com\/ca\/wp-json\/wp\/v2\/media?parent=3904"}],"wp:term":[{"taxonomy":"category","embeddable":true,"href":"https:\/\/illadelstrails.com\/ca\/wp-json\/wp\/v2\/categories?post=3904"},{"taxonomy":"post_tag","embeddable":true,"href":"https:\/\/illadelstrails.com\/ca\/wp-json\/wp\/v2\/tags?post=3904"}],"curies":[{"name":"wp","href":"https:\/\/api.w.org\/{rel}","templated":true}]}}