{"id":3513,"date":"2021-11-14T19:55:04","date_gmt":"2021-11-14T17:55:04","guid":{"rendered":"https:\/\/illadelstrails.com\/?p=3513"},"modified":"2021-11-14T19:55:04","modified_gmt":"2021-11-14T17:55:04","slug":"alles-y-florit-reinan-en-el-norte-y-en-la-liga-illa-dels-trails","status":"publish","type":"post","link":"https:\/\/illadelstrails.com\/ca\/2021\/11\/14\/alles-y-florit-reinan-en-el-norte-y-en-la-liga-illa-dels-trails\/","title":{"rendered":"All\u00e9s i Florit regnen al Nord i en la lliga Illa dels Trails"},"content":{"rendered":"<h6><em>Els dos corredors compleixen amb la seva condici\u00f3 de favorits per a emportar-se la vict\u00f2ria a\u00a0Fornells\u00a0i el premi d&#8217;ambaixadors de la marca\u00a0Sport\u00a0HG\u00a0durant l&#8217;any 2022<\/em><\/h6>\n<p>L&#8217;\u00fanica cosa que li feia falta a la primera edici\u00f3 de la lliga\u00a0Illa\u00a0dels\u00a0Trails\u00a0era una jornada \u00e8pica com la que va fer aquest diumenge a Menorca amb la pluja com a protagonista constant. El vent i la borrasca Blas van donar una treva m\u00ednima que va regalar una jornada ideal per a la pr\u00e0ctica del\u00a0Trail\u00a0Run\u00a0en la qual dos noms van sobresortir per sobre de tots, el de l\u2019alaorenc\u00a0Joan\u00a0Florit, i el de la\u00a0ciutadellenca\u00a0Mari\u00a0All\u00e9s. Ells van v\u00e8ncer no sols en la carrera, cinquena cita de la lliga, sin\u00f3 tamb\u00e9 en la mateixa competici\u00f3 que els proclama com a nous ambaixadors de la marca\u00a0Sport\u00a0HG\u00a0durant l&#8217;any 2022.<\/p>\n<p>Cala\u00a0Morell\u00a0i les impressionants vistes de la cala des d&#8217;un dels aparcaments van servir de punt de partida per a la\u00a0Trail\u00a0del\u00a0Nord, un esdeveniment que compta amb el patrocini de la\u00a0Fundaci\u00f3\u00a0Foment\u00a0del\u00a0Turisme\u00a0de Menorca i de la\u00a0Ag\u00e8ncia\u00a0d\u2019Estrat\u00e8gia\u00a0Tur\u00edstica dels Illes Balears. Els 48 quil\u00f2metres del recorregut direcci\u00f3 a\u00a0Fornells\u00a0que inclo\u00efen un desviament en el\u00a0Cam\u00ed\u00a0de\u00a0Cavalls\u00a0per a pujar fins a l&#8217;alt del castell de Santa\u00a0\u00c1gueda\u00a0es van fer especialment durs a mitjan mat\u00ed quan va apar\u00e8ixer la pluja.\u00a0Florit, que tenia el t\u00edtol en la butxaca, va cedir la pressi\u00f3 inicial a les cames de Javi Pons, qui va prendre el comandament marcant un gran ritme.<\/p>\n<p>Els dos corredors han signat una temporada intensa, amb un calendari carregat, per\u00f2 no van deixar passar l&#8217;oportunitat de signar una bonica batalla en la qual es va colar tamb\u00e9 Juan Antonio\u00a0Sande, tercer a travessar la l\u00ednia de meta en\u00a0Fornells.\u00a0Florit\u00a0va arribar a meta amb un temps de 4:18:38 pels 4:22:25 i 4:25:15 dels seus rivals.<\/p>\n<p>En dones, Mari\u00a0All\u00e9s\u00a0va controlar en tot moment la carrera administrant un avantatge i ampliant-la quan podia. Tenia el t\u00edtol de la lliga m\u00e9s a prop que mai i va protagonitzar una carrera de menys a m\u00e9s que li va portar fins al camp de futbol de\u00a0Fornells\u00a0despr\u00e9s de 5:23:54. Li va acompanyar en el podi Tina\u00a0Ameller\u00a0amb un temps de 5:54:03 i Aida\u00a0Lora\u00a0Go\u00f1alons\u00a0(5:59:07).<\/p>\n<p>En els 26 quil\u00f2metres, duel d&#8217;espases en el recorregut que unia el p\u00e0rquing de Cala Pilar amb el camp de\u00a0Fornells. L&#8217;intercanvi de lideratge va beneficiar en l&#8217;estreta final a Carlos Meli\u00e1 que va trencar la carrera guanyant amb una mica m\u00e9s d&#8217;un minut a Xavi Sintes\u00a0Marqu\u00e9s\u00a0(2:17:07 pels 2:18:17 del segon). Marc L\u00f3pez va completar el podi mascul\u00ed amb 2:21:11 per davant d&#8217;una de les millors not\u00edcies de la carrera, el retorn a la competici\u00f3 de l&#8217;esportista Nil\u00a0Riudavets, qui es tornava a penjar un dorsal despr\u00e9s del seu aparat\u00f3s accident i acompanyat d&#8217;Oriol\u00a0Barbany\u00a0entrava en un excel\u00b7lent quart lloc (2:21:55). L&#8217;emoci\u00f3 del moment que es va viure en la meta va evidenciar el molt que est\u00e0 lluitant\u00a0Riudavets\u00a0per recuperar les sensacions.<\/p>\n<p>En dones, l&#8217;experimentada corredora Mar\u00eda\u00a0Fiol\u00a0va imposar la seva llei de principi a fi, sorprenent a Ana Bueno, la corredora establerta a Ferreries i guanyant el duel amb 2:39:37 pels 2:42:19 del seu rival. El tercer lloc va ser per a\u00a0Lydia\u00a0Yern\u00a0(2:51:44).<\/p>\n<p>En la dist\u00e0ncia popular de 14 quil\u00f2metres que sortia des del p\u00e0rquing de\u00a0Binimetl\u2022l\u00e0, m\u00e0xima emoci\u00f3 i igualtat tant en mascul\u00ed com en dones. Miquel Torres va demostrar de nou la seva superioritat en les dist\u00e0ncies curtes emportant-se el triomf per davant del seu company d&#8217;equip, Toni\u00a0Florit, mentre que Tomeu\u00a0Salord\u00a0va ser tercer amb una mica m\u00e9s d&#8217;un minut de marge. Torres va ser el m\u00e9s r\u00e0pid en parar el\u00a0crono\u00a0en 59:43, seguit de\u00a0Florit\u00a0(1:00:10) i de\u00a0Salord\u00a0(1:00:56).<\/p>\n<p>Per part seva, Pilar Pons es va al\u00e7ar amb la vict\u00f2ria amb un\u00a0crono\u00a0d&#8217;1:14:15 per davant de M\u00f3nica Bosch, que va entrar en meta 60 segons despr\u00e9s, i de Bea Pons, amb un temps d&#8217;1:17:02.<\/p>\n<p>Amb els resultats d&#8217;aquest diumenge, el podi de la categoria GOLD se&#8217;l va emportar Joan\u00a0Florit\u00a0amb 1.500 punts, despr\u00e9s d&#8217;haver guanyat la\u00a0Trail\u00a0dels\u00a0Fars, la\u00a0Trail\u00a0del\u00a0Nord\u00a0i la\u00a0Trail\u00a0dels\u00a0Barrancs, seguit de Javi Pons, que va acabar amb 1.375,9 punts, i del veter\u00e0 i experimentat corredor Miquel Pons Pons, qui va aprofitar en les dues \u00faltimes proves per a avan\u00e7ar a Francesc\u00a0Cavaller\u00a0amb 1.364,1 punts pels 1.347,1 del\u00a0ciutadellenc.<\/p>\n<p>En dones, vict\u00f2ria de Mari\u00a0All\u00e9s\u00a0amb 1.462,3 punts despr\u00e9s de guanyar en la\u00a0Trail\u00a0del\u00a0Nord\u00a0i la\u00a0October\u00a0Trail, seguida de Tina\u00a0Ameller, amb 1.298,3 punts, i de N\u00faria Coll, amb 1.254,7 punts.<\/p>\n<p>En la categoria\u00a0SILVER, Marc L\u00f3pez ha estat el m\u00e9s regular amb 862,4 punts, per davant de Xavi Sintes (816,8) i de Guillem Cuesta (793), mentre que Laura Ruiz es va emportar la categoria amb 841,6 seguida d&#8217;Itziar\u00a0Erlanz\u00a0i Carmen Peir\u00f3, 813,3 i 748,4 respectivament.<\/p>\n<p>En\u00a0BRONZE, Tomeu\u00a0Salord\u00a0s&#8217;emporta la vict\u00f2ria amb 596 punts, pels 573,2 d&#8217;Enric Pons i els 536 de Gilberto Cardona, mentre que en dones, Mar\u00eda Gonz\u00e1lez va guanyar amb 488,1 punts per davant dels 482 de Vanesa Carreras i dels 481,1 de Maria\u00a0Marques.<\/p>\n<p>El lliurament de trofeus va comptar amb la participaci\u00f3 de la gerent de la\u00a0Fundaci\u00f3\u00a0Foment\u00a0del\u00a0Turisme\u00a0de Menorca, Elena Costa, del regidor d&#8217;Esports des Mercadal, Javier\u00a0Peri\u00e1\u00f1ez, i del\u00a0Brand\u00a0manager\u00a0de\u00a0Sport\u00a0HG, Jordi Rodr\u00edguez.<\/p>\n","protected":false},"excerpt":{"rendered":"<p>Els dos corredors compleixen amb la seva condici\u00f3 de favorits per a emportar-se la vict\u00f2ria a\u00a0Fornells\u00a0i el premi d&#8217;ambaixadors de la marca\u00a0Sport\u00a0HG\u00a0durant l&#8217;any 2022 L&#8217;\u00fanica cosa que li feia falta a la primera edici\u00f3 de la lliga\u00a0Illa\u00a0dels\u00a0Trails\u00a0era una jornada \u00e8pica com la que va fer aquest diumenge a Menorca amb la pluja com a protagonista [&hellip;]<\/p>\n","protected":false},"author":2,"featured_media":3514,"comment_status":"open","ping_status":"open","sticky":false,"template":"","format":"standard","meta":{"spay_email":"","footnotes":""},"categories":[70],"tags":[],"class_list":["post-3513","post","type-post","status-publish","format-standard","has-post-thumbnail","hentry","category-trail-del-nord"],"acf":[],"jetpack_featured_media_url":"https:\/\/i0.wp.com\/illadelstrails.com\/wp-content\/uploads\/2021\/11\/22.jpeg?fit=1600%2C1066&ssl=1","jetpack-related-posts":[{"id":3328,"url":"https:\/\/illadelstrails.com\/ca\/2021\/09\/27\/florit-i-alles-estrelles-brillants-en-mao\/","url_meta":{"origin":3513,"position":0},"title":"Florit i All\u00e8s, estrelles brillants en Ma\u00f3","date":"27 September, 2021","format":false,"excerpt":"Els dos corredors s\u2019emporten el triomf als 21 quil\u00f2metres de la Trail dels Fars Nocturna, mentre que Isabella Orellana i Tomeu Salord, s\u2019imposen als 13 quil\u00f2metres Nit d'estrelles i de calor la que es va viure aquest dissabte en la segona edici\u00f3 de la Trail dels Fars Nocturna, tercera prova\u2026","rel":"","context":"In &quot;Trail Nocturna&quot;","img":{"alt_text":"","src":"https:\/\/i0.wp.com\/illadelstrails.com\/wp-content\/uploads\/2021\/09\/WhatsApp-Image-2021-09-26-at-10.03.46.jpeg?fit=1200%2C800&ssl=1&resize=350%2C200","width":350,"height":200},"classes":[]},{"id":4312,"url":"https:\/\/illadelstrails.com\/ca\/2022\/09\/18\/riioja-y-alles-reyes-del-trail-nocturno\/","url_meta":{"origin":3513,"position":1},"title":"Rioja i All\u00e8s, reis del trail nocturn","date":"18 September, 2022","format":false,"excerpt":"El campi\u00f3 s'imposa amb un temps d'1.34:11 mentre que la guanyadora signatura una marca d'1.54:58 per a erigir-se en els m\u00e9s r\u00e0pids de la tercera edici\u00f3 de la\u00a0Trail\u00a0dels\u00a0Fars\u00a0Nocturna David Rioja i Mari\u00a0All\u00e9s\u00a0s\u00f3n els nous reis del\u00a0trail\u00a0nocturn a Menorca. Els dos corredors es van imposar en la tercera edici\u00f3 de la\u00a0Trail\u00a0dels\u00a0Fars\u00a0Nocturna,\u2026","rel":"","context":"In &quot;Trail Nocturna&quot;","img":{"alt_text":"","src":"https:\/\/i0.wp.com\/illadelstrails.com\/wp-content\/uploads\/2022\/09\/WhatsApp-Image-2022-09-18-at-9.31.23-AM-1.jpeg?fit=1200%2C800&ssl=1&resize=350%2C200","width":350,"height":200},"classes":[]},{"id":2837,"url":"https:\/\/illadelstrails.com\/ca\/2021\/03\/28\/dominio-menorquin-para-la-trail-dels-barrancs\/","url_meta":{"origin":3513,"position":2},"title":"Dominio menorqu\u00edn para la Trail dels Barrancs","date":"28 March, 2021","format":false,"excerpt":"Maria Pallicer y Joan Florit se imponen en los 38KM en el estreno de la Illa dels Trails La primera edici\u00f3n de la Trail dels Barrancs, encargada de abrir la liga de carreras Illa dels Trails, se cerr\u00f3 con un \u00e9xito rotundo. Joan Florit y Maria Pallicer se alzaron con\u2026","rel":"","context":"In &quot;Trail dels Barrancs&quot;","img":{"alt_text":"","src":"https:\/\/i0.wp.com\/illadelstrails.com\/wp-content\/uploads\/2021\/03\/3.jpeg?fit=1200%2C800&ssl=1&resize=350%2C200","width":350,"height":200},"classes":[]},{"id":4035,"url":"https:\/\/illadelstrails.com\/ca\/2022\/03\/16\/vendaval-duran-y-alles-en-la-trail-del-nord\/","url_meta":{"origin":3513,"position":3},"title":"Vendaval Dur\u00e1n i All\u00e9s en la Trail del Nord","date":"16 March, 2022","format":false,"excerpt":"El corredor repeteix vict\u00f2ria despr\u00e9s de la\u00a0Trail\u00a0dels\u00a0Fars\u00a0i la\u00a0ciutadellenca, guanyadora de la lliga\u00a0Illa\u00a0dels\u00a0Trails\u00a02021, estrena el seu caseller de 2022 La\u00a0Trail\u00a0del\u00a0Nord\u00a0ja t\u00e9 als seus nous guanyadors,\u00a0Guiem\u00a0Dur\u00e1n i Mari\u00a0All\u00e9s, que ja es va imposar al novembre, corredors que van entrar a la meta a\u00a0Fornells\u00a0en primer lloc en un dissabte perfecte per al\u00a0trail\u00a0run, en\u2026","rel":"","context":"In &quot;General&quot;","img":{"alt_text":"","src":"https:\/\/i0.wp.com\/illadelstrails.com\/wp-content\/uploads\/2022\/03\/TrailDelNord22-376-scaled.jpg?fit=1200%2C800&ssl=1&resize=350%2C200","width":350,"height":200},"classes":[]},{"id":3508,"url":"https:\/\/illadelstrails.com\/ca\/2021\/11\/11\/la-trail-del-nord-debuta-superando-los-700-inscritos-para-cerrar-la-liga-illa-dels-trails\/","url_meta":{"origin":3513,"position":4},"title":"La Trail del Nord debuta superant els 700 inscrits per a tancar la lliga Illa dels Trails","date":"11 November, 2021","format":false,"excerpt":"L'\u00faltima carrera tindr\u00e0 lloc aquest diumenge amb tres dist\u00e0ncies que acabaran totes en el Poliesportiu Municipal de\u00a0Fornells La primera edici\u00f3 de la lliga\u00a0Illa\u00a0dels\u00a0Trails\u00a0arriba aquest diumenge a la seva fi amb la disputa de la\u00a0Trail\u00a0del\u00a0Nord, una carrera que s'estrena a Menorca i que ha despertat l'inter\u00e8s de m\u00e9s de 700 participants\u2026","rel":"","context":"In &quot;Trail del Nord&quot;","img":{"alt_text":"","src":"https:\/\/i0.wp.com\/illadelstrails.com\/wp-content\/uploads\/2021\/11\/Presentacio.jpeg?fit=1024%2C768&ssl=1&resize=350%2C200","width":350,"height":200},"classes":[]},{"id":4838,"url":"https:\/\/illadelstrails.com\/ca\/2023\/04\/01\/alles-y-martinez-firman-un-doblete-espectacular\/","url_meta":{"origin":3513,"position":5},"title":"All\u00e8s i Mart\u00ednez signen un doblet espectacular","date":"1 April, 2023","format":false,"excerpt":"Els dos corredors repeteixen la vict\u00f2ria de la\u00a0Trail\u00a0dels\u00a0Fars\u00a0en la\u00a0Trail\u00a0del\u00a0Nord\u00a0vencent en solitari. Huguet i Campins tamb\u00e9 repeteixen en els 12KM. La\u00a0Illa\u00a0dels\u00a0Trails\u00a02023 ja t\u00e9 els seus favorits ben definits. La\u00a0Trail\u00a0del\u00a0Nord\u00a0va servir aquest dissabte per a confirmar que Albert Mart\u00ednez i Mari\u00a0All\u00e8s\u00a0s\u00f3n, actualment, els corredors m\u00e9s en forma a l'Illa, en aconseguir les\u2026","rel":"","context":"In &quot;Trail del Nord&quot;","img":{"alt_text":"","src":"https:\/\/i0.wp.com\/illadelstrails.com\/wp-content\/uploads\/2023\/04\/45KM.jpeg?fit=1200%2C800&ssl=1&resize=350%2C200","width":350,"height":200},"classes":[]}],"_links":{"self":[{"href":"https:\/\/illadelstrails.com\/ca\/wp-json\/wp\/v2\/posts\/3513"}],"collection":[{"href":"https:\/\/illadelstrails.com\/ca\/wp-json\/wp\/v2\/posts"}],"about":[{"href":"https:\/\/illadelstrails.com\/ca\/wp-json\/wp\/v2\/types\/post"}],"author":[{"embeddable":true,"href":"https:\/\/illadelstrails.com\/ca\/wp-json\/wp\/v2\/users\/2"}],"replies":[{"embeddable":true,"href":"https:\/\/illadelstrails.com\/ca\/wp-json\/wp\/v2\/comments?post=3513"}],"version-history":[{"count":1,"href":"https:\/\/illadelstrails.com\/ca\/wp-json\/wp\/v2\/posts\/3513\/revisions"}],"predecessor-version":[{"id":3515,"href":"https:\/\/illadelstrails.com\/ca\/wp-json\/wp\/v2\/posts\/3513\/revisions\/3515"}],"wp:featuredmedia":[{"embeddable":true,"href":"https:\/\/illadelstrails.com\/ca\/wp-json\/wp\/v2\/media\/3514"}],"wp:attachment":[{"href":"https:\/\/illadelstrails.com\/ca\/wp-json\/wp\/v2\/media?parent=3513"}],"wp:term":[{"taxonomy":"category","embeddable":true,"href":"https:\/\/illadelstrails.com\/ca\/wp-json\/wp\/v2\/categories?post=3513"},{"taxonomy":"post_tag","embeddable":true,"href":"https:\/\/illadelstrails.com\/ca\/wp-json\/wp\/v2\/tags?post=3513"}],"curies":[{"name":"wp","href":"https:\/\/api.w.org\/{rel}","templated":true}]}}