{"id":3508,"date":"2021-11-11T16:19:36","date_gmt":"2021-11-11T14:19:36","guid":{"rendered":"https:\/\/illadelstrails.com\/?p=3508"},"modified":"2021-11-11T16:19:36","modified_gmt":"2021-11-11T14:19:36","slug":"la-trail-del-nord-debuta-superando-los-700-inscritos-para-cerrar-la-liga-illa-dels-trails","status":"publish","type":"post","link":"https:\/\/illadelstrails.com\/ca\/2021\/11\/11\/la-trail-del-nord-debuta-superando-los-700-inscritos-para-cerrar-la-liga-illa-dels-trails\/","title":{"rendered":"La Trail del Nord debuta superant els 700 inscrits per a tancar la lliga Illa dels Trails"},"content":{"rendered":"<h5><em>L&#8217;\u00faltima carrera tindr\u00e0 lloc aquest diumenge amb tres dist\u00e0ncies que acabaran totes en el Poliesportiu Municipal de\u00a0Fornells<\/em><\/h5>\n<p>La primera edici\u00f3 de la lliga\u00a0Illa\u00a0dels\u00a0Trails\u00a0arriba aquest diumenge a la seva fi amb la disputa de la\u00a0Trail\u00a0del\u00a0Nord, una carrera que s&#8217;estrena a Menorca i que ha despertat l&#8217;inter\u00e8s de m\u00e9s de 700 participants que prendran part en alguna de les tres dist\u00e0ncies que acabaran en el Poliesportiu Municipal de\u00a0Fornells. Ser\u00e0 l&#8217;ep\u00edleg a la primera\u00a0Illa\u00a0dels\u00a0Trails\u00a0que organitzen\u00a0Elitechip\u00a0i\u00a0Biosport\u00a0Menorca, amb el patrocini de la\u00a0Fundaci\u00f3\u00a0Foment\u00a0del\u00a0Turisme\u00a0de Menorca i la\u00a0Ag\u00e8ncia\u00a0d\u2019Estrat\u00e8gia\u00a0Tur\u00edstica dels Illes Balears.<\/p>\n<p>L&#8217;esdeveniment s&#8217;ha presentat aquest dijous en el mateix poliesportiu en un acte que ha comptat amb la gerent de la\u00a0Fundaci\u00f3\u00a0Foment\u00a0del\u00a0Turisme\u00a0de Menorca, Elena Costa, el regidor d&#8217;Esports de l&#8217;Ajuntament des\u00a0Mercadal, Javier\u00a0Peri\u00e1\u00f1ez, i el gerent d\u2019Elitechip,\u00a0Guiem\u00a0Bosch.<\/p>\n<p>La carrera arrencar\u00e0 oficialment el dissabte, en el mateix escenari, on es lliuraran els dorsals des de les 16 a les 20 hores, mentre que ja el diumenge comen\u00e7aran les carreres. La m\u00e9s matinera ser\u00e0 la de 48 quil\u00f2metres que sortir\u00e0 des de Cala\u00a0Morell\u00a0a les 8 del mat\u00ed, mentre que la de 26 quil\u00f2metres ho far\u00e0 des del p\u00e0rquing de Cala Pilar a les 10 hores i a les 11 hores arrencar\u00e0 la de 14 quil\u00f2metres en\u00a0Binimetl\u2022l\u00e0.<\/p>\n<p>Les tres acabaran a\u00a0Fornells, al poliesportiu, on s&#8217;instal\u00b7laran tots els serveis i l&#8217;avituallament. All\u00e0 mateix es far\u00e0 el lliurament de trofeus de la\u00a0trail, a partir de les 14.00 hores, mentre que despr\u00e9s es far\u00e0 el lliurament de trofeus de la lliga\u00a0Illa\u00a0dels\u00a0Trails. Aquesta competici\u00f3, que haur\u00e0 comptat amb cinc carreres repartides en el 2021, ha tingut m\u00e9s 3.100 participants, dels quals m\u00e9s d&#8217;un 40 per cent corresponen a fora de Menorca. Cal destacar que dos de les cinc proves, a l&#8217;inici de l&#8217;any, van tenir una participaci\u00f3 limitada per les restriccions de la\u00a0COVID.<\/p>\n<p>A m\u00e9s, el guanyador i la guanyadora de la categoria GOLD de la lliga\u00a0Illa\u00a0dels\u00a0Trails\u00a0seran nomenats durant un any ambaixadors de les marques\u00a0Sport\u00a0HG\u00a0i\u00a0Aml\u00a0Sport, dues dels patrocinadors principals del circuit.<\/p>\n","protected":false},"excerpt":{"rendered":"<p>L&#8217;\u00faltima carrera tindr\u00e0 lloc aquest diumenge amb tres dist\u00e0ncies que acabaran totes en el Poliesportiu Municipal de\u00a0Fornells La primera edici\u00f3 de la lliga\u00a0Illa\u00a0dels\u00a0Trails\u00a0arriba aquest diumenge a la seva fi amb la disputa de la\u00a0Trail\u00a0del\u00a0Nord, una carrera que s&#8217;estrena a Menorca i que ha despertat l&#8217;inter\u00e8s de m\u00e9s de 700 participants que prendran part en alguna [&hellip;]<\/p>\n","protected":false},"author":2,"featured_media":3509,"comment_status":"open","ping_status":"open","sticky":false,"template":"","format":"standard","meta":{"spay_email":"","footnotes":""},"categories":[70],"tags":[75,72,71,81,74],"class_list":["post-3508","post","type-post","status-publish","format-standard","has-post-thumbnail","hentry","category-trail-del-nord","tag-cami-de-cavalls","tag-illa-dels-trails","tag-menorca","tag-trail-del-nord","tag-trail-run"],"acf":[],"jetpack_featured_media_url":"https:\/\/i0.wp.com\/illadelstrails.com\/wp-content\/uploads\/2021\/11\/Presentacio.jpeg?fit=1024%2C768&ssl=1","jetpack-related-posts":[{"id":2734,"url":"https:\/\/illadelstrails.com\/ca\/2021\/02\/08\/la-trail-del-nord-una-novedad-para-la-illa-dels-trails\/","url_meta":{"origin":3508,"position":0},"title":"La Trail del Nord, una novedad para la Illa dels Trails","date":"8 February, 2021","format":false,"excerpt":"La prueba se disputar\u00e1 el 14 de noviembre con las distancias de 48KM, 26KM y 14KM Los amantes de Trail Run tendr\u00e1n una nueva ocasi\u00f3n para disfrutar de su deporte en Menorca merced a la Trail del Nord, una prueba que contar\u00e1 con las distancias de 48KM, 26KM y 14KM\u2026","rel":"","context":"In &quot;Trail del Nord&quot;","img":{"alt_text":"","src":"https:\/\/i0.wp.com\/illadelstrails.com\/wp-content\/uploads\/2020\/12\/Trail-dels-fars-2020-211.jpg?fit=1200%2C800&ssl=1&resize=350%2C200","width":350,"height":200},"classes":[]},{"id":5384,"url":"https:\/\/illadelstrails.com\/ca\/2023\/12\/11\/la-trail-del-nord-abre-sus-inscripciones-apostando-por-el-concierto-al-final-de-la-carrera\/","url_meta":{"origin":3508,"position":1},"title":"La Trail del Nord obre les seves inscripcions amb un concert al final de la cursa","date":"11 December, 2023","format":false,"excerpt":"El dissabte 13 d'abril tindr\u00e0 lloc la segona cita de la Lliga Illa dels Trails amb les seves tres propostes de 45 km, 24 km i 12 km La Trail del Nord se celebrar\u00e0 el 13 d'abril de 2024, tot i que oficialment comen\u00e7a aquest dimarts, 12 de desembre, a\u2026","rel":"","context":"In &quot;Trail del Nord&quot;","img":{"alt_text":"","src":"https:\/\/i0.wp.com\/illadelstrails.com\/wp-content\/uploads\/2023\/12\/Cartell_Trail_Nord_2024_INSTA.jpg?fit=1200%2C1200&ssl=1&resize=350%2C200","width":350,"height":200},"classes":[]},{"id":2582,"url":"https:\/\/illadelstrails.com\/ca\/2021\/01\/05\/la-trail-dels-barrancs-en-la-liga-illa-dels-trails\/","url_meta":{"origin":3508,"position":2},"title":"La Trail dels Barrancs, en la liga Illa dels Trails","date":"5 January, 2021","format":false,"excerpt":"La carrera, que se disputar\u00e1 el d\u00eda 28 de marzo, ser\u00e1 la segunda prueba de la liga Illa dels Trails El 28 de marzo Alaior acoger\u00e1 la segunda prueba de la liga Illa dels Trails, una competici\u00f3n que se estrena este 2021 y que premiar\u00e1 a los deportistas m\u00e1s regulares\u2026","rel":"","context":"In &quot;Trail dels Barrancs&quot;","img":{"alt_text":"","src":"https:\/\/i0.wp.com\/illadelstrails.com\/wp-content\/uploads\/2021\/01\/noticia_3.jpg?fit=1200%2C752&ssl=1&resize=350%2C200","width":350,"height":200},"classes":[]},{"id":4834,"url":"https:\/\/illadelstrails.com\/ca\/2023\/03\/29\/tirant-area-de-trail-running-con-mas-de-800-participantes-en-la-trail-del-nord\/","url_meta":{"origin":3508,"position":3},"title":"Tirant, \u00e0rea de trail running amb m\u00e9s de 800 participants en la Trail del Nord","date":"29 March, 2023","format":false,"excerpt":"TRH Tirant Platja ser\u00e0 l'epicentre de la tercera edici\u00f3 d'una carrera que te r\u00e8cord d'inscripci\u00f3 amb les seves tres dist\u00e0ncies La tercera edici\u00f3 de la Trail del Nord s'ha presentat aquest dimecres lluint el cartell de r\u00e8cord de participaci\u00f3 superant \u00e0mpliament les 800 persones i rondant els 900. Gaireb\u00e9 un\u2026","rel":"","context":"In &quot;Trail del Nord&quot;","img":{"alt_text":"","src":"https:\/\/i0.wp.com\/illadelstrails.com\/wp-content\/uploads\/2023\/03\/2.jpeg?fit=1024%2C768&ssl=1&resize=350%2C200","width":350,"height":200},"classes":[]},{"id":4031,"url":"https:\/\/illadelstrails.com\/ca\/2022\/03\/08\/la-exigente-trail-del-nord-reclamo-fuera-de-la-isla\/","url_meta":{"origin":3508,"position":4},"title":"L&#8217;exigent Trail del Nord, reclam fora de l&#8217;Illa","date":"8 March, 2022","format":false,"excerpt":"M\u00e9s d'un ter\u00e7 dels 600 participants de la prova el dissabte ve de fora de Menorca La segona prova del circuit Illa dels Trails, la Trail del Nord, es va presentar aquest dimarts des de l'alt del Toro, amb unes espectaculars vistes del tram nord de Menorca que ser\u00e0 l'escenari\u2026","rel":"","context":"In &quot;Trail del Nord&quot;","img":{"alt_text":"","src":"https:\/\/i0.wp.com\/illadelstrails.com\/wp-content\/uploads\/2022\/03\/2-3-scaled.jpg?fit=1200%2C800&ssl=1&resize=350%2C200","width":350,"height":200},"classes":[]},{"id":2810,"url":"https:\/\/illadelstrails.com\/ca\/2021\/03\/12\/la-marca-sport-hg-se-incorpora-a-lilla-dels-trails\/","url_meta":{"origin":3508,"position":5},"title":"La marca Sport HG se incorpora a l\u2019Illa dels Trails","date":"12 March, 2021","format":false,"excerpt":"La marca internacional de ropa t\u00e9cnica deportiva ser\u00e1 uno de los principales patrocinadores del circuito de pruebas que tendr\u00e1 lugar en Menorca a lo largo de 2021 El proyecto Illa dels Trails sigue creciendo de cara a un 2021 cargado de ilusi\u00f3n. La prestigiosa marca internacional de ropa t\u00e9cnica deportiva,\u2026","rel":"","context":"In &quot;October Trail&quot;","img":{"alt_text":"","src":"https:\/\/i0.wp.com\/illadelstrails.com\/wp-content\/uploads\/2021\/03\/CarlosLl\u00a9-1381-scaled.jpg?fit=1200%2C800&ssl=1&resize=350%2C200","width":350,"height":200},"classes":[]}],"_links":{"self":[{"href":"https:\/\/illadelstrails.com\/ca\/wp-json\/wp\/v2\/posts\/3508"}],"collection":[{"href":"https:\/\/illadelstrails.com\/ca\/wp-json\/wp\/v2\/posts"}],"about":[{"href":"https:\/\/illadelstrails.com\/ca\/wp-json\/wp\/v2\/types\/post"}],"author":[{"embeddable":true,"href":"https:\/\/illadelstrails.com\/ca\/wp-json\/wp\/v2\/users\/2"}],"replies":[{"embeddable":true,"href":"https:\/\/illadelstrails.com\/ca\/wp-json\/wp\/v2\/comments?post=3508"}],"version-history":[{"count":1,"href":"https:\/\/illadelstrails.com\/ca\/wp-json\/wp\/v2\/posts\/3508\/revisions"}],"predecessor-version":[{"id":3510,"href":"https:\/\/illadelstrails.com\/ca\/wp-json\/wp\/v2\/posts\/3508\/revisions\/3510"}],"wp:featuredmedia":[{"embeddable":true,"href":"https:\/\/illadelstrails.com\/ca\/wp-json\/wp\/v2\/media\/3509"}],"wp:attachment":[{"href":"https:\/\/illadelstrails.com\/ca\/wp-json\/wp\/v2\/media?parent=3508"}],"wp:term":[{"taxonomy":"category","embeddable":true,"href":"https:\/\/illadelstrails.com\/ca\/wp-json\/wp\/v2\/categories?post=3508"},{"taxonomy":"post_tag","embeddable":true,"href":"https:\/\/illadelstrails.com\/ca\/wp-json\/wp\/v2\/tags?post=3508"}],"curies":[{"name":"wp","href":"https:\/\/api.w.org\/{rel}","templated":true}]}}