{"id":3494,"date":"2021-10-19T11:14:16","date_gmt":"2021-10-19T09:14:16","guid":{"rendered":"https:\/\/illadelstrails.com\/?p=3494"},"modified":"2021-10-19T11:14:16","modified_gmt":"2021-10-19T09:14:16","slug":"alles-repite-triunfo-y-esteve-debuta-con-victoria-en-la-october","status":"publish","type":"post","link":"https:\/\/illadelstrails.com\/ca\/2021\/10\/19\/alles-repite-triunfo-y-esteve-debuta-con-victoria-en-la-october\/","title":{"rendered":"All\u00e9s repeteix triomf i Esteve debuta amb vict\u00f2ria en la October Trail"},"content":{"rendered":"<p class=\"p1\"><i>La tercera edici\u00f3 de la carrera viu un aut\u00e8ntic festival de l&#8217;esport en el qual B\u00e0rbara Sureda i Toful Moll, en els 19KM, i Marga Farragut i Tomeu Salord, en els 11KM, regnen<\/i><\/p>\n<p class=\"p1\">La tercera edici\u00f3 de l\u2019October Trail va oferir un gran espectacle esportiu a la zona del Lago de Cala\u2019n Bosch. Comen\u00e7ant pel carrer\u00f3n que es van marcar Lloren\u00e7 Esteve i Mari All\u00e8s, els guanyadors dels 32 quil\u00f2metres, com per les competicions de bicicleta de muntanya, el torneig de v\u00f2lei platja, el de tennis platja i les exhibicions esportives. No va faltar m\u00fasica i bon ambient per a completar una jornada especial de la m\u00e0 del Lago Resort Menorca, organitzada per Illa dels Trails i patrocinada per la <a href=\"http:\/\/www.menorca.es\">Fundaci\u00f3 Foment del Turisme de Menorca<\/a> i de la Ag\u00e8ncia d\u2019Estrat\u00e8gia Tur\u00edstica dels Illes Balears.<\/p>\n<p class=\"p1\">El catal\u00e0 Lloren\u00e7 Esteve, que corria per primera vegada a Menorca, es va emportar una carrera molt disputada en els 32 quil\u00f2metres per davant d&#8217;un Joan Florit que ho va intentar per\u00f2 va acusar el cansament acumulat de les \u00faltimes proves. Esteve va aturar el crono amb un temps de 2.20:46 que va suposar un nou r\u00e8cord de l&#8217;esdeveniment. Florit, amb 2.32:02, va entrar en segon lloc, mentre que l&#8217;experimentat corredor de Ferreries, Miquel Pons, es va penjar la medalla de bronze als seus 58 anys mostrant un excel\u00b7lent nivell de forma (2.33:03).<\/p>\n<p class=\"p1\">Per part seva, Mari All\u00e8s va repetir vict\u00f2ria en un recorregut que va dominar i en el qual va veure que les seves opcions s&#8217;incrementaven despr\u00e9s de la retirada de Maria Pallicer al quil\u00f2metre 18. All\u00e8s no va tenir rival de cam\u00ed a Cala\u2019n Bosch i va marcar un gran ritme entrant en meta amb un temps de 2.57:11. Li van acompanyar en el podi Laura Ram\u00edrez (3.07:32) i Xisca Ribot (3.15:17).<\/p>\n<p class=\"p1\">En els 19 quil\u00f2metres que van arrencar en Cala Mitjana, T\u00f3ful Moll va imprimir un ritme m\u00e9s que Miquel Torres per a emportar-se una vict\u00f2ria que li col\u00b7loca de nou entre els referents en la velocitat de l&#8217;Illa, en un gran duel ciutadellenc. El primer classificat va arribar amb un temps d&#8217;1.21:36 pels 1.24:56 del segon, i els 1.26:33 de Marc L\u00f3pez Moll, tercer.<\/p>\n<p class=\"p1\">En dones, B\u00e0rbara Sureda es va emportar el triomf amb un temps d&#8217;1.50:41 amb suficient avantatge respecte a la corredora menorquina Laura Ruiz, segona amb 1.55:08. Va completar el podi Catalina Calafat, qui va entrar en meta amb un temps d&#8217;1.55:33.<\/p>\n<p class=\"p1\">En la tercera prova del dia, la dels 11 quil\u00f2metres que van unir Cala\u2019n Turqueta i Cala\u2019n Bosch, Enric Pons va ser el m\u00e9s r\u00e0pid a arribar a meta amb una mica m\u00e9s de 41 minuts, per\u00f2 va ser penalitzat en sortir-se del recorregut i la vict\u00f2ria va recaure en mans de Tomeu Salord amb un temps de 49:18, seguit de Paquinho Tugorinho (49:51) i de Joan Casasnovas Benejam (51:33).<\/p>\n<p class=\"p1\">En dones, la m\u00e9s r\u00e0pida va ser Marga Ferragut, d&#8217;Inca, amb 1.00:43, seguida de la ciutadellenca Lena Moll (1.01:17) i de la ferrerienca Julia Coll (1.04:06), que es van aprofitar d&#8217;una caiguda de la jove Clara Coll quan lluitava pel triomf.<\/p>\n<p class=\"p1\">A m\u00e9s, en aquesta ocasi\u00f3, es va disputar la October Bike, en modalitat bicicleta de muntanya i ebike entre Son Bou i Cala`n Bosch, i que va caure en mans de Joan Febrer i de M\u00f3nica Bosch. En homes, el guanyador va invertir un temps d&#8217;1.52:56, mentre que la campiona va necessitar de 2.58:14. La jove Lorena Alles va ser segona amb 3.59:07.<\/p>\n<p class=\"p1\">En la categoria masculina, el podi el van completar Xavi Mascar\u00f3 amb 1.56:53 i Gerard Fern\u00e1ndez amb 1.59:55.<\/p>\n<p class=\"p1\">En acabar les activitats, l&#8217;ambient va ser m\u00e9s dist\u00e8s en la zona del Lago Resort Menorca on es va procedir al lliurament de trofeus amb la pres\u00e8ncia de Sandra Moll, regidora d\u2019Esports de l\u2019Ajuntament de Ciutadella, Toni Salord, regidor de l\u2019Ajuntament de Ferreries, Laura Marzo, cap de ventes a Balears de Balearia, Alejandro Alguacil, director del Lago Resort Menorca, Lucas Garc\u00eda, CEO del Lago Resort Menorca, i Toni Cap\u00f3, director general de Biosport Menorca.<\/p>\n","protected":false},"excerpt":{"rendered":"<p>La tercera edici\u00f3 de la carrera viu un aut\u00e8ntic festival de l&#8217;esport en el qual B\u00e0rbara Sureda i Toful Moll, en els 19KM, i Marga Farragut i Tomeu Salord, en els 11KM, regnen La tercera edici\u00f3 de l\u2019October Trail va oferir un gran espectacle esportiu a la zona del Lago de Cala\u2019n Bosch. Comen\u00e7ant pel [&hellip;]<\/p>\n","protected":false},"author":2,"featured_media":3495,"comment_status":"open","ping_status":"open","sticky":false,"template":"","format":"standard","meta":{"spay_email":"","footnotes":""},"categories":[64],"tags":[75,72,71,80,73,74],"class_list":["post-3494","post","type-post","status-publish","format-standard","has-post-thumbnail","hentry","category-october-trail","tag-cami-de-cavalls","tag-illa-dels-trails","tag-menorca","tag-october-trail","tag-sport-hg","tag-trail-run"],"acf":[],"jetpack_featured_media_url":"https:\/\/i0.wp.com\/illadelstrails.com\/wp-content\/uploads\/2021\/10\/WhatsApp-Image-2021-10-16-at-17.30.18-1.jpeg?fit=1600%2C1066&ssl=1","jetpack-related-posts":[{"id":1893,"url":"https:\/\/illadelstrails.com\/ca\/2020\/12\/23\/florit-y-alles-reyes-en-el-regreso-de-la-october-trail-menorca\/","url_meta":{"origin":3494,"position":0},"title":"Florit y All\u00e8s reyes en el regreso de la October Trail Menorca","date":"23 December, 2020","format":false,"excerpt":"Los menorquines protagonizan una carrera trepidante imponiendo ritmo de principio a fin por delante de Joan Toni Mayol y Lloren\u00e7 Socias y Marga Adrover y Karina G\u00f3mez. La October Trail Menorca regres\u00f3 por todo lo alto y con triunfos para Joan Florit (2:28:13) y Mari All\u00e8s (3:11:25), ti\u00f1endo la prueba\u2026","rel":"","context":"In &quot;October Trail&quot;","img":{"alt_text":"","src":"https:\/\/i0.wp.com\/illadelstrails.com\/wp-content\/uploads\/2020\/12\/noticia_3.jpg?fit=1024%2C641&ssl=1&resize=350%2C200","width":350,"height":200},"classes":[]},{"id":3484,"url":"https:\/\/illadelstrails.com\/ca\/2021\/10\/15\/un-sabado-de-trail-de-bicicleta-y-de-mucho-mas\/","url_meta":{"origin":3494,"position":1},"title":"Un dissabte de trail, de bicicleta i de molt m\u00e9s","date":"15 October, 2021","format":false,"excerpt":"La October Trail viur\u00e0 la seva tercera edici\u00f3 incrementant la seva oferta amb la October Bike i formant part d'un complet cartell d'activitats esportives organitzades per Lago Resort Menorca La zona del Lago de Cala\u2019n Bosch, a Ciutadella, viur\u00e0 aquest dissabte una jornada esportiva d'all\u00f2 m\u00e9s completa gr\u00e0cies a la\u2026","rel":"","context":"In &quot;October Trail&quot;","img":{"alt_text":"","src":"https:\/\/i0.wp.com\/illadelstrails.com\/wp-content\/uploads\/2021\/10\/1.jpeg?fit=1024%2C768&ssl=1&resize=350%2C200","width":350,"height":200},"classes":[]},{"id":4838,"url":"https:\/\/illadelstrails.com\/ca\/2023\/04\/01\/alles-y-martinez-firman-un-doblete-espectacular\/","url_meta":{"origin":3494,"position":2},"title":"All\u00e8s i Mart\u00ednez signen un doblet espectacular","date":"1 April, 2023","format":false,"excerpt":"Els dos corredors repeteixen la vict\u00f2ria de la\u00a0Trail\u00a0dels\u00a0Fars\u00a0en la\u00a0Trail\u00a0del\u00a0Nord\u00a0vencent en solitari. Huguet i Campins tamb\u00e9 repeteixen en els 12KM. La\u00a0Illa\u00a0dels\u00a0Trails\u00a02023 ja t\u00e9 els seus favorits ben definits. La\u00a0Trail\u00a0del\u00a0Nord\u00a0va servir aquest dissabte per a confirmar que Albert Mart\u00ednez i Mari\u00a0All\u00e8s\u00a0s\u00f3n, actualment, els corredors m\u00e9s en forma a l'Illa, en aconseguir les\u2026","rel":"","context":"In &quot;Trail del Nord&quot;","img":{"alt_text":"","src":"https:\/\/i0.wp.com\/illadelstrails.com\/wp-content\/uploads\/2023\/04\/45KM.jpeg?fit=1200%2C800&ssl=1&resize=350%2C200","width":350,"height":200},"classes":[]},{"id":5887,"url":"https:\/\/illadelstrails.com\/ca\/2024\/10\/28\/calan-bosch-se-prepara-para-recibir-a-casi-2000-corredores-en-la-october-trail\/","url_meta":{"origin":3494,"position":3},"title":"Cala\u2019n Bosch es prepara per rebre gaireb\u00e9 2000 corredors a l&#8217;October Trail","date":"28 October, 2024","format":false,"excerpt":"La prova esportiva tancar\u00e0 aquest dissabte una nova edici\u00f3 de la Lliga Illa dels Trails amb r\u00e8cord de participaci\u00f3 en els 32KM, els 19KM i els 11KM. L'October Trail 2024 compta les hores perqu\u00e8 comenci l'edici\u00f3 m\u00e9s concorreguda de la seva hist\u00f2ria. La prova, que tamb\u00e9 ser\u00e0 l'encarregada de tancar\u2026","rel":"","context":"In &quot;October Trail&quot;","img":{"alt_text":"","src":"https:\/\/i0.wp.com\/illadelstrails.com\/wp-content\/uploads\/2024\/10\/Presentacion.jpg?fit=1200%2C900&ssl=1&resize=350%2C200","width":350,"height":200},"classes":[]},{"id":3040,"url":"https:\/\/illadelstrails.com\/ca\/2021\/07\/01\/la-october-trail-2021-abre-sus-inscripciones\/","url_meta":{"origin":3494,"position":4},"title":"La October Trail 2021 abre sus inscripciones","date":"1 July, 2021","format":false,"excerpt":"La carrera, que se disputar\u00e1 el 16 de octubre, contar\u00e1 con las distancias de 32KM, 19KM y 11KM con llegada en Cala\u2019n Bosch La tercera edici\u00f3n de la October Trail ha abierto este 1 de julio las inscripciones para las tres distancias con las que contar\u00e1 para este s\u00e1bado, 16\u2026","rel":"","context":"In &quot;October Trail&quot;","img":{"alt_text":"","src":"https:\/\/i0.wp.com\/illadelstrails.com\/wp-content\/uploads\/2021\/07\/OctoberTrail-165-scaled.jpg?fit=1200%2C800&ssl=1&resize=350%2C200","width":350,"height":200},"classes":[]},{"id":4351,"url":"https:\/\/illadelstrails.com\/ca\/2022\/10\/17\/castanyer-y-alles-derriten-la-october-trail\/","url_meta":{"origin":3494,"position":5},"title":"Castanyer i All\u00e9s fonen l\u2019October Trail","date":"17 October, 2022","format":false,"excerpt":"El mallorqu\u00ed, corredor referent nacional, s\u2019imposa a una carrera que va haver de remuntar i la menorquina compleix el seu pron\u00f2stic La\u00a0October\u00a0Trail\u00a0i la segona edici\u00f3 de la lliga\u00a0Illa\u00a0dels\u00a0Trails\u00a0ja s\u00f3n hist\u00f2ria. I els seus protagonistes s\u00f3n el mallorqu\u00ed\u00a0Tofol\u00a0Castanyer i la\u00a0ciutadellenca\u00a0Mari\u00a0All\u00e8s, guanyadors absoluts de la dist\u00e0ncia regna en un dissabte molt emocionant\u2026","rel":"","context":"In &quot;October Trail&quot;","img":{"alt_text":"","src":"https:\/\/i0.wp.com\/illadelstrails.com\/wp-content\/uploads\/2022\/10\/WhatsApp-Image-2022-10-15-at-5.23.35-PM.jpeg?fit=1200%2C800&ssl=1&resize=350%2C200","width":350,"height":200},"classes":[]}],"_links":{"self":[{"href":"https:\/\/illadelstrails.com\/ca\/wp-json\/wp\/v2\/posts\/3494"}],"collection":[{"href":"https:\/\/illadelstrails.com\/ca\/wp-json\/wp\/v2\/posts"}],"about":[{"href":"https:\/\/illadelstrails.com\/ca\/wp-json\/wp\/v2\/types\/post"}],"author":[{"embeddable":true,"href":"https:\/\/illadelstrails.com\/ca\/wp-json\/wp\/v2\/users\/2"}],"replies":[{"embeddable":true,"href":"https:\/\/illadelstrails.com\/ca\/wp-json\/wp\/v2\/comments?post=3494"}],"version-history":[{"count":1,"href":"https:\/\/illadelstrails.com\/ca\/wp-json\/wp\/v2\/posts\/3494\/revisions"}],"predecessor-version":[{"id":3496,"href":"https:\/\/illadelstrails.com\/ca\/wp-json\/wp\/v2\/posts\/3494\/revisions\/3496"}],"wp:featuredmedia":[{"embeddable":true,"href":"https:\/\/illadelstrails.com\/ca\/wp-json\/wp\/v2\/media\/3495"}],"wp:attachment":[{"href":"https:\/\/illadelstrails.com\/ca\/wp-json\/wp\/v2\/media?parent=3494"}],"wp:term":[{"taxonomy":"category","embeddable":true,"href":"https:\/\/illadelstrails.com\/ca\/wp-json\/wp\/v2\/categories?post=3494"},{"taxonomy":"post_tag","embeddable":true,"href":"https:\/\/illadelstrails.com\/ca\/wp-json\/wp\/v2\/tags?post=3494"}],"curies":[{"name":"wp","href":"https:\/\/api.w.org\/{rel}","templated":true}]}}