{"id":3484,"date":"2021-10-15T11:56:43","date_gmt":"2021-10-15T09:56:43","guid":{"rendered":"https:\/\/illadelstrails.com\/?p=3484"},"modified":"2021-10-15T12:05:29","modified_gmt":"2021-10-15T10:05:29","slug":"un-sabado-de-trail-de-bicicleta-y-de-mucho-mas","status":"publish","type":"post","link":"https:\/\/illadelstrails.com\/ca\/2021\/10\/15\/un-sabado-de-trail-de-bicicleta-y-de-mucho-mas\/","title":{"rendered":"Un dissabte de trail, de bicicleta i de molt m\u00e9s"},"content":{"rendered":"<h6>La October Trail viur\u00e0 la seva tercera edici\u00f3 incrementant la seva oferta amb la October Bike i formant part d&#8217;un complet cartell d&#8217;activitats esportives organitzades per Lago Resort Menorca<\/h6>\n<p>La zona del Lago de Cala\u2019n Bosch, a Ciutadella, viur\u00e0 aquest dissabte <strong>una jornada esportiva d&#8217;all\u00f2 m\u00e9s completa gr\u00e0cies a la tercera edici\u00f3 de la October Trail i el debut de la October Bike<\/strong>, una prova pensada per als amants de la bicicleta de muntanya. No seran les \u00faniques propostes ja que un dels impulsors d&#8217;aquesta cita, Lago Resort Menorca, ha organitzat una s\u00e8rie d&#8217;activitats esportives lligades a l&#8217;entorn del recinte que complementaran les propostes oferint un dissabte diferent.<\/p>\n<p>La tercera edici\u00f3 de la October Trail, que compta amb el patrocini de la <a href=\"http:\/\/www.menorca.es\">Fundaci\u00f3 Foment del Turisme de Menorca<\/a> i la Ag\u00e8ncia d\u2019Estrat\u00e8gia Tur\u00edstica dels Illes Balears, i l&#8217;organitzaci\u00f3 de Illa dels Trails, amb la col\u00b7laboraci\u00f3 del Lago Resort Menorca i l&#8217;Ajuntament de Ciutadella, aposta per recuperar la idea inicial pr\u00e8via a la pand\u00e8mia de <strong>3 dist\u00e0ncies que accentuen encara m\u00e9s el car\u00e0cter inclusiu de la prova. Els recorreguts seran de 32 quil\u00f2metres, 19 quil\u00f2metres i 11 quil\u00f2metres,<\/strong> comen\u00e7ant a Son Bou, Cala Mitjana i Cala\u2019n Turqueta, respectivament, i acabant totes en el Lago Resort Menorca. Les sortides seran aquest dissabte a les 10, 11.30 i 12.30, respectivament.<\/p>\n<p>A m\u00e9s, com a novetat enguany es disputa la October Bike, una carrera de bicicletes de muntanya i ebikes, bicicletes electr\u00f2niques, que unir\u00e0 el p\u00e0rquing de la platja de Son Bou i el Lago Resort Menorca a trav\u00e9s del Cam\u00ed de Cavalls en un recorregut de 32 quil\u00f2metres el dissabte, a partir de les 8 del mat\u00ed.<\/p>\n<p>L&#8217;esdeveniment s&#8217;ha presentat aquest dijous en el Lago Resort Menorca amb la pres\u00e8ncia de l&#8217;alcaldessa de Ciutadella, <strong>Joana Gomila,<\/strong> la gerent de la Fundaci\u00f3 Foment del Turisme de Menorca, <strong>Elena Costa,<\/strong> el director del Lago, <strong>Alejandro Alguacil,<\/strong> i <strong>Toni Cap\u00f3,<\/strong> director general de Biosport Menorca, organitzador junt amb Elitechip. A m\u00e9s, en la presentaci\u00f3 han participat <strong>Laura Marzo,<\/strong> cap de vendes de Balearia, empresa col\u00b7laboradora amb Illa dels Trails, i <strong>Andreu Hern\u00e1ndez,<\/strong> president del Club Volei Ciutadella, impulsor del torneig de v\u00f3ley platja que se celebrar\u00e0 el dissabte a la platja de Cala\u2019n Bosch, dins del marc d&#8217;activitats d&#8217;aquest October Fest esportiu.<\/p>\n<p>La\u00a0October\u00a0Trail\u00a0\u00e9s la quarta prova de la lliga\u00a0Illa\u00a0dels\u00a0Trails, un esdeveniment que compta amb cinc carreres que suposen una oferta tur\u00edstica i esportiva fos de la temporada alta. <strong>L&#8217;\u00faltima cita tindr\u00e0 lloc el diumenge, 14 de novembre, en la\u00a0Trail\u00a0del\u00a0Nord.<\/strong> A m\u00e9s, aquestes carreres compten amb una s\u00e8rie d&#8217;accions pensades a minimitzar l&#8217;impacte en el mitj\u00e0 en el qual es desenvolupen i donar suport i visibilitat a la marca Menorca Reserva de la Biosfera.<\/p>\n<p>&nbsp;<\/p>\n","protected":false},"excerpt":{"rendered":"<p>La October Trail viur\u00e0 la seva tercera edici\u00f3 incrementant la seva oferta amb la October Bike i formant part d&#8217;un complet cartell d&#8217;activitats esportives organitzades per Lago Resort Menorca La zona del Lago de Cala\u2019n Bosch, a Ciutadella, viur\u00e0 aquest dissabte una jornada esportiva d&#8217;all\u00f2 m\u00e9s completa gr\u00e0cies a la tercera edici\u00f3 de la October [&hellip;]<\/p>\n","protected":false},"author":2,"featured_media":3485,"comment_status":"open","ping_status":"open","sticky":false,"template":"","format":"standard","meta":{"spay_email":"","footnotes":""},"categories":[64],"tags":[75,72,71,80,73,74],"class_list":["post-3484","post","type-post","status-publish","format-standard","has-post-thumbnail","hentry","category-october-trail","tag-cami-de-cavalls","tag-illa-dels-trails","tag-menorca","tag-october-trail","tag-sport-hg","tag-trail-run"],"acf":[],"jetpack_featured_media_url":"https:\/\/i0.wp.com\/illadelstrails.com\/wp-content\/uploads\/2021\/10\/1.jpeg?fit=1024%2C768&ssl=1","jetpack-related-posts":[{"id":4347,"url":"https:\/\/illadelstrails.com\/ca\/2022\/10\/11\/mas-de-1-400-participantes-llenaran-la-october-trail-y-la-october-bike\/","url_meta":{"origin":3484,"position":0},"title":"M\u00e9s de 1.400 participants ompliran l\u2019October Trail i l\u2019October Bike","date":"11 October, 2022","format":false,"excerpt":"Gran \u00e8xit de participaci\u00f3 per a la prova encarregada de tancar la segona edici\u00f3 de la lliga\u00a0Illa\u00a0dels\u00a0Trails\u00a0amb m\u00e9s de 900 persones de fora de l'Illa L\u2019October\u00a0Trail\u00a0posar\u00e0 un excel\u00b7lent final a la segona edici\u00f3 de la\u00a0Lliga\u00a0Illa\u00a0dels\u00a0Trails\u00a0amb m\u00e9s de 1.400 participants repartits entre la cinquena carrera de la competici\u00f3 i la segona\u2026","rel":"","context":"In &quot;October Trail&quot;","img":{"alt_text":"","src":"https:\/\/i0.wp.com\/illadelstrails.com\/wp-content\/uploads\/2022\/10\/Foto-Presentacio.jpeg?fit=1024%2C729&ssl=1&resize=350%2C200","width":350,"height":200},"classes":[]},{"id":5887,"url":"https:\/\/illadelstrails.com\/ca\/2024\/10\/28\/calan-bosch-se-prepara-para-recibir-a-casi-2000-corredores-en-la-october-trail\/","url_meta":{"origin":3484,"position":1},"title":"Cala\u2019n Bosch es prepara per rebre gaireb\u00e9 2000 corredors a l&#8217;October Trail","date":"28 October, 2024","format":false,"excerpt":"La prova esportiva tancar\u00e0 aquest dissabte una nova edici\u00f3 de la Lliga Illa dels Trails amb r\u00e8cord de participaci\u00f3 en els 32KM, els 19KM i els 11KM. L'October Trail 2024 compta les hores perqu\u00e8 comenci l'edici\u00f3 m\u00e9s concorreguda de la seva hist\u00f2ria. La prova, que tamb\u00e9 ser\u00e0 l'encarregada de tancar\u2026","rel":"","context":"In &quot;October Trail&quot;","img":{"alt_text":"","src":"https:\/\/i0.wp.com\/illadelstrails.com\/wp-content\/uploads\/2024\/10\/Presentacion.jpg?fit=1200%2C900&ssl=1&resize=350%2C200","width":350,"height":200},"classes":[]},{"id":6378,"url":"https:\/\/illadelstrails.com\/ca\/2025\/11\/13\/la-october-trail-menorca-y-sus-2-000-inscritos-preparados-para-cerrar-la-illa-dels-trails\/","url_meta":{"origin":3484,"position":2},"title":"L\u2019October Trail Menorca i els seus 2.000 inscrits, preparats per tancar l\u2019Illa dels Trails","date":"13 November, 2025","format":false,"excerpt":"L\u2019\u00faltima cita de la lliga arriba aquest dissabte amb r\u00e8cord de participaci\u00f3 general i amb m\u00e9s d\u2019un 40% de corredores, una xifra entre les m\u00e9s altes de les Illes Balears. \u00a0 La setena edici\u00f3 de l\u2019October Trail Menorca ha comen\u00e7at a rodar aquest dijous amb la presentaci\u00f3 d\u2019una cursa que\u2026","rel":"","context":"In &quot;October Trail&quot;","img":{"alt_text":"","src":"https:\/\/i0.wp.com\/illadelstrails.com\/wp-content\/uploads\/2025\/11\/Presentacio.jpeg?fit=1200%2C782&ssl=1&resize=350%2C200","width":350,"height":200},"classes":[]},{"id":3040,"url":"https:\/\/illadelstrails.com\/ca\/2021\/07\/01\/la-october-trail-2021-abre-sus-inscripciones\/","url_meta":{"origin":3484,"position":3},"title":"La October Trail 2021 abre sus inscripciones","date":"1 July, 2021","format":false,"excerpt":"La carrera, que se disputar\u00e1 el 16 de octubre, contar\u00e1 con las distancias de 32KM, 19KM y 11KM con llegada en Cala\u2019n Bosch La tercera edici\u00f3n de la October Trail ha abierto este 1 de julio las inscripciones para las tres distancias con las que contar\u00e1 para este s\u00e1bado, 16\u2026","rel":"","context":"In &quot;October Trail&quot;","img":{"alt_text":"","src":"https:\/\/i0.wp.com\/illadelstrails.com\/wp-content\/uploads\/2021\/07\/OctoberTrail-165-scaled.jpg?fit=1200%2C800&ssl=1&resize=350%2C200","width":350,"height":200},"classes":[]},{"id":1890,"url":"https:\/\/illadelstrails.com\/ca\/2020\/12\/23\/32km-de-seguridad-y-protocolo-en-la-october-trail-menorca\/","url_meta":{"origin":3484,"position":4},"title":"32KM de seguridad y protocolo en la October Trail Menorca","date":"23 December, 2020","format":false,"excerpt":"La carrera se adapta a las normas que marca el Govern Balear para llevar a cabo una prueba que llena las 150 plazas disponibles para su distancia reina. La segunda edici\u00f3n de la October Trail Menorca ha superado todas las exigencias y se ha reinventado de la forma m\u00e1s segura\u2026","rel":"","context":"In &quot;October Trail&quot;","img":{"alt_text":"","src":"https:\/\/i0.wp.com\/illadelstrails.com\/wp-content\/uploads\/2020\/12\/noticia_2-1.jpg?fit=1024%2C641&ssl=1&resize=350%2C200","width":350,"height":200},"classes":[]},{"id":1893,"url":"https:\/\/illadelstrails.com\/ca\/2020\/12\/23\/florit-y-alles-reyes-en-el-regreso-de-la-october-trail-menorca\/","url_meta":{"origin":3484,"position":5},"title":"Florit y All\u00e8s reyes en el regreso de la October Trail Menorca","date":"23 December, 2020","format":false,"excerpt":"Los menorquines protagonizan una carrera trepidante imponiendo ritmo de principio a fin por delante de Joan Toni Mayol y Lloren\u00e7 Socias y Marga Adrover y Karina G\u00f3mez. La October Trail Menorca regres\u00f3 por todo lo alto y con triunfos para Joan Florit (2:28:13) y Mari All\u00e8s (3:11:25), ti\u00f1endo la prueba\u2026","rel":"","context":"In &quot;October Trail&quot;","img":{"alt_text":"","src":"https:\/\/i0.wp.com\/illadelstrails.com\/wp-content\/uploads\/2020\/12\/noticia_3.jpg?fit=1024%2C641&ssl=1&resize=350%2C200","width":350,"height":200},"classes":[]}],"_links":{"self":[{"href":"https:\/\/illadelstrails.com\/ca\/wp-json\/wp\/v2\/posts\/3484"}],"collection":[{"href":"https:\/\/illadelstrails.com\/ca\/wp-json\/wp\/v2\/posts"}],"about":[{"href":"https:\/\/illadelstrails.com\/ca\/wp-json\/wp\/v2\/types\/post"}],"author":[{"embeddable":true,"href":"https:\/\/illadelstrails.com\/ca\/wp-json\/wp\/v2\/users\/2"}],"replies":[{"embeddable":true,"href":"https:\/\/illadelstrails.com\/ca\/wp-json\/wp\/v2\/comments?post=3484"}],"version-history":[{"count":2,"href":"https:\/\/illadelstrails.com\/ca\/wp-json\/wp\/v2\/posts\/3484\/revisions"}],"predecessor-version":[{"id":3487,"href":"https:\/\/illadelstrails.com\/ca\/wp-json\/wp\/v2\/posts\/3484\/revisions\/3487"}],"wp:featuredmedia":[{"embeddable":true,"href":"https:\/\/illadelstrails.com\/ca\/wp-json\/wp\/v2\/media\/3485"}],"wp:attachment":[{"href":"https:\/\/illadelstrails.com\/ca\/wp-json\/wp\/v2\/media?parent=3484"}],"wp:term":[{"taxonomy":"category","embeddable":true,"href":"https:\/\/illadelstrails.com\/ca\/wp-json\/wp\/v2\/categories?post=3484"},{"taxonomy":"post_tag","embeddable":true,"href":"https:\/\/illadelstrails.com\/ca\/wp-json\/wp\/v2\/tags?post=3484"}],"curies":[{"name":"wp","href":"https:\/\/api.w.org\/{rel}","templated":true}]}}