{"id":3328,"date":"2021-09-27T14:13:00","date_gmt":"2021-09-27T12:13:00","guid":{"rendered":"https:\/\/illadelstrails.com\/?p=3328"},"modified":"2021-09-27T14:13:19","modified_gmt":"2021-09-27T12:13:19","slug":"florit-i-alles-estrelles-brillants-en-mao","status":"publish","type":"post","link":"https:\/\/illadelstrails.com\/ca\/2021\/09\/27\/florit-i-alles-estrelles-brillants-en-mao\/","title":{"rendered":"Florit i All\u00e8s, estrelles brillants en Ma\u00f3"},"content":{"rendered":"<h6><em>Els dos corredors s\u2019emporten el triomf als 21 quil\u00f2metres de la Trail dels Fars Nocturna, mentre que Isabella Orellana i Tomeu Salord, s\u2019imposen als 13 quil\u00f2metres<\/em><\/h6>\n<p>Nit d&#8217;estrelles i de calor la que es va viure aquest dissabte en la segona edici\u00f3 de la Trail dels Fars Nocturna, tercera prova de la Illa dels Trails, on dos noms es van al\u00e7ar per sobre de tots, Joan Florit i Mari Alles, guanyadors dels 21 quil\u00f2metres. Isabella Orellana i Tomeu Salord van ser els m\u00e9s r\u00e0pids en la dist\u00e0ncia de 13 quil\u00f2metres, en una jornada que va acabar molt b\u00e9 a la base de San Isidro, i que compta amb el patrocini de <a href=\"http:\/\/www.menorca.es\">la Fundaci\u00f3 Foment del Turisme de Menorca<\/a> i de la Ag\u00e8ncia d\u2019Estrat\u00e8gia Turistica dels Illes Balears, i l&#8217;organitzaci\u00f3 de Biosport Menorca i Elitechip, amb la col\u00b7laboraci\u00f3 de l&#8217;ajuntament de Ma\u00f3.<\/p>\n<p>L&#8217;alta humitat que va haver-hi durant tot el dissabte no va donar cap treva a les 20 hores quan va arrencar la carrera de 21 quil\u00f2metres en el far de Fav\u00e0ritx. Una sortida r\u00e0pida, amb arribada fins al far per a despr\u00e9s prendre el Cam\u00ed de Cavalls rumb a Es Grau. L\u2019alaorenc Joan Florit va demostrar, una vegada m\u00e9s, que est\u00e0 per sobre de la resta de corredors de l&#8217;Illa en emportar-se el triomf en solitari, arribant a meta amb un temps d&#8217;1.37:40. Li van acompanyar en el podi els mallorquins Pep Joan Serra (1.42:30) i Lloren\u00e7 Socias (1.46:02). D&#8217;aquesta manera, Florit aconsegueix el seu tercer triomf en altres tantes carreres de Illa dels Trails.<\/p>\n<p>En dones, la ciutadellenca Mari All\u00e8s no va trobar rival, corrent c\u00f2moda des del principi i dosificant per a arribar a meta amb un temps de 2.05:36. Francisca Ribot i Victoria Ben\u00e1vides L\u00f3pez van completar el podi femen\u00ed amb 2.13:14 i 2.16:29, respectivament.<\/p>\n<p>Sobre les 21 hores, i amb els primers dels 21 quil\u00f2metres ja passant la zona de Es Grau, es va donar la sortida a la segona carrera on el bon fer del ciutadellenc Tomeu Salord li va valer per a imposar-se en els 13 quil\u00f2metres flirtejant amb baixar de l&#8217;hora i acabant amb un temps d&#8217;1.00:58. Carlos Meli\u00e0 va ser segon amb un temps d&#8217;1.01:23, mentre que Toni Florit va ser tercer amb 1.01:53.<\/p>\n<p>En la competici\u00f3 femenina, Isabella Orellana va ser la m\u00e9s r\u00e0pida i la m\u00e9s regular i va travessar la meta amb un temps d&#8217;1.10:21, seguida de Clara Coll (1.17:55) i de Monica Bosch amb 1.18:13.<\/p>\n<p>En acabar, es va procedir al lliurament de trofeus en la qual l&#8217;alcalde de Ma\u00f3, H\u00e9ctor Pons, el regidor d&#8217;Esports de Ma\u00f3, Carlos Montes, la gerent de la Fundaci\u00f3 Foment del Turisme de Menorca, Elena Costa, i el capit\u00e0 en cap de la Base de San Isidro, David Celdr\u00e1n, van procedir al lliurament de trofeus, que va donar per tancat un esdeveniment que li cedeix ara el testimoni a la October Trail del pr\u00f2xim dissabte 16 d&#8217;octubre, a Ciutadella.<\/p>\n","protected":false},"excerpt":{"rendered":"<p>Els dos corredors s\u2019emporten el triomf als 21 quil\u00f2metres de la Trail dels Fars Nocturna, mentre que Isabella Orellana i Tomeu Salord, s\u2019imposen als 13 quil\u00f2metres Nit d&#8217;estrelles i de calor la que es va viure aquest dissabte en la segona edici\u00f3 de la Trail dels Fars Nocturna, tercera prova de la Illa dels Trails, [&hellip;]<\/p>\n","protected":false},"author":2,"featured_media":3329,"comment_status":"open","ping_status":"open","sticky":false,"template":"","format":"standard","meta":{"spay_email":"","footnotes":""},"categories":[68],"tags":[75,72,71,73,74],"class_list":["post-3328","post","type-post","status-publish","format-standard","has-post-thumbnail","hentry","category-trail-nocturna","tag-cami-de-cavalls","tag-illa-dels-trails","tag-menorca","tag-sport-hg","tag-trail-run"],"acf":[],"jetpack_featured_media_url":"https:\/\/i0.wp.com\/illadelstrails.com\/wp-content\/uploads\/2021\/09\/WhatsApp-Image-2021-09-26-at-10.03.46.jpeg?fit=1600%2C1066&ssl=1","jetpack-related-posts":[{"id":3513,"url":"https:\/\/illadelstrails.com\/ca\/2021\/11\/14\/alles-y-florit-reinan-en-el-norte-y-en-la-liga-illa-dels-trails\/","url_meta":{"origin":3328,"position":0},"title":"All\u00e9s i Florit regnen al Nord i en la lliga Illa dels Trails","date":"14 November, 2021","format":false,"excerpt":"Els dos corredors compleixen amb la seva condici\u00f3 de favorits per a emportar-se la vict\u00f2ria a\u00a0Fornells\u00a0i el premi d'ambaixadors de la marca\u00a0Sport\u00a0HG\u00a0durant l'any 2022 L'\u00fanica cosa que li feia falta a la primera edici\u00f3 de la lliga\u00a0Illa\u00a0dels\u00a0Trails\u00a0era una jornada \u00e8pica com la que va fer aquest diumenge a Menorca amb\u2026","rel":"","context":"In &quot;Trail del Nord&quot;","img":{"alt_text":"","src":"https:\/\/i0.wp.com\/illadelstrails.com\/wp-content\/uploads\/2021\/11\/22.jpeg?fit=1200%2C800&ssl=1&resize=350%2C200","width":350,"height":200},"classes":[]},{"id":3321,"url":"https:\/\/illadelstrails.com\/ca\/2021\/09\/22\/mes-de-500-estrelles-per-a-la-trail-dels-fars-nocturna\/","url_meta":{"origin":3328,"position":1},"title":"M\u00e9s de 500 estrelles per a la Trail dels Fars Nocturna","date":"22 September, 2021","format":false,"excerpt":"M\u00e9s de mig millar de corredors participaran en la segona edici\u00f3 d'una carrera que ofereix les dist\u00e0ncies de 21KM i 13KM i que acaba a la base de San Isidro La segona edici\u00f3 de la Trail del Fars Nocturna omplir\u00e0 aquest dissabte d'estrelles, m\u00e9s si cap, el tram de Cam\u00ed\u2026","rel":"","context":"In &quot;Trail Nocturna&quot;","img":{"alt_text":"","src":"https:\/\/i0.wp.com\/illadelstrails.com\/wp-content\/uploads\/2021\/09\/3.jpeg?fit=1024%2C768&ssl=1&resize=350%2C200","width":350,"height":200},"classes":[]},{"id":4699,"url":"https:\/\/illadelstrails.com\/ca\/2023\/02\/05\/alles-y-martinez-dejan-la-victoria-de-la-trail-dels-fars-en-menorca\/","url_meta":{"origin":3328,"position":2},"title":"All\u00e9s i Mart\u00ednez deixen la vict\u00f2ria de la Trail dels Fars a Menorca","date":"5 February, 2023","format":false,"excerpt":"Els dos corredors signen un duel amb domini absolut i s'alcen amb el triomf en un diumenge amb molt de vent. Moll i Rocher, en 21KM, i Campins i Huguet, en 12KM, completen el cartell de guanyadors La tercera edici\u00f3 de la lliga\u00a0Illa\u00a0dels\u00a0Trails\u00a0ja \u00e9s tota una realitat. La\u00a0Trail\u00a0dels\u00a0Fars\u00a0va obrir aquest\u2026","rel":"","context":"In &quot;Trail dels Fars&quot;","img":{"alt_text":"","src":"https:\/\/i0.wp.com\/illadelstrails.com\/wp-content\/uploads\/2023\/02\/WhatsApp-Image-2023-02-05-at-15.53.21-3.jpeg?fit=1200%2C800&ssl=1&resize=350%2C200","width":350,"height":200},"classes":[]},{"id":5742,"url":"https:\/\/illadelstrails.com\/ca\/2024\/09\/30\/alles-y-villalonga-reinan-en-la-trail-dels-fars-nocturna\/","url_meta":{"origin":3328,"position":3},"title":"All\u00e9s i Villalonga regnen a la Trail dels Fars Nocturna","date":"30 September, 2024","format":false,"excerpt":"Els esportistes de Ciutadella s'emporten el triomf en la nit maonesa, acompanyats per Lena Moll, als 13KM i pel catal\u00e0 Bruno Montefusco. La tercera cita de l'Illa dels Trails ja t\u00e9 els seus reis i reines. Mari All\u00e9s i Xavi Villalonga van ser els esportistes m\u00e9s r\u00e0pids de la Trail\u2026","rel":"","context":"In &quot;Trail Nocturna&quot;","img":{"alt_text":"","src":"https:\/\/i0.wp.com\/illadelstrails.com\/wp-content\/uploads\/2024\/09\/WhatsApp-Image-2024-09-28-at-23.39.45-3-scaled.jpeg?fit=1200%2C800&ssl=1&resize=350%2C200","width":350,"height":200},"classes":[]},{"id":3494,"url":"https:\/\/illadelstrails.com\/ca\/2021\/10\/19\/alles-repite-triunfo-y-esteve-debuta-con-victoria-en-la-october\/","url_meta":{"origin":3328,"position":4},"title":"All\u00e9s repeteix triomf i Esteve debuta amb vict\u00f2ria en la October Trail","date":"19 October, 2021","format":false,"excerpt":"La tercera edici\u00f3 de la carrera viu un aut\u00e8ntic festival de l'esport en el qual B\u00e0rbara Sureda i Toful Moll, en els 19KM, i Marga Farragut i Tomeu Salord, en els 11KM, regnen La tercera edici\u00f3 de l\u2019October Trail va oferir un gran espectacle esportiu a la zona del Lago\u2026","rel":"","context":"In &quot;October Trail&quot;","img":{"alt_text":"","src":"https:\/\/i0.wp.com\/illadelstrails.com\/wp-content\/uploads\/2021\/10\/WhatsApp-Image-2021-10-16-at-17.30.18-1.jpeg?fit=1200%2C800&ssl=1&resize=350%2C200","width":350,"height":200},"classes":[]},{"id":4838,"url":"https:\/\/illadelstrails.com\/ca\/2023\/04\/01\/alles-y-martinez-firman-un-doblete-espectacular\/","url_meta":{"origin":3328,"position":5},"title":"All\u00e8s i Mart\u00ednez signen un doblet espectacular","date":"1 April, 2023","format":false,"excerpt":"Els dos corredors repeteixen la vict\u00f2ria de la\u00a0Trail\u00a0dels\u00a0Fars\u00a0en la\u00a0Trail\u00a0del\u00a0Nord\u00a0vencent en solitari. Huguet i Campins tamb\u00e9 repeteixen en els 12KM. La\u00a0Illa\u00a0dels\u00a0Trails\u00a02023 ja t\u00e9 els seus favorits ben definits. La\u00a0Trail\u00a0del\u00a0Nord\u00a0va servir aquest dissabte per a confirmar que Albert Mart\u00ednez i Mari\u00a0All\u00e8s\u00a0s\u00f3n, actualment, els corredors m\u00e9s en forma a l'Illa, en aconseguir les\u2026","rel":"","context":"In &quot;Trail del Nord&quot;","img":{"alt_text":"","src":"https:\/\/i0.wp.com\/illadelstrails.com\/wp-content\/uploads\/2023\/04\/45KM.jpeg?fit=1200%2C800&ssl=1&resize=350%2C200","width":350,"height":200},"classes":[]}],"_links":{"self":[{"href":"https:\/\/illadelstrails.com\/ca\/wp-json\/wp\/v2\/posts\/3328"}],"collection":[{"href":"https:\/\/illadelstrails.com\/ca\/wp-json\/wp\/v2\/posts"}],"about":[{"href":"https:\/\/illadelstrails.com\/ca\/wp-json\/wp\/v2\/types\/post"}],"author":[{"embeddable":true,"href":"https:\/\/illadelstrails.com\/ca\/wp-json\/wp\/v2\/users\/2"}],"replies":[{"embeddable":true,"href":"https:\/\/illadelstrails.com\/ca\/wp-json\/wp\/v2\/comments?post=3328"}],"version-history":[{"count":1,"href":"https:\/\/illadelstrails.com\/ca\/wp-json\/wp\/v2\/posts\/3328\/revisions"}],"predecessor-version":[{"id":3330,"href":"https:\/\/illadelstrails.com\/ca\/wp-json\/wp\/v2\/posts\/3328\/revisions\/3330"}],"wp:featuredmedia":[{"embeddable":true,"href":"https:\/\/illadelstrails.com\/ca\/wp-json\/wp\/v2\/media\/3329"}],"wp:attachment":[{"href":"https:\/\/illadelstrails.com\/ca\/wp-json\/wp\/v2\/media?parent=3328"}],"wp:term":[{"taxonomy":"category","embeddable":true,"href":"https:\/\/illadelstrails.com\/ca\/wp-json\/wp\/v2\/categories?post=3328"},{"taxonomy":"post_tag","embeddable":true,"href":"https:\/\/illadelstrails.com\/ca\/wp-json\/wp\/v2\/tags?post=3328"}],"curies":[{"name":"wp","href":"https:\/\/api.w.org\/{rel}","templated":true}]}}