{"id":3321,"date":"2021-09-22T15:18:57","date_gmt":"2021-09-22T13:18:57","guid":{"rendered":"https:\/\/illadelstrails.com\/?p=3321"},"modified":"2021-09-22T15:18:57","modified_gmt":"2021-09-22T13:18:57","slug":"mes-de-500-estrelles-per-a-la-trail-dels-fars-nocturna","status":"publish","type":"post","link":"https:\/\/illadelstrails.com\/ca\/2021\/09\/22\/mes-de-500-estrelles-per-a-la-trail-dels-fars-nocturna\/","title":{"rendered":"M\u00e9s de 500 estrelles per a la Trail dels Fars Nocturna"},"content":{"rendered":"<h6><em>M\u00e9s de mig millar de corredors participaran en la segona edici\u00f3 d&#8217;una carrera que ofereix les dist\u00e0ncies de 21KM i 13KM i que acaba a la base de San Isidro<\/em><\/h6>\n<p>La segona edici\u00f3 de la Trail del Fars Nocturna omplir\u00e0 aquest dissabte d&#8217;estrelles, m\u00e9s si cap, el tram de Cam\u00ed de Cavalls que uneix el far de Fav\u00e0ritx i la Base Militar de San Isidro. M\u00e9s de 500 participants prendran la sortida repartits en les dist\u00e0ncies de 21KM i de 13KM en una carrera que compta amb el patrocini de la <a href=\"http:\/\/www.menorca.es\">Fundaci\u00f3 Foment del Turisme de Menorca<\/a> i de la Ag\u00e8ncia d\u2019Estrat\u00e8gia Tur\u00edstica dels Illes Balears, i dels quals m\u00e9s d&#8217;un 35 per cent s\u00f3n de fora de l&#8217;Illa. Ser\u00e0 la tercera parada de la Illa dels Trails, una competici\u00f3 que s&#8217;ha estrenat aquest 2021 i que ofereix cinc esdeveniments esportius fora de la temporada tur\u00edstica.<\/p>\n<p>La presidenta del Consell Insular, Susana Mora, s&#8217;ha encarregat de presentar l&#8217;esdeveniment aquest dimecres, acompanyada de l&#8217;alcalde de Ma\u00f3, H\u00e9ctor Pons, i el capit\u00e0 en cap de la Base Sant Isidre, David Celdr\u00e1n, a m\u00e9s de Toni Cap\u00f3, un dels dos organitzadors.<\/p>\n<p>L&#8217;esdeveniment arrencar\u00e0 aquest dijous i divendres amb el lliurament de dorsals en els poliesportius municipals de Sant Llu\u00eds i des Mercadal, a m\u00e9s de la Piscina Municipal de Ciutadella. El dissabte, de les 13 a les 18 hores, els participants podran recollir la seva borsa de corredor en el Restaurant Sa Lliga, en el port de Ma\u00f3. A les 20 hores donar\u00e0 sortida en el far de Fav\u00e0ritx, la carrera dels 21 quil\u00f2metres fins a la base de San Isidro. A les 21 hores, des del camp de futbol de Es Grau, arrencar\u00e0 la prova dels 13 quil\u00f2metres amb mateix dest\u00ed.<\/p>\n<p>La prova, dins del marc de Reserva de Biosfera, compta amb una s\u00e8rie de mesures destinades a minimitzar l&#8217;impacte en el mitj\u00e0 com el servei d&#8217;autob\u00fas incl\u00f2s en el preu que traslladar\u00e0 als participants des de l&#8217;Estaci\u00f3 Mar\u00edtima de Ma\u00f3 a les 19 hores en el cas dels 21 quil\u00f2metres, i a les 20 hores en el cas dels 13 quil\u00f2metres. A m\u00e9s, s&#8217;elimina al m\u00e0xim els pl\u00e0stics d&#8217;un sol \u00fas, i es far\u00e0 una gesti\u00f3 eficient dels residus dels avituallaments.<\/p>\n<p>Una altra mesura lligada al pas dels corredors per la zona del parc natural de l&#8217;Albufera des Grau ser\u00e0 la limitaci\u00f3 del nombre de l\u00famens dels frontals.<\/p>\n<p>L&#8217;esdeveniment estrena recorregut i meta ja que en aquesta edici\u00f3 la fi de festa ser\u00e0 en la zona de la base militar de San Isidro, mostra de la bona col\u00b7laboraci\u00f3 i implicaci\u00f3 amb els militars que gestionen la instal\u00b7laci\u00f3.<\/p>\n<p>La carrera \u00e9s la tercera de la lliga Illa dels Trails despr\u00e9s de la Trail dels Barrancs i la Trail dels Fars, i ha incrementat un 75 per cent en el nombre d&#8217;inscripcions respecte a 2020, arribant a superar el 35 per cent de la seva participaci\u00f3 de fora de Menorca, la qual cosa demostra que es tracta d&#8217;un esdeveniment que atreu turisme fora de temporada.<\/p>\n<p>La Illa dels Trails viur\u00e0 la seva quarta etapa el pr\u00f2xim 16 d&#8217;octubre amb la October Trail i es completar\u00e0 el 14 de novembre amb l&#8217;estrena de la Trail del Nord, una competici\u00f3 nova que es disputar\u00e0 entre Ciutadella i Fornells, amb tres dist\u00e0ncies.<\/p>\n","protected":false},"excerpt":{"rendered":"<p>M\u00e9s de mig millar de corredors participaran en la segona edici\u00f3 d&#8217;una carrera que ofereix les dist\u00e0ncies de 21KM i 13KM i que acaba a la base de San Isidro La segona edici\u00f3 de la Trail del Fars Nocturna omplir\u00e0 aquest dissabte d&#8217;estrelles, m\u00e9s si cap, el tram de Cam\u00ed de Cavalls que uneix el [&hellip;]<\/p>\n","protected":false},"author":2,"featured_media":3322,"comment_status":"open","ping_status":"open","sticky":false,"template":"","format":"standard","meta":{"spay_email":"","footnotes":""},"categories":[68],"tags":[75,72,71,73],"class_list":["post-3321","post","type-post","status-publish","format-standard","has-post-thumbnail","hentry","category-trail-nocturna","tag-cami-de-cavalls","tag-illa-dels-trails","tag-menorca","tag-sport-hg"],"acf":[],"jetpack_featured_media_url":"https:\/\/i0.wp.com\/illadelstrails.com\/wp-content\/uploads\/2021\/09\/3.jpeg?fit=1024%2C768&ssl=1","jetpack-related-posts":[{"id":4703,"url":"https:\/\/illadelstrails.com\/ca\/2023\/02\/08\/la-trail-dels-fars-nocturna-abre-sus-inscripciones-y-regresa-a-menorca-el-16-de-septiembre\/","url_meta":{"origin":3321,"position":0},"title":"La Trail dels Fars Nocturna obre les seves inscripcions i torna a Menorca el 16 de setembre","date":"8 February, 2023","format":false,"excerpt":"La carrera, que ser\u00e0 la tercera cita de la lliga Illa dels Trails, comptar\u00e0 amb les dist\u00e0ncies de 23KM i de 13KM entre el far de Favaritx i la Base Militar de San Isidro La tercera parada de la lliga Illa dels Trails que es disputa a Menorca tindr\u00e0 la\u2026","rel":"","context":"In &quot;Trail Nocturna&quot;","img":{"alt_text":"","src":"https:\/\/i0.wp.com\/illadelstrails.com\/wp-content\/uploads\/2023\/02\/TrailNocturna2022-098-scaled.jpg?fit=1200%2C800&ssl=1&resize=350%2C200","width":350,"height":200},"classes":[]},{"id":5738,"url":"https:\/\/illadelstrails.com\/ca\/2024\/09\/30\/la-trail-dels-fars-nocturna-lista-para-el-fin-de-semana\/","url_meta":{"origin":3321,"position":1},"title":"La Trail dels Fars Nocturna, a punt per al cap de setmana","date":"30 September, 2024","format":false,"excerpt":"La tercera cursa de la lliga Illa dels Trails comptar\u00e0 amb prop de 400 participants repartits entre les seves dues dist\u00e0ncies de 13 i 23 quil\u00f2metres. La tercera cita de la lliga Illa dels Trails ja \u00e9s aqu\u00ed. La Trail dels Fars Nocturna, que enguany s'ha retardat en el calendari\u2026","rel":"","context":"In &quot;Trail Nocturna&quot;","img":{"alt_text":"","src":"https:\/\/i0.wp.com\/illadelstrails.com\/wp-content\/uploads\/2024\/09\/IMG_8791.jpg?fit=1200%2C900&ssl=1&resize=350%2C200","width":350,"height":200},"classes":[]},{"id":3904,"url":"https:\/\/illadelstrails.com\/ca\/2022\/02\/03\/la-segunda-edicion-de-la-lliga-illa-dels-trails-se-abre-con-mas-de-700-inscritos-en-la-trail-dels-fars\/","url_meta":{"origin":3321,"position":2},"title":"La segona edici\u00f3 de la lliga Illa dels Trails s\u2019obra amb m\u00e9s de 700 inscrits a la Trail dels Fars","date":"3 February, 2022","format":false,"excerpt":"Ciutadella acull aquest diumenge l\u2019apertura de la competici\u00f3 de 5 curses de trail, amb una prova amb les dist\u00e0ncies de 46KM, 21KM i 12KM La segona edici\u00f3 de la lliga Illa dels Trails obrir\u00e0 el seu recorregut aquest diumenge, 6 de febrer, amb la Trail dels Fars. Amb m\u00e9s de\u2026","rel":"","context":"In &quot;Trail dels Fars&quot;","img":{"alt_text":"","src":"https:\/\/i0.wp.com\/illadelstrails.com\/wp-content\/uploads\/2022\/02\/1.jpeg?fit=1200%2C900&ssl=1&resize=350%2C200","width":350,"height":200},"classes":[]},{"id":5015,"url":"https:\/\/illadelstrails.com\/ca\/2023\/09\/13\/la-trail-dels-fars-supera-los-400-participantes-para-su-cuarta-edicion\/","url_meta":{"origin":3321,"position":3},"title":"La Trail dels Fars supera els 400 participants en la seva quarta edici\u00f3","date":"13 September, 2023","format":false,"excerpt":"La cursa, que ser\u00e0 la tercera cita de la lliga Illa dels Trails, comptar\u00e0 amb les dist\u00e0ncies de 23KM i 13KM entre el far de Favaritx i la Base Militar de San Isidro La quarta edici\u00f3 de la Trail dels Fars Nocturna s'ha presentat aquest dimecres al Biosport Mar\u00edtim amb\u2026","rel":"","context":"In &quot;Trail Nocturna&quot;","img":{"alt_text":"","src":"https:\/\/i0.wp.com\/illadelstrails.com\/wp-content\/uploads\/2023\/09\/Presentacio\u0301.jpeg?fit=1024%2C768&ssl=1&resize=350%2C200","width":350,"height":200},"classes":[]},{"id":4305,"url":"https:\/\/illadelstrails.com\/ca\/2022\/09\/14\/la-trail-dels-fars-nocturna-de-record\/","url_meta":{"origin":3321,"position":4},"title":"La Trail dels Fars Nocturna, de r\u00e8cord","date":"14 September, 2022","format":false,"excerpt":"La quarta prova de la lliga\u00a0Illa\u00a0dels\u00a0Trails\u00a0es disputa aquest dissabte amb m\u00e9s de 425 participants entre les dues dist\u00e0ncies amb arribada a la Base Militar de San Isidro La segona edici\u00f3 de la Lliga\u00a0Illa\u00a0dels\u00a0Trails\u00a0arriba a la seva quarta estaci\u00f3, la\u00a0Trail\u00a0dels\u00a0Fars\u00a0Nocturna, amb un \u2018sold\u00a0out\u2019 en inscripcions i amb m\u00e9s de 425 esportistes\u2026","rel":"","context":"In &quot;Trail Nocturna&quot;","img":{"alt_text":"","src":"https:\/\/i0.wp.com\/illadelstrails.com\/wp-content\/uploads\/2022\/09\/1-scaled.jpg?fit=1200%2C800&ssl=1&resize=350%2C200","width":350,"height":200},"classes":[]},{"id":4691,"url":"https:\/\/illadelstrails.com\/ca\/2023\/02\/03\/la-trail-dels-fars-acoge-750-participantes-para-su-decima-edicion\/","url_meta":{"origin":3321,"position":5},"title":"La Trail dels Fars acull 750 participants per a la seva desena edici\u00f3","date":"3 February, 2023","format":false,"excerpt":"La primera prova de l'edici\u00f3 de 2023 de la lliga\u00a0Illa\u00a0dels\u00a0Trails\u00a0compta amb tres dist\u00e0ncies que es disputaran \u00edntegrament el diumenge La\u00a0Illa\u00a0dels\u00a0Trails\u00a0obre la seva tercera edici\u00f3 aquest diumenge amb la disputa de la desena edici\u00f3 de la\u00a0Trail\u00a0dels\u00a0Fars. La carrera, que s'ha presentat aquest divendres en el renovat sal\u00f3 g\u00f2tic de l'Ajuntament de\u2026","rel":"","context":"In &quot;Trail dels Fars&quot;","img":{"alt_text":"","src":"https:\/\/i0.wp.com\/illadelstrails.com\/wp-content\/uploads\/2023\/02\/1.jpeg?fit=1200%2C900&ssl=1&resize=350%2C200","width":350,"height":200},"classes":[]}],"_links":{"self":[{"href":"https:\/\/illadelstrails.com\/ca\/wp-json\/wp\/v2\/posts\/3321"}],"collection":[{"href":"https:\/\/illadelstrails.com\/ca\/wp-json\/wp\/v2\/posts"}],"about":[{"href":"https:\/\/illadelstrails.com\/ca\/wp-json\/wp\/v2\/types\/post"}],"author":[{"embeddable":true,"href":"https:\/\/illadelstrails.com\/ca\/wp-json\/wp\/v2\/users\/2"}],"replies":[{"embeddable":true,"href":"https:\/\/illadelstrails.com\/ca\/wp-json\/wp\/v2\/comments?post=3321"}],"version-history":[{"count":1,"href":"https:\/\/illadelstrails.com\/ca\/wp-json\/wp\/v2\/posts\/3321\/revisions"}],"predecessor-version":[{"id":3323,"href":"https:\/\/illadelstrails.com\/ca\/wp-json\/wp\/v2\/posts\/3321\/revisions\/3323"}],"wp:featuredmedia":[{"embeddable":true,"href":"https:\/\/illadelstrails.com\/ca\/wp-json\/wp\/v2\/media\/3322"}],"wp:attachment":[{"href":"https:\/\/illadelstrails.com\/ca\/wp-json\/wp\/v2\/media?parent=3321"}],"wp:term":[{"taxonomy":"category","embeddable":true,"href":"https:\/\/illadelstrails.com\/ca\/wp-json\/wp\/v2\/categories?post=3321"},{"taxonomy":"post_tag","embeddable":true,"href":"https:\/\/illadelstrails.com\/ca\/wp-json\/wp\/v2\/tags?post=3321"}],"curies":[{"name":"wp","href":"https:\/\/api.w.org\/{rel}","templated":true}]}}