{"id":3283,"date":"2021-07-21T10:46:45","date_gmt":"2021-07-21T08:46:45","guid":{"rendered":"https:\/\/illadelstrails.com\/?p=3283"},"modified":"2021-07-21T10:46:45","modified_gmt":"2021-07-21T08:46:45","slug":"hotel-jeni-de-es-mercadal-alojamiento-oficial","status":"publish","type":"post","link":"https:\/\/illadelstrails.com\/ca\/2021\/07\/21\/hotel-jeni-de-es-mercadal-alojamiento-oficial\/","title":{"rendered":"Hotel Jeni de Es Mercadal, alojamiento oficial"},"content":{"rendered":"<p>Estamos muy contentos de anunciar que el <a href=\"http:\/\/www.hoteljeni.com\/ca\/\">Hotel Jeni<\/a> ubicado en Es Mercadal, ser\u00e1 el alojamiento oficial para la Trail del Nord que se celebrar\u00e1 el 14 de noviembre en Menorca. La Trail del Nord es una de las pruebas nuevas de este proyecto Illa dels Trails que cuenta con el patrocinio de la Fundaci\u00f3 Foment del <a href=\"http:\/\/www.menorca.es\">Turisme de Menorca<\/a> y de la Agencia de Estrategia Tur\u00edstica de les Illes Balears, adem\u00e1s de la marca deportiva Sport HG.<\/p>\n<p>La Trail del Nord ofrece 3 distancias, 48KM, 26KM y 14KM, y la posibilidad de recorrer algunos tramos que no pertenecen al Cam\u00ed de Cavalls, descubriendo m\u00e1s zonas de Menorca.<\/p>\n<p>El Hotel Jeni, que cuenta con una ubicaci\u00f3n inmejorable para disfrutar de Menorca en un fin de semana, ofrecer\u00e1 un precio especial para los participantes de la Trail del Nord, adem\u00e1s de contar con recogida en el hotel rumbo a la salida de cada prueba, y servicio de retorno al hotel una vez acabada la carrera.<\/p>\n<p>Los precios por persona son:<\/p>\n<ul>\n<li>Habitaci\u00f3n Doble:\n<ul>\n<li>Alojamiento + Desayuno: 32 euros<\/li>\n<li>Adulto en Media Pensi\u00f3n: 45 euros<\/li>\n<li>Adulto en Pensi\u00f3n Completa: 57 euros<\/li>\n<\/ul>\n<\/li>\n<li>Habitaci\u00f3n Individual.\n<ul>\n<li>Alojamiento + Desayuno: 40 euros<\/li>\n<li>Adulto en Media Pensi\u00f3n: 53 euros<\/li>\n<li>Adulto en Pensi\u00f3n Completa: 65 euros<\/li>\n<\/ul>\n<\/li>\n<li>Descuento del 10% por pronto pago antes del 15\/10\/2021<\/li>\n<\/ul>\n","protected":false},"excerpt":{"rendered":"<p>Estamos muy contentos de anunciar que el Hotel Jeni ubicado en Es Mercadal, ser\u00e1 el alojamiento oficial para la Trail del Nord que se celebrar\u00e1 el 14 de noviembre en Menorca. La Trail del Nord es una de las pruebas nuevas de este proyecto Illa dels Trails que cuenta con el patrocinio de la Fundaci\u00f3 [&hellip;]<\/p>\n","protected":false},"author":2,"featured_media":3284,"comment_status":"open","ping_status":"open","sticky":false,"template":"","format":"standard","meta":{"spay_email":"","footnotes":""},"categories":[70],"tags":[75,72,71,73,77],"class_list":["post-3283","post","type-post","status-publish","format-standard","has-post-thumbnail","hentry","category-trail-del-nord","tag-cami-de-cavalls","tag-illa-dels-trails","tag-menorca","tag-sport-hg","tag-trail-dels-fars"],"acf":[],"jetpack_featured_media_url":"https:\/\/i0.wp.com\/illadelstrails.com\/wp-content\/uploads\/2021\/07\/Hotel-Nord.jpg?fit=1768%2C1768&ssl=1","jetpack-related-posts":[{"id":2810,"url":"https:\/\/illadelstrails.com\/ca\/2021\/03\/12\/la-marca-sport-hg-se-incorpora-a-lilla-dels-trails\/","url_meta":{"origin":3283,"position":0},"title":"La marca Sport HG se incorpora a l\u2019Illa dels Trails","date":"12 March, 2021","format":false,"excerpt":"La marca internacional de ropa t\u00e9cnica deportiva ser\u00e1 uno de los principales patrocinadores del circuito de pruebas que tendr\u00e1 lugar en Menorca a lo largo de 2021 El proyecto Illa dels Trails sigue creciendo de cara a un 2021 cargado de ilusi\u00f3n. La prestigiosa marca internacional de ropa t\u00e9cnica deportiva,\u2026","rel":"","context":"In &quot;October Trail&quot;","img":{"alt_text":"","src":"https:\/\/i0.wp.com\/illadelstrails.com\/wp-content\/uploads\/2021\/03\/CarlosLl\u00a9-1381-scaled.jpg?fit=1200%2C800&ssl=1&resize=350%2C200","width":350,"height":200},"classes":[]},{"id":3508,"url":"https:\/\/illadelstrails.com\/ca\/2021\/11\/11\/la-trail-del-nord-debuta-superando-los-700-inscritos-para-cerrar-la-liga-illa-dels-trails\/","url_meta":{"origin":3283,"position":1},"title":"La Trail del Nord debuta superant els 700 inscrits per a tancar la lliga Illa dels Trails","date":"11 November, 2021","format":false,"excerpt":"L'\u00faltima carrera tindr\u00e0 lloc aquest diumenge amb tres dist\u00e0ncies que acabaran totes en el Poliesportiu Municipal de\u00a0Fornells La primera edici\u00f3 de la lliga\u00a0Illa\u00a0dels\u00a0Trails\u00a0arriba aquest diumenge a la seva fi amb la disputa de la\u00a0Trail\u00a0del\u00a0Nord, una carrera que s'estrena a Menorca i que ha despertat l'inter\u00e8s de m\u00e9s de 700 participants\u2026","rel":"","context":"In &quot;Trail del Nord&quot;","img":{"alt_text":"","src":"https:\/\/i0.wp.com\/illadelstrails.com\/wp-content\/uploads\/2021\/11\/Presentacio.jpeg?fit=1024%2C768&ssl=1&resize=350%2C200","width":350,"height":200},"classes":[]},{"id":2734,"url":"https:\/\/illadelstrails.com\/ca\/2021\/02\/08\/la-trail-del-nord-una-novedad-para-la-illa-dels-trails\/","url_meta":{"origin":3283,"position":2},"title":"La Trail del Nord, una novedad para la Illa dels Trails","date":"8 February, 2021","format":false,"excerpt":"La prueba se disputar\u00e1 el 14 de noviembre con las distancias de 48KM, 26KM y 14KM Los amantes de Trail Run tendr\u00e1n una nueva ocasi\u00f3n para disfrutar de su deporte en Menorca merced a la Trail del Nord, una prueba que contar\u00e1 con las distancias de 48KM, 26KM y 14KM\u2026","rel":"","context":"In &quot;Trail del Nord&quot;","img":{"alt_text":"","src":"https:\/\/i0.wp.com\/illadelstrails.com\/wp-content\/uploads\/2020\/12\/Trail-dels-fars-2020-211.jpg?fit=1200%2C800&ssl=1&resize=350%2C200","width":350,"height":200},"classes":[]},{"id":5571,"url":"https:\/\/illadelstrails.com\/ca\/2024\/04\/09\/la-trail-del-nord-arranca-la-temporada-turistica-en-tirant-con-carreras-y-musica\/","url_meta":{"origin":3283,"position":3},"title":"La Trail del Nord inicia la temporada tur\u00edstica a Tirant amb curses i m\u00fasica","date":"9 April, 2024","format":false,"excerpt":"Aquest dissabte es disputaran les dist\u00e0ncies de 45KM, 24KM i 12KM, amb arribada al TRH Tirant Playa, i en acabar hi haur\u00e0 un concert de The Binigaus Band i una actuaci\u00f3 del DJ Juligan. La Trail del Nord tindr\u00e0, aquest dissabte, la responsabilitat d'obrir la temporada tur\u00edstica al TRH Tirant\u2026","rel":"","context":"In &quot;Trail del Nord&quot;","img":{"alt_text":"","src":"https:\/\/i0.wp.com\/illadelstrails.com\/wp-content\/uploads\/2024\/04\/Presentacio-Nord.jpeg?fit=1200%2C800&ssl=1&resize=350%2C200","width":350,"height":200},"classes":[]},{"id":4834,"url":"https:\/\/illadelstrails.com\/ca\/2023\/03\/29\/tirant-area-de-trail-running-con-mas-de-800-participantes-en-la-trail-del-nord\/","url_meta":{"origin":3283,"position":4},"title":"Tirant, \u00e0rea de trail running amb m\u00e9s de 800 participants en la Trail del Nord","date":"29 March, 2023","format":false,"excerpt":"TRH Tirant Platja ser\u00e0 l'epicentre de la tercera edici\u00f3 d'una carrera que te r\u00e8cord d'inscripci\u00f3 amb les seves tres dist\u00e0ncies La tercera edici\u00f3 de la Trail del Nord s'ha presentat aquest dimecres lluint el cartell de r\u00e8cord de participaci\u00f3 superant \u00e0mpliament les 800 persones i rondant els 900. Gaireb\u00e9 un\u2026","rel":"","context":"In &quot;Trail del Nord&quot;","img":{"alt_text":"","src":"https:\/\/i0.wp.com\/illadelstrails.com\/wp-content\/uploads\/2023\/03\/2.jpeg?fit=1024%2C768&ssl=1&resize=350%2C200","width":350,"height":200},"classes":[]},{"id":5384,"url":"https:\/\/illadelstrails.com\/ca\/2023\/12\/11\/la-trail-del-nord-abre-sus-inscripciones-apostando-por-el-concierto-al-final-de-la-carrera\/","url_meta":{"origin":3283,"position":5},"title":"La Trail del Nord obre les seves inscripcions amb un concert al final de la cursa","date":"11 December, 2023","format":false,"excerpt":"El dissabte 13 d'abril tindr\u00e0 lloc la segona cita de la Lliga Illa dels Trails amb les seves tres propostes de 45 km, 24 km i 12 km La Trail del Nord se celebrar\u00e0 el 13 d'abril de 2024, tot i que oficialment comen\u00e7a aquest dimarts, 12 de desembre, a\u2026","rel":"","context":"In &quot;Trail del Nord&quot;","img":{"alt_text":"","src":"https:\/\/i0.wp.com\/illadelstrails.com\/wp-content\/uploads\/2023\/12\/Cartell_Trail_Nord_2024_INSTA.jpg?fit=1200%2C1200&ssl=1&resize=350%2C200","width":350,"height":200},"classes":[]}],"_links":{"self":[{"href":"https:\/\/illadelstrails.com\/ca\/wp-json\/wp\/v2\/posts\/3283"}],"collection":[{"href":"https:\/\/illadelstrails.com\/ca\/wp-json\/wp\/v2\/posts"}],"about":[{"href":"https:\/\/illadelstrails.com\/ca\/wp-json\/wp\/v2\/types\/post"}],"author":[{"embeddable":true,"href":"https:\/\/illadelstrails.com\/ca\/wp-json\/wp\/v2\/users\/2"}],"replies":[{"embeddable":true,"href":"https:\/\/illadelstrails.com\/ca\/wp-json\/wp\/v2\/comments?post=3283"}],"version-history":[{"count":1,"href":"https:\/\/illadelstrails.com\/ca\/wp-json\/wp\/v2\/posts\/3283\/revisions"}],"predecessor-version":[{"id":3285,"href":"https:\/\/illadelstrails.com\/ca\/wp-json\/wp\/v2\/posts\/3283\/revisions\/3285"}],"wp:featuredmedia":[{"embeddable":true,"href":"https:\/\/illadelstrails.com\/ca\/wp-json\/wp\/v2\/media\/3284"}],"wp:attachment":[{"href":"https:\/\/illadelstrails.com\/ca\/wp-json\/wp\/v2\/media?parent=3283"}],"wp:term":[{"taxonomy":"category","embeddable":true,"href":"https:\/\/illadelstrails.com\/ca\/wp-json\/wp\/v2\/categories?post=3283"},{"taxonomy":"post_tag","embeddable":true,"href":"https:\/\/illadelstrails.com\/ca\/wp-json\/wp\/v2\/tags?post=3283"}],"curies":[{"name":"wp","href":"https:\/\/api.w.org\/{rel}","templated":true}]}}