{"id":3040,"date":"2021-07-01T11:20:03","date_gmt":"2021-07-01T09:20:03","guid":{"rendered":"https:\/\/illadelstrails.com\/?p=3040"},"modified":"2021-07-01T11:20:03","modified_gmt":"2021-07-01T09:20:03","slug":"la-october-trail-2021-abre-sus-inscripciones","status":"publish","type":"post","link":"https:\/\/illadelstrails.com\/ca\/2021\/07\/01\/la-october-trail-2021-abre-sus-inscripciones\/","title":{"rendered":"La October Trail 2021 abre sus inscripciones"},"content":{"rendered":"<h5>La carrera, que se disputar\u00e1 el 16 de octubre, contar\u00e1 con las distancias de 32KM, 19KM y 11KM con llegada en Cala\u2019n Bosch<\/h5>\n<p>La tercera edici\u00f3n de la October Trail ha abierto este 1 de julio las inscripciones para las tres distancias con las que contar\u00e1 para este s\u00e1bado, 16 de octubre de 2021. La prueba, que cuenta con el patrocinio de la Fundaci\u00f3 Foment del <a href=\"http:\/\/www.menorca.es\">Turisme de Menorca<\/a> y de la <a href=\"https:\/\/www.illesbalears.travel\/ca\/baleares\/\">Ag\u00e8ncia d\u2019Estrategia Tur\u00edstica de les Illes Balears,<\/a> ofrece la posibilidad de correr <strong>32KM, 19KM o 11KM.<\/strong> Adem\u00e1s, supone cronol\u00f3gicamente la cuarta cita de la liga Illa dels Trails que se organiza con la colaboraci\u00f3n de la marca deportiva Sport HG.<\/p>\n<p>La llegada de las <strong>tres carreras se har\u00e1 en la zona de Cala\u2019n Bosch, justo delante del Lago Resort Menorca.<\/strong> La de 32KM arrancar\u00e1 en Son Bou, mientras que la de 19KM lo har\u00e1 desde el parking de Cala Mitjana, y la de 11KM lo har\u00e1 desde el aparcamiento de Cala Turqueta.<\/p>\n<p>El primer tramo de inscripciones se ha abierto \u00fanicamente con la reserva de hotel ya que la organizaci\u00f3n, que <strong>corre a cargo de Biosport Menorca y Elitechip,<\/strong> est\u00e1 trabajando para que al acabar la carrera encontr\u00e9is una experiencia diferente y divertida, dentro de las posibilidades que nos permita la pandemia.<\/p>\n","protected":false},"excerpt":{"rendered":"<p>La carrera, que se disputar\u00e1 el 16 de octubre, contar\u00e1 con las distancias de 32KM, 19KM y 11KM con llegada en Cala\u2019n Bosch La tercera edici\u00f3n de la October Trail ha abierto este 1 de julio las inscripciones para las tres distancias con las que contar\u00e1 para este s\u00e1bado, 16 de octubre de 2021. La [&hellip;]<\/p>\n","protected":false},"author":2,"featured_media":3041,"comment_status":"open","ping_status":"open","sticky":false,"template":"","format":"standard","meta":{"spay_email":"","footnotes":""},"categories":[64],"tags":[75,72,71,73],"class_list":["post-3040","post","type-post","status-publish","format-standard","has-post-thumbnail","hentry","category-october-trail","tag-cami-de-cavalls","tag-illa-dels-trails","tag-menorca","tag-sport-hg"],"acf":[],"jetpack_featured_media_url":"https:\/\/i0.wp.com\/illadelstrails.com\/wp-content\/uploads\/2021\/07\/OctoberTrail-165-scaled.jpg?fit=2560%2C1707&ssl=1","jetpack-related-posts":[{"id":5887,"url":"https:\/\/illadelstrails.com\/ca\/2024\/10\/28\/calan-bosch-se-prepara-para-recibir-a-casi-2000-corredores-en-la-october-trail\/","url_meta":{"origin":3040,"position":0},"title":"Cala\u2019n Bosch es prepara per rebre gaireb\u00e9 2000 corredors a l&#8217;October Trail","date":"28 October, 2024","format":false,"excerpt":"La prova esportiva tancar\u00e0 aquest dissabte una nova edici\u00f3 de la Lliga Illa dels Trails amb r\u00e8cord de participaci\u00f3 en els 32KM, els 19KM i els 11KM. L'October Trail 2024 compta les hores perqu\u00e8 comenci l'edici\u00f3 m\u00e9s concorreguda de la seva hist\u00f2ria. La prova, que tamb\u00e9 ser\u00e0 l'encarregada de tancar\u2026","rel":"","context":"In &quot;October Trail&quot;","img":{"alt_text":"","src":"https:\/\/i0.wp.com\/illadelstrails.com\/wp-content\/uploads\/2024\/10\/Presentacion.jpg?fit=1200%2C900&ssl=1&resize=350%2C200","width":350,"height":200},"classes":[]},{"id":6378,"url":"https:\/\/illadelstrails.com\/ca\/2025\/11\/13\/la-october-trail-menorca-y-sus-2-000-inscritos-preparados-para-cerrar-la-illa-dels-trails\/","url_meta":{"origin":3040,"position":1},"title":"L\u2019October Trail Menorca i els seus 2.000 inscrits, preparats per tancar l\u2019Illa dels Trails","date":"13 November, 2025","format":false,"excerpt":"L\u2019\u00faltima cita de la lliga arriba aquest dissabte amb r\u00e8cord de participaci\u00f3 general i amb m\u00e9s d\u2019un 40% de corredores, una xifra entre les m\u00e9s altes de les Illes Balears. \u00a0 La setena edici\u00f3 de l\u2019October Trail Menorca ha comen\u00e7at a rodar aquest dijous amb la presentaci\u00f3 d\u2019una cursa que\u2026","rel":"","context":"In &quot;October Trail&quot;","img":{"alt_text":"","src":"https:\/\/i0.wp.com\/illadelstrails.com\/wp-content\/uploads\/2025\/11\/Presentacio.jpeg?fit=1200%2C782&ssl=1&resize=350%2C200","width":350,"height":200},"classes":[]},{"id":1885,"url":"https:\/\/illadelstrails.com\/ca\/2020\/12\/23\/la-covid19-obliga-a-cancelar-las-distancias-de-11km-y-19km-de-la-october-trail-menorca\/","url_meta":{"origin":3040,"position":2},"title":"La COVID19 obliga a cancelar las distancias de 11KM y 19KM de la October Trail Menorca","date":"23 December, 2020","format":false,"excerpt":"La situacio\u0301n actual en relacio\u0301n a la pandemia motiva una decisio\u0301n que, aunque difi\u0301cil, sigue la normativa marcada por el Govern Balear La segunda edicio\u0301n de la October Trail Menorca solamente contara\u0301 con la prueba de los 32KM. La actual situacio\u0301n con relacio\u0301n a la COVID19 ligada a las normas\u2026","rel":"","context":"In &quot;October Trail&quot;","img":{"alt_text":"","src":"https:\/\/i0.wp.com\/illadelstrails.com\/wp-content\/uploads\/2020\/12\/noticia_1-1.jpg?fit=1024%2C641&ssl=1&resize=350%2C200","width":350,"height":200},"classes":[]},{"id":4703,"url":"https:\/\/illadelstrails.com\/ca\/2023\/02\/08\/la-trail-dels-fars-nocturna-abre-sus-inscripciones-y-regresa-a-menorca-el-16-de-septiembre\/","url_meta":{"origin":3040,"position":3},"title":"La Trail dels Fars Nocturna obre les seves inscripcions i torna a Menorca el 16 de setembre","date":"8 February, 2023","format":false,"excerpt":"La carrera, que ser\u00e0 la tercera cita de la lliga Illa dels Trails, comptar\u00e0 amb les dist\u00e0ncies de 23KM i de 13KM entre el far de Favaritx i la Base Militar de San Isidro La tercera parada de la lliga Illa dels Trails que es disputa a Menorca tindr\u00e0 la\u2026","rel":"","context":"In &quot;Trail Nocturna&quot;","img":{"alt_text":"","src":"https:\/\/i0.wp.com\/illadelstrails.com\/wp-content\/uploads\/2023\/02\/TrailNocturna2022-098-scaled.jpg?fit=1200%2C800&ssl=1&resize=350%2C200","width":350,"height":200},"classes":[]},{"id":2810,"url":"https:\/\/illadelstrails.com\/ca\/2021\/03\/12\/la-marca-sport-hg-se-incorpora-a-lilla-dels-trails\/","url_meta":{"origin":3040,"position":4},"title":"La marca Sport HG se incorpora a l\u2019Illa dels Trails","date":"12 March, 2021","format":false,"excerpt":"La marca internacional de ropa t\u00e9cnica deportiva ser\u00e1 uno de los principales patrocinadores del circuito de pruebas que tendr\u00e1 lugar en Menorca a lo largo de 2021 El proyecto Illa dels Trails sigue creciendo de cara a un 2021 cargado de ilusi\u00f3n. La prestigiosa marca internacional de ropa t\u00e9cnica deportiva,\u2026","rel":"","context":"In &quot;October Trail&quot;","img":{"alt_text":"","src":"https:\/\/i0.wp.com\/illadelstrails.com\/wp-content\/uploads\/2021\/03\/CarlosLl\u00a9-1381-scaled.jpg?fit=1200%2C800&ssl=1&resize=350%2C200","width":350,"height":200},"classes":[]},{"id":6381,"url":"https:\/\/illadelstrails.com\/ca\/2025\/11\/13\/coral-velilla-y-xavi-villalonga-vencen-en-una-calurosa-y-concurrida-edicion-de-la-october-trail-menorca\/","url_meta":{"origin":3040,"position":5},"title":"Coral Velilla i Xavi Villalonga, vencedors en una edici\u00f3 calorosa i multitudin\u00e0ria de l\u2019October Trail Menorca","date":"13 November, 2025","format":false,"excerpt":"La cita esportiva va congregar uns 2.000 participants, amb vict\u00f2ries de Joana Chac\u00f3n i el menorqu\u00ed Marc L\u00f3pez als 19KM i d\u2019Asmaa Zammou i Manu Dom\u00ednguez als 11KM \u00a0 La setena edici\u00f3 de l\u2019October Trail Menorca va abaixar el tel\u00f3 a una de les seves edicions m\u00e9s caloroses que es\u2026","rel":"","context":"In &quot;October Trail&quot;","img":{"alt_text":"","src":"https:\/\/i0.wp.com\/illadelstrails.com\/wp-content\/uploads\/2025\/11\/OCTOBER-TRAIL-MENORCA-2025-164516-scaled.jpg?fit=1200%2C799&ssl=1&resize=350%2C200","width":350,"height":200},"classes":[]}],"_links":{"self":[{"href":"https:\/\/illadelstrails.com\/ca\/wp-json\/wp\/v2\/posts\/3040"}],"collection":[{"href":"https:\/\/illadelstrails.com\/ca\/wp-json\/wp\/v2\/posts"}],"about":[{"href":"https:\/\/illadelstrails.com\/ca\/wp-json\/wp\/v2\/types\/post"}],"author":[{"embeddable":true,"href":"https:\/\/illadelstrails.com\/ca\/wp-json\/wp\/v2\/users\/2"}],"replies":[{"embeddable":true,"href":"https:\/\/illadelstrails.com\/ca\/wp-json\/wp\/v2\/comments?post=3040"}],"version-history":[{"count":1,"href":"https:\/\/illadelstrails.com\/ca\/wp-json\/wp\/v2\/posts\/3040\/revisions"}],"predecessor-version":[{"id":3042,"href":"https:\/\/illadelstrails.com\/ca\/wp-json\/wp\/v2\/posts\/3040\/revisions\/3042"}],"wp:featuredmedia":[{"embeddable":true,"href":"https:\/\/illadelstrails.com\/ca\/wp-json\/wp\/v2\/media\/3041"}],"wp:attachment":[{"href":"https:\/\/illadelstrails.com\/ca\/wp-json\/wp\/v2\/media?parent=3040"}],"wp:term":[{"taxonomy":"category","embeddable":true,"href":"https:\/\/illadelstrails.com\/ca\/wp-json\/wp\/v2\/categories?post=3040"},{"taxonomy":"post_tag","embeddable":true,"href":"https:\/\/illadelstrails.com\/ca\/wp-json\/wp\/v2\/tags?post=3040"}],"curies":[{"name":"wp","href":"https:\/\/api.w.org\/{rel}","templated":true}]}}