{"id":2992,"date":"2021-04-25T18:48:41","date_gmt":"2021-04-25T16:48:41","guid":{"rendered":"https:\/\/illadelstrails.com\/?p=2992"},"modified":"2021-04-25T18:50:45","modified_gmt":"2021-04-25T16:50:45","slug":"joan-florit-y-maria-pallicer-reyes-de-baleares","status":"publish","type":"post","link":"https:\/\/illadelstrails.com\/ca\/2021\/04\/25\/joan-florit-y-maria-pallicer-reyes-de-baleares\/","title":{"rendered":"Joan Florit y Maria Pallicer, reyes de Baleares"},"content":{"rendered":"<h5 style=\"text-align: center;\"><em>Los corredores de Alaior y Ferreries ti\u00f1en de acento menorqu\u00edn la Trail dels Fars, tambi\u00e9n el campeonato balear de Trail Running.<\/em><\/h5>\n<p>Joan Florit y Maria Pallicer. Maria Pallicer y Joan Florit. El trail run en Menorca no tiene a d\u00eda de hoy otros protagonistas que los dos corredores que impusieron su ley en la octava edici\u00f3n de la <a href=\"http:\/\/www.illadelstrails.com\">Trail dels Fars<\/a> alz\u00e1ndose <a href=\"https:\/\/www.elitechip.net\/index.php?zwshow=compdet&amp;idcomp=7011172\">adem\u00e1s como campeones de Baleares de Trail Running.<\/a> Florit y Pallicer le robaron protagonismo al sol que peg\u00f3 con fuerza y condicion\u00f3 una Trail dels Fars que cuenta con el patrocinio de la<a href=\"http:\/\/www.menorca.es\"> Fundaci\u00f3 Foment de Turisme de Menorca,<\/a> de Sport HG, y la organizaci\u00f3n de Elitechip y de Biosport Menorca.<\/p>\n<p>Los 46 kil\u00f3metros de la Trail dels Fars fueron el gran reclamo de un domingo donde el calor condicion\u00f3 el rendimiento de los participantes, no as\u00ed de los dos ganadores, que cruzaron la l\u00ednea de meta con holgura. Florit protagoniz\u00f3 una lucha preciosa con el ibicenco William Aveiro, una carrera muy disputada en la que compartieron la primera plaza hasta Punta Nati, a siete kil\u00f3metros de meta, cuando Florit, ya en el asfalto, asest\u00f3 el golpe definitivo a la carrera llev\u00e1ndose el triunfo. El menorqu\u00edn entr\u00f3 en meta con un tiempo de 3:26:50 con cuatro minutos de ventaja sobre Aveiro. El podio lo complet\u00f3 Guiem Dur\u00e1n, ganador siete d\u00edas atr\u00e1s de la Media Marat\u00f3 de Fornells, con un tiempo de 3:39:31.<\/p>\n<p>En mujeres, nuevo recital de Maria Pallicer qui\u00e9n domin\u00f3 de principio a fin en una competici\u00f3n que conoce a la perfecci\u00f3n. La de Ferreries tom\u00f3 la iniciativa de forma s\u00f3lida desde el primer momento de carrera, en la salida del Far de Cavalleria, y desmarc\u00e1ndose de Malen Barcelo. La primera entr\u00f3 con un tiempo de 4:20:49, mientras que la mallorquina cruz\u00f3 la l\u00ednea de meta con 4:24:48, por delante de la ciutadellenca Mari All\u00e9s, qui\u00e9n acab\u00f3 con 4:42:03.<\/p>\n<p>En la media marat\u00f3n, las victorias recayeron en las piernas del alaiorense Sergi Reurer (1:28:56) y de Ana Bueno (1:55:48). Fue una carrera r\u00e1pida donde Dani P\u00e9rez logr\u00f3 mantener la estela de Reurer hasta el tramo final, entrando a meta con un tiempo de 1:29:03, a solo 7 segundos, mientras que Javier Sintes entr\u00f3 tercero con un tiempo de 1:30:22 segundos.<\/p>\n<p>En mujeres, la victoria de Bueno estuvo acompa\u00f1ada por el segundo lugar de una gran Mari Mart\u00ednez (1:58:19) y del bronce para Nuria Femenias (2:02:42) que fue capaz de arrebatarle a Clara Salord en los instantes finales.<\/p>\n<p>En la trail popular, gran triunfo del joven Enric Pons, al recorrer los 12 kil\u00f3metros entre Son Morell y Ciutadella con un tiempo de 47:43. Fue un triunfo muy ajustado ya que solo le separaron 3 segundos del segundo clasificado, Tomeu Salord. Juan D\u00edaz complet\u00f3 el podio entrando tercero con un tiempo de 48:37.<\/p>\n<p>En mujeres, victoria sin paliativos de Melody Brown, \u00fanica corredora capaz de bajar de los 60 minutos, al entrar en meta con un tiempo de 58:56. Le acompa\u00f1aron en el podio Antonia Pons (1:02:14) y Katia Sintes (1:04:25).<\/p>\n<p>A medida que se fueron completando los podios se fueron entregando los trofeos en un acto que cont\u00f3 con la presencia de la alcaldesa de Ciutadella, Joana Gomila, el conseller de Deportes, Miquel \u00c0ngel Maria y la directora insular de Promoci\u00f3n Tur\u00edstica, Laura Ruiz. Adem\u00e1s, el regidor de Deportes des Mercadal, Javier Peri\u00e1\u00f1ez, presidi\u00f3 la salida de la prueba de 46 kil\u00f3metros en el faro de Cavalleria.<\/p>\n<p><img loading=\"lazy\" decoding=\"async\" class=\"alignnone size-medium wp-image-2995\" src=\"https:\/\/i0.wp.com\/illadelstrails.com\/wp-content\/uploads\/2021\/04\/WhatsApp-Image-2021-04-25-at-14.51.01-1.jpeg?resize=300%2C200&#038;ssl=1\" alt=\"\" width=\"300\" height=\"200\" srcset=\"https:\/\/i0.wp.com\/illadelstrails.com\/wp-content\/uploads\/2021\/04\/WhatsApp-Image-2021-04-25-at-14.51.01-1.jpeg?resize=300%2C200&amp;ssl=1 300w, https:\/\/i0.wp.com\/illadelstrails.com\/wp-content\/uploads\/2021\/04\/WhatsApp-Image-2021-04-25-at-14.51.01-1.jpeg?resize=1024%2C682&amp;ssl=1 1024w, https:\/\/i0.wp.com\/illadelstrails.com\/wp-content\/uploads\/2021\/04\/WhatsApp-Image-2021-04-25-at-14.51.01-1.jpeg?resize=768%2C512&amp;ssl=1 768w, https:\/\/i0.wp.com\/illadelstrails.com\/wp-content\/uploads\/2021\/04\/WhatsApp-Image-2021-04-25-at-14.51.01-1.jpeg?resize=1536%2C1023&amp;ssl=1 1536w, https:\/\/i0.wp.com\/illadelstrails.com\/wp-content\/uploads\/2021\/04\/WhatsApp-Image-2021-04-25-at-14.51.01-1.jpeg?w=1600&amp;ssl=1 1600w\" sizes=\"(max-width: 300px) 100vw, 300px\" data-recalc-dims=\"1\" \/> <img loading=\"lazy\" decoding=\"async\" class=\"alignnone size-medium wp-image-2996\" src=\"https:\/\/i0.wp.com\/illadelstrails.com\/wp-content\/uploads\/2021\/04\/WhatsApp-Image-2021-04-25-at-14.51.03.jpeg?resize=300%2C200&#038;ssl=1\" alt=\"\" width=\"300\" height=\"200\" srcset=\"https:\/\/i0.wp.com\/illadelstrails.com\/wp-content\/uploads\/2021\/04\/WhatsApp-Image-2021-04-25-at-14.51.03.jpeg?resize=300%2C200&amp;ssl=1 300w, https:\/\/i0.wp.com\/illadelstrails.com\/wp-content\/uploads\/2021\/04\/WhatsApp-Image-2021-04-25-at-14.51.03.jpeg?resize=1024%2C682&amp;ssl=1 1024w, https:\/\/i0.wp.com\/illadelstrails.com\/wp-content\/uploads\/2021\/04\/WhatsApp-Image-2021-04-25-at-14.51.03.jpeg?resize=768%2C512&amp;ssl=1 768w, https:\/\/i0.wp.com\/illadelstrails.com\/wp-content\/uploads\/2021\/04\/WhatsApp-Image-2021-04-25-at-14.51.03.jpeg?resize=1536%2C1023&amp;ssl=1 1536w, https:\/\/i0.wp.com\/illadelstrails.com\/wp-content\/uploads\/2021\/04\/WhatsApp-Image-2021-04-25-at-14.51.03.jpeg?w=1600&amp;ssl=1 1600w\" sizes=\"(max-width: 300px) 100vw, 300px\" data-recalc-dims=\"1\" \/><\/p>\n","protected":false},"excerpt":{"rendered":"<p>Los corredores de Alaior y Ferreries ti\u00f1en de acento menorqu\u00edn la Trail dels Fars, tambi\u00e9n el campeonato balear de Trail Running. Joan Florit y Maria Pallicer. Maria Pallicer y Joan Florit. El trail run en Menorca no tiene a d\u00eda de hoy otros protagonistas que los dos corredores que impusieron su ley en la octava [&hellip;]<\/p>\n","protected":false},"author":2,"featured_media":2993,"comment_status":"open","ping_status":"open","sticky":false,"template":"","format":"standard","meta":{"spay_email":"","footnotes":""},"categories":[61],"tags":[75,72,71,73,77,74],"class_list":["post-2992","post","type-post","status-publish","format-standard","has-post-thumbnail","hentry","category-trail-dels-fars","tag-cami-de-cavalls","tag-illa-dels-trails","tag-menorca","tag-sport-hg","tag-trail-dels-fars","tag-trail-run"],"acf":[],"jetpack_featured_media_url":"https:\/\/i0.wp.com\/illadelstrails.com\/wp-content\/uploads\/2021\/04\/WhatsApp-Image-2021-04-25-at-14.51.01.jpeg?fit=1600%2C1066&ssl=1","jetpack-related-posts":[{"id":2810,"url":"https:\/\/illadelstrails.com\/ca\/2021\/03\/12\/la-marca-sport-hg-se-incorpora-a-lilla-dels-trails\/","url_meta":{"origin":2992,"position":0},"title":"La marca Sport HG se incorpora a l\u2019Illa dels Trails","date":"12 March, 2021","format":false,"excerpt":"La marca internacional de ropa t\u00e9cnica deportiva ser\u00e1 uno de los principales patrocinadores del circuito de pruebas que tendr\u00e1 lugar en Menorca a lo largo de 2021 El proyecto Illa dels Trails sigue creciendo de cara a un 2021 cargado de ilusi\u00f3n. La prestigiosa marca internacional de ropa t\u00e9cnica deportiva,\u2026","rel":"","context":"In &quot;October Trail&quot;","img":{"alt_text":"","src":"https:\/\/i0.wp.com\/illadelstrails.com\/wp-content\/uploads\/2021\/03\/CarlosLl\u00a9-1381-scaled.jpg?fit=1200%2C800&ssl=1&resize=350%2C200","width":350,"height":200},"classes":[]},{"id":1594,"url":"https:\/\/illadelstrails.com\/ca\/2020\/12\/22\/ensenyat-y-diez-triunfan-en-la-trail-dels-fars\/","url_meta":{"origin":2992,"position":1},"title":"Ensenyat y Diez, triunfan en la Trail dels Fars","date":"22 December, 2020","format":false,"excerpt":"El mallorqu\u00edn aprovecha un despiste en los \u00faltimos metros del menorqu\u00edn Joan Florit y la catalana no encuentra rival en los 44 kil\u00f3metros La s\u00e9ptima edici\u00f3n de la Trail dels Fars coron\u00f3 al mallorqu\u00edn Miquel Ensenyat y a la catalana Laia Diez como ganadores de la distancia reina, en un\u2026","rel":"","context":"In &quot;Trail dels Fars&quot;","img":{"alt_text":"","src":"https:\/\/i0.wp.com\/illadelstrails.com\/wp-content\/uploads\/2020\/12\/noticia_2.jpg?fit=1200%2C752&ssl=1&resize=350%2C200","width":350,"height":200},"classes":[]},{"id":2985,"url":"https:\/\/illadelstrails.com\/ca\/2021\/04\/24\/ramis-benavides-moreno-y-pons-primeros-protagonistas-de-la-trail-dels-fars\/","url_meta":{"origin":2992,"position":2},"title":"Ramis, Ben\u00e1vides, Moreno y Pons, primeros protagonistas de la Trail dels Fars","date":"24 April, 2021","format":false,"excerpt":"La victoria de los 21 kil\u00f3metros cae en manos de los mallorquines Dami\u00e0 Ramis y Victoria Ben\u00e1vides, mientras que en la Cursa Popular triunfos locales para Joan Moreno y Bea Pons. La octava edici\u00f3n de la Trail dels Fars conoci\u00f3 este s\u00e1bado a sus primeros ganadores y ganadoras, en las\u2026","rel":"","context":"In &quot;Trail dels Fars&quot;","img":{"alt_text":"","src":"https:\/\/i0.wp.com\/illadelstrails.com\/wp-content\/uploads\/2021\/04\/odi-Masc-scaled.jpg?fit=1200%2C800&ssl=1&resize=350%2C200","width":350,"height":200},"classes":[]},{"id":3328,"url":"https:\/\/illadelstrails.com\/ca\/2021\/09\/27\/florit-i-alles-estrelles-brillants-en-mao\/","url_meta":{"origin":2992,"position":3},"title":"Florit i All\u00e8s, estrelles brillants en Ma\u00f3","date":"27 September, 2021","format":false,"excerpt":"Els dos corredors s\u2019emporten el triomf als 21 quil\u00f2metres de la Trail dels Fars Nocturna, mentre que Isabella Orellana i Tomeu Salord, s\u2019imposen als 13 quil\u00f2metres Nit d'estrelles i de calor la que es va viure aquest dissabte en la segona edici\u00f3 de la Trail dels Fars Nocturna, tercera prova\u2026","rel":"","context":"In &quot;Trail Nocturna&quot;","img":{"alt_text":"","src":"https:\/\/i0.wp.com\/illadelstrails.com\/wp-content\/uploads\/2021\/09\/WhatsApp-Image-2021-09-26-at-10.03.46.jpeg?fit=1200%2C800&ssl=1&resize=350%2C200","width":350,"height":200},"classes":[]},{"id":2981,"url":"https:\/\/illadelstrails.com\/ca\/2021\/04\/20\/la-trail-dels-fars-mas-especial-a-punto\/","url_meta":{"origin":2992,"position":4},"title":"La Trail dels Fars m\u00e1s especial, a punto","date":"20 April, 2021","format":false,"excerpt":"La prueba, que forma parte de la lliga Illa dels Trails, se disputar\u00e1 el s\u00e1bado y el domingo con un total de cinco carreras con los 46 kil\u00f3metros como campeonato de Baleares La octava edici\u00f3n de la Trail dels Fars vivir\u00e1 este fin de semana su edici\u00f3n m\u00e1s diferente, ya\u2026","rel":"","context":"In &quot;Trail dels Fars&quot;","img":{"alt_text":"","src":"https:\/\/i0.wp.com\/illadelstrails.com\/wp-content\/uploads\/2021\/04\/IMG_9448.jpg?fit=1200%2C900&ssl=1&resize=350%2C200","width":350,"height":200},"classes":[]},{"id":3513,"url":"https:\/\/illadelstrails.com\/ca\/2021\/11\/14\/alles-y-florit-reinan-en-el-norte-y-en-la-liga-illa-dels-trails\/","url_meta":{"origin":2992,"position":5},"title":"All\u00e9s i Florit regnen al Nord i en la lliga Illa dels Trails","date":"14 November, 2021","format":false,"excerpt":"Els dos corredors compleixen amb la seva condici\u00f3 de favorits per a emportar-se la vict\u00f2ria a\u00a0Fornells\u00a0i el premi d'ambaixadors de la marca\u00a0Sport\u00a0HG\u00a0durant l'any 2022 L'\u00fanica cosa que li feia falta a la primera edici\u00f3 de la lliga\u00a0Illa\u00a0dels\u00a0Trails\u00a0era una jornada \u00e8pica com la que va fer aquest diumenge a Menorca amb\u2026","rel":"","context":"In &quot;Trail del Nord&quot;","img":{"alt_text":"","src":"https:\/\/i0.wp.com\/illadelstrails.com\/wp-content\/uploads\/2021\/11\/22.jpeg?fit=1200%2C800&ssl=1&resize=350%2C200","width":350,"height":200},"classes":[]}],"_links":{"self":[{"href":"https:\/\/illadelstrails.com\/ca\/wp-json\/wp\/v2\/posts\/2992"}],"collection":[{"href":"https:\/\/illadelstrails.com\/ca\/wp-json\/wp\/v2\/posts"}],"about":[{"href":"https:\/\/illadelstrails.com\/ca\/wp-json\/wp\/v2\/types\/post"}],"author":[{"embeddable":true,"href":"https:\/\/illadelstrails.com\/ca\/wp-json\/wp\/v2\/users\/2"}],"replies":[{"embeddable":true,"href":"https:\/\/illadelstrails.com\/ca\/wp-json\/wp\/v2\/comments?post=2992"}],"version-history":[{"count":3,"href":"https:\/\/illadelstrails.com\/ca\/wp-json\/wp\/v2\/posts\/2992\/revisions"}],"predecessor-version":[{"id":2998,"href":"https:\/\/illadelstrails.com\/ca\/wp-json\/wp\/v2\/posts\/2992\/revisions\/2998"}],"wp:featuredmedia":[{"embeddable":true,"href":"https:\/\/illadelstrails.com\/ca\/wp-json\/wp\/v2\/media\/2993"}],"wp:attachment":[{"href":"https:\/\/illadelstrails.com\/ca\/wp-json\/wp\/v2\/media?parent=2992"}],"wp:term":[{"taxonomy":"category","embeddable":true,"href":"https:\/\/illadelstrails.com\/ca\/wp-json\/wp\/v2\/categories?post=2992"},{"taxonomy":"post_tag","embeddable":true,"href":"https:\/\/illadelstrails.com\/ca\/wp-json\/wp\/v2\/tags?post=2992"}],"curies":[{"name":"wp","href":"https:\/\/api.w.org\/{rel}","templated":true}]}}