{"id":2985,"date":"2021-04-24T19:49:30","date_gmt":"2021-04-24T17:49:30","guid":{"rendered":"https:\/\/illadelstrails.com\/?p=2985"},"modified":"2021-04-24T19:49:30","modified_gmt":"2021-04-24T17:49:30","slug":"ramis-benavides-moreno-y-pons-primeros-protagonistas-de-la-trail-dels-fars","status":"publish","type":"post","link":"https:\/\/illadelstrails.com\/ca\/2021\/04\/24\/ramis-benavides-moreno-y-pons-primeros-protagonistas-de-la-trail-dels-fars\/","title":{"rendered":"Ramis, Ben\u00e1vides, Moreno y Pons, primeros protagonistas de la Trail dels Fars"},"content":{"rendered":"<h5><em>La victoria de los 21 kil\u00f3metros cae en manos de los mallorquines Dami\u00e0 Ramis y Victoria Ben\u00e1vides, mientras que en la Cursa Popular triunfos locales para Joan Moreno y Bea Pons.<\/em><\/h5>\n<p>La octava edici\u00f3n de la Trail dels Fars conoci\u00f3 este s\u00e1bado a sus primeros ganadores y ganadoras, en las modalidades de 21 kil\u00f3metros y 12 kil\u00f3metros disputadas en Ciutadella. La prueba, que cuenta con el patrocinio de la Fundaci\u00f3 Foment de Turisme de Menorca y la colaboraci\u00f3n de Sport HG con la organizaci\u00f3n de Biosport Menorca y Elitechip, llen\u00f3 de color y de buen ambiente el tramo de Cam\u00ed de Cavalls que une La Vall y Faro Nati. Dami\u00e0 Ramis y Victoria Ben\u00e1vides, en Media Marat\u00f3n, y Juan Moreno y Bea Pons, en la Cursa Popular, fueron los primeros protagonistas de un fin de semana deportivo que se completar\u00e1 este domingo con la disputa de los 46 kil\u00f3metros de la marat\u00f3n que servir\u00e1 adem\u00e1s como campeonato de Baleares.<\/p>\n<p>A las 15 horas arrancaron las dos carreras en Son Morell y La Vall. En la media marat\u00f3n, Dami\u00e0 Ramis justific\u00f3 su condici\u00f3n de favorito al imponerse con un tiempo de 1:22:35 por delante del triatleta Guillem Tomeu Vadell (1:25:21) y de Carles Lobo, que cerr\u00f3 el podio con 1:34:38.<\/p>\n<p>En mujeres, Ben\u00e1vides fue la m\u00e1s r\u00e1pida en llegar a meta, en la Piscina Municipal de Ciutadella, al cruzar el arco con un tiempo de 1:58:47, la \u00fanica mujer en bajar de las dos horas. Marga Roig fue segunda con un tiempo de 2:00:05 por delante de Carla Bertarini, que acab\u00f3 con 2:02:14.<\/p>\n<p>En la carrera popular, victoria local en las dos categor\u00edas, Moreno se impuso en 44:31 y la jugadora de v\u00f3ley, Bea Pons, lo hizo en f\u00e9minas con un crono de 1:02:51. Pau Pons (47:36) y Samuel Gil (49:49) completaron el podio masculino mientras que Xesca Rado (1:02:54) y Maria Janer (1:03:15) lo hicieron en mujeres.<\/p>\n<p>La regidora de Deportes del ayuntamiento de Ciutadella, Sandra Moll, presidi\u00f3 la entrega de trofeos, que se dio en la misma zona de meta.<\/p>\n<p><img loading=\"lazy\" decoding=\"async\" class=\"alignnone size-medium wp-image-2987\" src=\"https:\/\/i0.wp.com\/illadelstrails.com\/wp-content\/uploads\/2021\/04\/WhatsApp-Image-2021-04-24-at-19.03.05.jpeg?resize=300%2C169&#038;ssl=1\" alt=\"\" width=\"300\" height=\"169\" srcset=\"https:\/\/i0.wp.com\/illadelstrails.com\/wp-content\/uploads\/2021\/04\/WhatsApp-Image-2021-04-24-at-19.03.05.jpeg?resize=300%2C169&amp;ssl=1 300w, https:\/\/i0.wp.com\/illadelstrails.com\/wp-content\/uploads\/2021\/04\/WhatsApp-Image-2021-04-24-at-19.03.05.jpeg?resize=768%2C432&amp;ssl=1 768w, https:\/\/i0.wp.com\/illadelstrails.com\/wp-content\/uploads\/2021\/04\/WhatsApp-Image-2021-04-24-at-19.03.05.jpeg?w=1024&amp;ssl=1 1024w\" sizes=\"(max-width: 300px) 100vw, 300px\" data-recalc-dims=\"1\" \/><\/p>\n","protected":false},"excerpt":{"rendered":"<p>La victoria de los 21 kil\u00f3metros cae en manos de los mallorquines Dami\u00e0 Ramis y Victoria Ben\u00e1vides, mientras que en la Cursa Popular triunfos locales para Joan Moreno y Bea Pons. La octava edici\u00f3n de la Trail dels Fars conoci\u00f3 este s\u00e1bado a sus primeros ganadores y ganadoras, en las modalidades de 21 kil\u00f3metros y [&hellip;]<\/p>\n","protected":false},"author":2,"featured_media":2986,"comment_status":"open","ping_status":"open","sticky":false,"template":"","format":"standard","meta":{"spay_email":"","footnotes":""},"categories":[61],"tags":[75,72,71,73,77],"class_list":["post-2985","post","type-post","status-publish","format-standard","has-post-thumbnail","hentry","category-trail-dels-fars","tag-cami-de-cavalls","tag-illa-dels-trails","tag-menorca","tag-sport-hg","tag-trail-dels-fars"],"acf":[],"jetpack_featured_media_url":"https:\/\/i0.wp.com\/illadelstrails.com\/wp-content\/uploads\/2021\/04\/odi-Masc-scaled.jpg?fit=2560%2C1707&ssl=1","jetpack-related-posts":[{"id":2992,"url":"https:\/\/illadelstrails.com\/ca\/2021\/04\/25\/joan-florit-y-maria-pallicer-reyes-de-baleares\/","url_meta":{"origin":2985,"position":0},"title":"Joan Florit y Maria Pallicer, reyes de Baleares","date":"25 April, 2021","format":false,"excerpt":"Los corredores de Alaior y Ferreries ti\u00f1en de acento menorqu\u00edn la Trail dels Fars, tambi\u00e9n el campeonato balear de Trail Running. Joan Florit y Maria Pallicer. Maria Pallicer y Joan Florit. El trail run en Menorca no tiene a d\u00eda de hoy otros protagonistas que los dos corredores que impusieron\u2026","rel":"","context":"In &quot;Trail dels Fars&quot;","img":{"alt_text":"","src":"https:\/\/i0.wp.com\/illadelstrails.com\/wp-content\/uploads\/2021\/04\/WhatsApp-Image-2021-04-25-at-14.51.01.jpeg?fit=1200%2C800&ssl=1&resize=350%2C200","width":350,"height":200},"classes":[]},{"id":2489,"url":"https:\/\/illadelstrails.com\/ca\/2020\/12\/29\/ramis-y-orives-iluminan-la-trail-dels-fars-nocturna\/","url_meta":{"origin":2985,"position":1},"title":"Ramis y Orives iluminan la Trail dels Fars nocturna","date":"29 December, 2020","format":false,"excerpt":"Los dos corredores se imponen en los 21 kil\u00f3metros mientras que Xavi Sintes y Mari All\u00e8s hacen lo propio en los 10 kil\u00f3metros. La primera edici\u00f3n de la Trail dels Fars Nocturna ya tiene sus estrellas particulares. El mallorqu\u00edn Dami\u00e0 Ramis y la menorquina Marta Orives fueron los m\u00e1s r\u00e1pidos\u2026","rel":"","context":"In &quot;Trail Nocturna&quot;","img":{"alt_text":"","src":"https:\/\/i0.wp.com\/illadelstrails.com\/wp-content\/uploads\/2020\/12\/noticia_3-1.jpg?fit=1024%2C641&ssl=1&resize=350%2C200","width":350,"height":200},"classes":[]},{"id":2810,"url":"https:\/\/illadelstrails.com\/ca\/2021\/03\/12\/la-marca-sport-hg-se-incorpora-a-lilla-dels-trails\/","url_meta":{"origin":2985,"position":2},"title":"La marca Sport HG se incorpora a l\u2019Illa dels Trails","date":"12 March, 2021","format":false,"excerpt":"La marca internacional de ropa t\u00e9cnica deportiva ser\u00e1 uno de los principales patrocinadores del circuito de pruebas que tendr\u00e1 lugar en Menorca a lo largo de 2021 El proyecto Illa dels Trails sigue creciendo de cara a un 2021 cargado de ilusi\u00f3n. La prestigiosa marca internacional de ropa t\u00e9cnica deportiva,\u2026","rel":"","context":"In &quot;October Trail&quot;","img":{"alt_text":"","src":"https:\/\/i0.wp.com\/illadelstrails.com\/wp-content\/uploads\/2021\/03\/CarlosLl\u00a9-1381-scaled.jpg?fit=1200%2C800&ssl=1&resize=350%2C200","width":350,"height":200},"classes":[]},{"id":5738,"url":"https:\/\/illadelstrails.com\/ca\/2024\/09\/30\/la-trail-dels-fars-nocturna-lista-para-el-fin-de-semana\/","url_meta":{"origin":2985,"position":3},"title":"La Trail dels Fars Nocturna, a punt per al cap de setmana","date":"30 September, 2024","format":false,"excerpt":"La tercera cursa de la lliga Illa dels Trails comptar\u00e0 amb prop de 400 participants repartits entre les seves dues dist\u00e0ncies de 13 i 23 quil\u00f2metres. La tercera cita de la lliga Illa dels Trails ja \u00e9s aqu\u00ed. La Trail dels Fars Nocturna, que enguany s'ha retardat en el calendari\u2026","rel":"","context":"In &quot;Trail Nocturna&quot;","img":{"alt_text":"","src":"https:\/\/i0.wp.com\/illadelstrails.com\/wp-content\/uploads\/2024\/09\/IMG_8791.jpg?fit=1200%2C900&ssl=1&resize=350%2C200","width":350,"height":200},"classes":[]},{"id":2981,"url":"https:\/\/illadelstrails.com\/ca\/2021\/04\/20\/la-trail-dels-fars-mas-especial-a-punto\/","url_meta":{"origin":2985,"position":4},"title":"La Trail dels Fars m\u00e1s especial, a punto","date":"20 April, 2021","format":false,"excerpt":"La prueba, que forma parte de la lliga Illa dels Trails, se disputar\u00e1 el s\u00e1bado y el domingo con un total de cinco carreras con los 46 kil\u00f3metros como campeonato de Baleares La octava edici\u00f3n de la Trail dels Fars vivir\u00e1 este fin de semana su edici\u00f3n m\u00e1s diferente, ya\u2026","rel":"","context":"In &quot;Trail dels Fars&quot;","img":{"alt_text":"","src":"https:\/\/i0.wp.com\/illadelstrails.com\/wp-content\/uploads\/2021\/04\/IMG_9448.jpg?fit=1200%2C900&ssl=1&resize=350%2C200","width":350,"height":200},"classes":[]},{"id":4838,"url":"https:\/\/illadelstrails.com\/ca\/2023\/04\/01\/alles-y-martinez-firman-un-doblete-espectacular\/","url_meta":{"origin":2985,"position":5},"title":"All\u00e8s i Mart\u00ednez signen un doblet espectacular","date":"1 April, 2023","format":false,"excerpt":"Els dos corredors repeteixen la vict\u00f2ria de la\u00a0Trail\u00a0dels\u00a0Fars\u00a0en la\u00a0Trail\u00a0del\u00a0Nord\u00a0vencent en solitari. Huguet i Campins tamb\u00e9 repeteixen en els 12KM. La\u00a0Illa\u00a0dels\u00a0Trails\u00a02023 ja t\u00e9 els seus favorits ben definits. La\u00a0Trail\u00a0del\u00a0Nord\u00a0va servir aquest dissabte per a confirmar que Albert Mart\u00ednez i Mari\u00a0All\u00e8s\u00a0s\u00f3n, actualment, els corredors m\u00e9s en forma a l'Illa, en aconseguir les\u2026","rel":"","context":"In &quot;Trail del Nord&quot;","img":{"alt_text":"","src":"https:\/\/i0.wp.com\/illadelstrails.com\/wp-content\/uploads\/2023\/04\/45KM.jpeg?fit=1200%2C800&ssl=1&resize=350%2C200","width":350,"height":200},"classes":[]}],"_links":{"self":[{"href":"https:\/\/illadelstrails.com\/ca\/wp-json\/wp\/v2\/posts\/2985"}],"collection":[{"href":"https:\/\/illadelstrails.com\/ca\/wp-json\/wp\/v2\/posts"}],"about":[{"href":"https:\/\/illadelstrails.com\/ca\/wp-json\/wp\/v2\/types\/post"}],"author":[{"embeddable":true,"href":"https:\/\/illadelstrails.com\/ca\/wp-json\/wp\/v2\/users\/2"}],"replies":[{"embeddable":true,"href":"https:\/\/illadelstrails.com\/ca\/wp-json\/wp\/v2\/comments?post=2985"}],"version-history":[{"count":1,"href":"https:\/\/illadelstrails.com\/ca\/wp-json\/wp\/v2\/posts\/2985\/revisions"}],"predecessor-version":[{"id":2988,"href":"https:\/\/illadelstrails.com\/ca\/wp-json\/wp\/v2\/posts\/2985\/revisions\/2988"}],"wp:featuredmedia":[{"embeddable":true,"href":"https:\/\/illadelstrails.com\/ca\/wp-json\/wp\/v2\/media\/2986"}],"wp:attachment":[{"href":"https:\/\/illadelstrails.com\/ca\/wp-json\/wp\/v2\/media?parent=2985"}],"wp:term":[{"taxonomy":"category","embeddable":true,"href":"https:\/\/illadelstrails.com\/ca\/wp-json\/wp\/v2\/categories?post=2985"},{"taxonomy":"post_tag","embeddable":true,"href":"https:\/\/illadelstrails.com\/ca\/wp-json\/wp\/v2\/tags?post=2985"}],"curies":[{"name":"wp","href":"https:\/\/api.w.org\/{rel}","templated":true}]}}