{"id":2738,"date":"2021-02-08T20:35:25","date_gmt":"2021-02-08T18:35:25","guid":{"rendered":"https:\/\/illadelstrails.com\/?p=2738"},"modified":"2021-02-08T20:35:25","modified_gmt":"2021-02-08T18:35:25","slug":"los-encantos-de-la-trail-del-nord","status":"publish","type":"post","link":"https:\/\/illadelstrails.com\/ca\/2021\/02\/08\/los-encantos-de-la-trail-del-nord\/","title":{"rendered":"Los encantos de la Trail del Nord"},"content":{"rendered":"<p><em>La prueba transcurre por el norte de Menorca el d\u00eda 14 de noviembre.<\/em><\/p>\n<p>El Castillo de Santa \u00c1gueda, las playas de Cavalleria, Cala Pilar o Binimetl\u00b7l\u00e0 son algunos de los encantos con los que contar\u00e1 la primera edici\u00f3n de la Trail del Nord, que tendr\u00e1 lugar el d\u00eda 14 de noviembre con llegada de las diferentes distancias al Polideportivo Municipal de Fornells.<\/p>\n<p>La carrera de los 48 kil\u00f3metros contar\u00e1 con una subida al Castillo de Santa \u00c1gueda y que arrancar\u00e1 a las 8 de la ma\u00f1ana. La de 26 kil\u00f3metros lo har\u00e1 a las 10 horas desde el parking de Cala Pilar. La de 14 kil\u00f3metros lo har\u00e1 desde el parking de la playa de Binimetl\u00b7l\u00e0 a las 11 horas.<\/p>\n","protected":false},"excerpt":{"rendered":"<p>La prueba transcurre por el norte de Menorca el d\u00eda 14 de noviembre. El Castillo de Santa \u00c1gueda, las playas de Cavalleria, Cala Pilar o Binimetl\u00b7l\u00e0 son algunos de los encantos con los que contar\u00e1 la primera edici\u00f3n de la Trail del Nord, que tendr\u00e1 lugar el d\u00eda 14 de noviembre con llegada de las [&hellip;]<\/p>\n","protected":false},"author":1,"featured_media":2068,"comment_status":"closed","ping_status":"closed","sticky":false,"template":"","format":"standard","meta":{"spay_email":"","footnotes":""},"categories":[70],"tags":[],"class_list":["post-2738","post","type-post","status-publish","format-standard","has-post-thumbnail","hentry","category-trail-del-nord"],"acf":[],"jetpack_featured_media_url":"https:\/\/i0.wp.com\/illadelstrails.com\/wp-content\/uploads\/2020\/12\/WhatsApp-Image-2019-02-03-at-19.08.39.jpeg?fit=1600%2C1066&ssl=1","jetpack-related-posts":[{"id":2736,"url":"https:\/\/illadelstrails.com\/ca\/2021\/02\/08\/cala-morell-el-pilar-y-binimetl%c2%b7la-las-salidas-de-la-trail-del-nord\/","url_meta":{"origin":2738,"position":0},"title":"Cala Morell, El Pilar y Binimetl\u00b7l\u00e0, las salidas de la Trail del Nord","date":"8 February, 2021","format":false,"excerpt":"La carrera, que se disputar\u00e1 el 14 de noviembre, ofrece una forma distinta de descubrir la costa norte menorquina. La Trail del Nord ya conoce los tres recorridos con los que contar\u00e1 para su primera edici\u00f3n. Se trata de una carrera que tendr\u00e1 lugar el d\u00eda 14 de noviembre, que\u2026","rel":"","context":"In &quot;Trail del Nord&quot;","img":{"alt_text":"","src":"https:\/\/i0.wp.com\/illadelstrails.com\/wp-content\/uploads\/2020\/12\/210216082324.jpg?fit=1200%2C800&ssl=1&resize=350%2C200","width":350,"height":200},"classes":[]},{"id":5384,"url":"https:\/\/illadelstrails.com\/ca\/2023\/12\/11\/la-trail-del-nord-abre-sus-inscripciones-apostando-por-el-concierto-al-final-de-la-carrera\/","url_meta":{"origin":2738,"position":1},"title":"La Trail del Nord obre les seves inscripcions amb un concert al final de la cursa","date":"11 December, 2023","format":false,"excerpt":"El dissabte 13 d'abril tindr\u00e0 lloc la segona cita de la Lliga Illa dels Trails amb les seves tres propostes de 45 km, 24 km i 12 km La Trail del Nord se celebrar\u00e0 el 13 d'abril de 2024, tot i que oficialment comen\u00e7a aquest dimarts, 12 de desembre, a\u2026","rel":"","context":"In &quot;Trail del Nord&quot;","img":{"alt_text":"","src":"https:\/\/i0.wp.com\/illadelstrails.com\/wp-content\/uploads\/2023\/12\/Cartell_Trail_Nord_2024_INSTA.jpg?fit=1200%2C1200&ssl=1&resize=350%2C200","width":350,"height":200},"classes":[]},{"id":4031,"url":"https:\/\/illadelstrails.com\/ca\/2022\/03\/08\/la-exigente-trail-del-nord-reclamo-fuera-de-la-isla\/","url_meta":{"origin":2738,"position":2},"title":"L&#8217;exigent Trail del Nord, reclam fora de l&#8217;Illa","date":"8 March, 2022","format":false,"excerpt":"M\u00e9s d'un ter\u00e7 dels 600 participants de la prova el dissabte ve de fora de Menorca La segona prova del circuit Illa dels Trails, la Trail del Nord, es va presentar aquest dimarts des de l'alt del Toro, amb unes espectaculars vistes del tram nord de Menorca que ser\u00e0 l'escenari\u2026","rel":"","context":"In &quot;Trail del Nord&quot;","img":{"alt_text":"","src":"https:\/\/i0.wp.com\/illadelstrails.com\/wp-content\/uploads\/2022\/03\/2-3-scaled.jpg?fit=1200%2C800&ssl=1&resize=350%2C200","width":350,"height":200},"classes":[]},{"id":6436,"url":"https:\/\/illadelstrails.com\/ca\/2026\/03\/13\/ferreries-se-vuelca-con-los-600-corredores-de-la-trail-del-nord\/","url_meta":{"origin":2738,"position":3},"title":"Ferreries es bolca amb els 600 corredors de la Trail del Nord","date":"13 March, 2026","format":false,"excerpt":"El municipi acollir\u00e0 la meta de la segona prova de la Lliga Illa dels Trails que se celebra aquest dissabte \u00a0 La Trail del Nord compta les hores per arrencar la seva sisena edici\u00f3, la segona que t\u00e9 Ferreries com a epicentre, i que acollir\u00e0 600 participants repartits entre les\u2026","rel":"","context":"In &quot;Trail del Nord&quot;","img":{"alt_text":"","src":"https:\/\/i0.wp.com\/illadelstrails.com\/wp-content\/uploads\/2026\/03\/IMG_2751.jpg?fit=1200%2C900&ssl=1&resize=350%2C200","width":350,"height":200},"classes":[]},{"id":4355,"url":"https:\/\/illadelstrails.com\/ca\/2022\/10\/17\/abrimos-las-inscripciones-de-la-trail-del-nord-2023-con-dos-dias-precios-reducidos\/","url_meta":{"origin":2738,"position":4},"title":"Obrim les inscripcions de la Trail del Nord 2023 amb dos dies de preus rebaixats","date":"17 October, 2022","format":false,"excerpt":"La Trail del Nord canvia totalment el 2023 amb nou recorregut pels 24KM i una arribada que ser\u00e1 al hotel TRH Tirant Playa amb una festa el proper 1 d'abril.\u00a0Tenim molts de motius per animar-te a que t'hi apuntis i visquis l'experi\u00e8ncia. El darrer motiu \u00e9s que avui obrim les\u2026","rel":"","context":"In &quot;General&quot;","img":{"alt_text":"","src":"https:\/\/i0.wp.com\/illadelstrails.com\/wp-content\/uploads\/2022\/10\/Preus_rebaixats_nord.jpg?fit=1200%2C1200&ssl=1&resize=350%2C200","width":350,"height":200},"classes":[]},{"id":3508,"url":"https:\/\/illadelstrails.com\/ca\/2021\/11\/11\/la-trail-del-nord-debuta-superando-los-700-inscritos-para-cerrar-la-liga-illa-dels-trails\/","url_meta":{"origin":2738,"position":5},"title":"La Trail del Nord debuta superant els 700 inscrits per a tancar la lliga Illa dels Trails","date":"11 November, 2021","format":false,"excerpt":"L'\u00faltima carrera tindr\u00e0 lloc aquest diumenge amb tres dist\u00e0ncies que acabaran totes en el Poliesportiu Municipal de\u00a0Fornells La primera edici\u00f3 de la lliga\u00a0Illa\u00a0dels\u00a0Trails\u00a0arriba aquest diumenge a la seva fi amb la disputa de la\u00a0Trail\u00a0del\u00a0Nord, una carrera que s'estrena a Menorca i que ha despertat l'inter\u00e8s de m\u00e9s de 700 participants\u2026","rel":"","context":"In &quot;Trail del Nord&quot;","img":{"alt_text":"","src":"https:\/\/i0.wp.com\/illadelstrails.com\/wp-content\/uploads\/2021\/11\/Presentacio.jpeg?fit=1024%2C768&ssl=1&resize=350%2C200","width":350,"height":200},"classes":[]}],"_links":{"self":[{"href":"https:\/\/illadelstrails.com\/ca\/wp-json\/wp\/v2\/posts\/2738"}],"collection":[{"href":"https:\/\/illadelstrails.com\/ca\/wp-json\/wp\/v2\/posts"}],"about":[{"href":"https:\/\/illadelstrails.com\/ca\/wp-json\/wp\/v2\/types\/post"}],"author":[{"embeddable":true,"href":"https:\/\/illadelstrails.com\/ca\/wp-json\/wp\/v2\/users\/1"}],"replies":[{"embeddable":true,"href":"https:\/\/illadelstrails.com\/ca\/wp-json\/wp\/v2\/comments?post=2738"}],"version-history":[{"count":1,"href":"https:\/\/illadelstrails.com\/ca\/wp-json\/wp\/v2\/posts\/2738\/revisions"}],"predecessor-version":[{"id":2739,"href":"https:\/\/illadelstrails.com\/ca\/wp-json\/wp\/v2\/posts\/2738\/revisions\/2739"}],"wp:featuredmedia":[{"embeddable":true,"href":"https:\/\/illadelstrails.com\/ca\/wp-json\/wp\/v2\/media\/2068"}],"wp:attachment":[{"href":"https:\/\/illadelstrails.com\/ca\/wp-json\/wp\/v2\/media?parent=2738"}],"wp:term":[{"taxonomy":"category","embeddable":true,"href":"https:\/\/illadelstrails.com\/ca\/wp-json\/wp\/v2\/categories?post=2738"},{"taxonomy":"post_tag","embeddable":true,"href":"https:\/\/illadelstrails.com\/ca\/wp-json\/wp\/v2\/tags?post=2738"}],"curies":[{"name":"wp","href":"https:\/\/api.w.org\/{rel}","templated":true}]}}