{"id":2736,"date":"2021-02-08T20:33:42","date_gmt":"2021-02-08T18:33:42","guid":{"rendered":"https:\/\/illadelstrails.com\/?p=2736"},"modified":"2021-02-08T20:33:55","modified_gmt":"2021-02-08T18:33:55","slug":"cala-morell-el-pilar-y-binimetl%c2%b7la-las-salidas-de-la-trail-del-nord","status":"publish","type":"post","link":"https:\/\/illadelstrails.com\/ca\/2021\/02\/08\/cala-morell-el-pilar-y-binimetl%c2%b7la-las-salidas-de-la-trail-del-nord\/","title":{"rendered":"Cala Morell, El Pilar y Binimetl\u00b7l\u00e0, las salidas de la Trail del Nord"},"content":{"rendered":"<p><em>La carrera, que se disputar\u00e1 el 14 de noviembre, ofrece una forma distinta de descubrir la costa norte menorquina.<\/em><\/p>\n<p>La Trail del Nord ya conoce los tres recorridos con los que contar\u00e1 para su primera edici\u00f3n. Se trata de una carrera que tendr\u00e1 lugar el d\u00eda 14 de noviembre, que centrar\u00e1 sus recorridos en la parte norte de la Isla de Menorca y que tendr\u00e1 su meta en el Polideportivo Municipal de Fornells.<\/p>\n<p>Los 48KM empezar\u00e1n en Cala Morell y contar\u00e1n con la peculiaridad de subir hasta el Castillo de Santa Agueda dentro de su exigente recorrido que superar\u00e1 los 1.000 metros de desnivel positivo.<\/p>\n<p>La distancia de 26 kil\u00f3metros unir\u00e1 el parking de Cala Pilar y Fornells pero, a diferencia de la distancia m\u00e1s larga, no pasar\u00e1 por el castillo de Santa \u00c1gueda.<\/p>\n<p>Los 14 kil\u00f3metros, los m\u00e1s r\u00e1pidos, unir\u00e1n el parking de la playa de Binimetl\u00b7l\u00e0 y el Polideportivo Municipal de Fornells.<\/p>\n","protected":false},"excerpt":{"rendered":"<p>La carrera, que se disputar\u00e1 el 14 de noviembre, ofrece una forma distinta de descubrir la costa norte menorquina. La Trail del Nord ya conoce los tres recorridos con los que contar\u00e1 para su primera edici\u00f3n. Se trata de una carrera que tendr\u00e1 lugar el d\u00eda 14 de noviembre, que centrar\u00e1 sus recorridos en la [&hellip;]<\/p>\n","protected":false},"author":1,"featured_media":1813,"comment_status":"closed","ping_status":"closed","sticky":false,"template":"","format":"standard","meta":{"spay_email":"","footnotes":""},"categories":[70],"tags":[],"class_list":["post-2736","post","type-post","status-publish","format-standard","has-post-thumbnail","hentry","category-trail-del-nord"],"acf":[],"jetpack_featured_media_url":"https:\/\/i0.wp.com\/illadelstrails.com\/wp-content\/uploads\/2020\/12\/210216082324.jpg?fit=2500%2C1666&ssl=1","jetpack-related-posts":[{"id":2738,"url":"https:\/\/illadelstrails.com\/ca\/2021\/02\/08\/los-encantos-de-la-trail-del-nord\/","url_meta":{"origin":2736,"position":0},"title":"Los encantos de la Trail del Nord","date":"8 February, 2021","format":false,"excerpt":"La prueba transcurre por el norte de Menorca el d\u00eda 14 de noviembre. El Castillo de Santa \u00c1gueda, las playas de Cavalleria, Cala Pilar o Binimetl\u00b7l\u00e0 son algunos de los encantos con los que contar\u00e1 la primera edici\u00f3n de la Trail del Nord, que tendr\u00e1 lugar el d\u00eda 14 de\u2026","rel":"","context":"In &quot;Trail del Nord&quot;","img":{"alt_text":"","src":"https:\/\/i0.wp.com\/illadelstrails.com\/wp-content\/uploads\/2020\/12\/WhatsApp-Image-2019-02-03-at-19.08.39.jpeg?fit=1200%2C800&ssl=1&resize=350%2C200","width":350,"height":200},"classes":[]},{"id":4031,"url":"https:\/\/illadelstrails.com\/ca\/2022\/03\/08\/la-exigente-trail-del-nord-reclamo-fuera-de-la-isla\/","url_meta":{"origin":2736,"position":1},"title":"L&#8217;exigent Trail del Nord, reclam fora de l&#8217;Illa","date":"8 March, 2022","format":false,"excerpt":"M\u00e9s d'un ter\u00e7 dels 600 participants de la prova el dissabte ve de fora de Menorca La segona prova del circuit Illa dels Trails, la Trail del Nord, es va presentar aquest dimarts des de l'alt del Toro, amb unes espectaculars vistes del tram nord de Menorca que ser\u00e0 l'escenari\u2026","rel":"","context":"In &quot;Trail del Nord&quot;","img":{"alt_text":"","src":"https:\/\/i0.wp.com\/illadelstrails.com\/wp-content\/uploads\/2022\/03\/2-3-scaled.jpg?fit=1200%2C800&ssl=1&resize=350%2C200","width":350,"height":200},"classes":[]},{"id":3508,"url":"https:\/\/illadelstrails.com\/ca\/2021\/11\/11\/la-trail-del-nord-debuta-superando-los-700-inscritos-para-cerrar-la-liga-illa-dels-trails\/","url_meta":{"origin":2736,"position":2},"title":"La Trail del Nord debuta superant els 700 inscrits per a tancar la lliga Illa dels Trails","date":"11 November, 2021","format":false,"excerpt":"L'\u00faltima carrera tindr\u00e0 lloc aquest diumenge amb tres dist\u00e0ncies que acabaran totes en el Poliesportiu Municipal de\u00a0Fornells La primera edici\u00f3 de la lliga\u00a0Illa\u00a0dels\u00a0Trails\u00a0arriba aquest diumenge a la seva fi amb la disputa de la\u00a0Trail\u00a0del\u00a0Nord, una carrera que s'estrena a Menorca i que ha despertat l'inter\u00e8s de m\u00e9s de 700 participants\u2026","rel":"","context":"In &quot;Trail del Nord&quot;","img":{"alt_text":"","src":"https:\/\/i0.wp.com\/illadelstrails.com\/wp-content\/uploads\/2021\/11\/Presentacio.jpeg?fit=1024%2C768&ssl=1&resize=350%2C200","width":350,"height":200},"classes":[]},{"id":5384,"url":"https:\/\/illadelstrails.com\/ca\/2023\/12\/11\/la-trail-del-nord-abre-sus-inscripciones-apostando-por-el-concierto-al-final-de-la-carrera\/","url_meta":{"origin":2736,"position":3},"title":"La Trail del Nord obre les seves inscripcions amb un concert al final de la cursa","date":"11 December, 2023","format":false,"excerpt":"El dissabte 13 d'abril tindr\u00e0 lloc la segona cita de la Lliga Illa dels Trails amb les seves tres propostes de 45 km, 24 km i 12 km La Trail del Nord se celebrar\u00e0 el 13 d'abril de 2024, tot i que oficialment comen\u00e7a aquest dimarts, 12 de desembre, a\u2026","rel":"","context":"In &quot;Trail del Nord&quot;","img":{"alt_text":"","src":"https:\/\/i0.wp.com\/illadelstrails.com\/wp-content\/uploads\/2023\/12\/Cartell_Trail_Nord_2024_INSTA.jpg?fit=1200%2C1200&ssl=1&resize=350%2C200","width":350,"height":200},"classes":[]},{"id":3513,"url":"https:\/\/illadelstrails.com\/ca\/2021\/11\/14\/alles-y-florit-reinan-en-el-norte-y-en-la-liga-illa-dels-trails\/","url_meta":{"origin":2736,"position":4},"title":"All\u00e9s i Florit regnen al Nord i en la lliga Illa dels Trails","date":"14 November, 2021","format":false,"excerpt":"Els dos corredors compleixen amb la seva condici\u00f3 de favorits per a emportar-se la vict\u00f2ria a\u00a0Fornells\u00a0i el premi d'ambaixadors de la marca\u00a0Sport\u00a0HG\u00a0durant l'any 2022 L'\u00fanica cosa que li feia falta a la primera edici\u00f3 de la lliga\u00a0Illa\u00a0dels\u00a0Trails\u00a0era una jornada \u00e8pica com la que va fer aquest diumenge a Menorca amb\u2026","rel":"","context":"In &quot;Trail del Nord&quot;","img":{"alt_text":"","src":"https:\/\/i0.wp.com\/illadelstrails.com\/wp-content\/uploads\/2021\/11\/22.jpeg?fit=1200%2C800&ssl=1&resize=350%2C200","width":350,"height":200},"classes":[]},{"id":4355,"url":"https:\/\/illadelstrails.com\/ca\/2022\/10\/17\/abrimos-las-inscripciones-de-la-trail-del-nord-2023-con-dos-dias-precios-reducidos\/","url_meta":{"origin":2736,"position":5},"title":"Obrim les inscripcions de la Trail del Nord 2023 amb dos dies de preus rebaixats","date":"17 October, 2022","format":false,"excerpt":"La Trail del Nord canvia totalment el 2023 amb nou recorregut pels 24KM i una arribada que ser\u00e1 al hotel TRH Tirant Playa amb una festa el proper 1 d'abril.\u00a0Tenim molts de motius per animar-te a que t'hi apuntis i visquis l'experi\u00e8ncia. El darrer motiu \u00e9s que avui obrim les\u2026","rel":"","context":"In &quot;General&quot;","img":{"alt_text":"","src":"https:\/\/i0.wp.com\/illadelstrails.com\/wp-content\/uploads\/2022\/10\/Preus_rebaixats_nord.jpg?fit=1200%2C1200&ssl=1&resize=350%2C200","width":350,"height":200},"classes":[]}],"_links":{"self":[{"href":"https:\/\/illadelstrails.com\/ca\/wp-json\/wp\/v2\/posts\/2736"}],"collection":[{"href":"https:\/\/illadelstrails.com\/ca\/wp-json\/wp\/v2\/posts"}],"about":[{"href":"https:\/\/illadelstrails.com\/ca\/wp-json\/wp\/v2\/types\/post"}],"author":[{"embeddable":true,"href":"https:\/\/illadelstrails.com\/ca\/wp-json\/wp\/v2\/users\/1"}],"replies":[{"embeddable":true,"href":"https:\/\/illadelstrails.com\/ca\/wp-json\/wp\/v2\/comments?post=2736"}],"version-history":[{"count":1,"href":"https:\/\/illadelstrails.com\/ca\/wp-json\/wp\/v2\/posts\/2736\/revisions"}],"predecessor-version":[{"id":2737,"href":"https:\/\/illadelstrails.com\/ca\/wp-json\/wp\/v2\/posts\/2736\/revisions\/2737"}],"wp:featuredmedia":[{"embeddable":true,"href":"https:\/\/illadelstrails.com\/ca\/wp-json\/wp\/v2\/media\/1813"}],"wp:attachment":[{"href":"https:\/\/illadelstrails.com\/ca\/wp-json\/wp\/v2\/media?parent=2736"}],"wp:term":[{"taxonomy":"category","embeddable":true,"href":"https:\/\/illadelstrails.com\/ca\/wp-json\/wp\/v2\/categories?post=2736"},{"taxonomy":"post_tag","embeddable":true,"href":"https:\/\/illadelstrails.com\/ca\/wp-json\/wp\/v2\/tags?post=2736"}],"curies":[{"name":"wp","href":"https:\/\/api.w.org\/{rel}","templated":true}]}}