{"id":2734,"date":"2021-02-08T20:29:41","date_gmt":"2021-02-08T18:29:41","guid":{"rendered":"https:\/\/illadelstrails.com\/?p=2734"},"modified":"2021-02-08T20:29:41","modified_gmt":"2021-02-08T18:29:41","slug":"la-trail-del-nord-una-novedad-para-la-illa-dels-trails","status":"publish","type":"post","link":"https:\/\/illadelstrails.com\/ca\/2021\/02\/08\/la-trail-del-nord-una-novedad-para-la-illa-dels-trails\/","title":{"rendered":"La Trail del Nord, una novedad para la Illa dels Trails"},"content":{"rendered":"<p><em>La prueba se disputar\u00e1 el 14 de noviembre con las distancias de 48KM, 26KM y 14KM<\/em><\/p>\n<p>Los amantes de Trail Run tendr\u00e1n una nueva ocasi\u00f3n para disfrutar de su deporte en Menorca merced a la Trail del Nord, una prueba que contar\u00e1 con las distancias de 48KM, 26KM y 14KM y que pasar\u00e1n por el Cam\u00ed de Cavalls, entre otros caminos.<\/p>\n<p>La prueba, que cuenta con el patrocinio de Fundaci\u00f3 Foment del Turisme de Menorca, y est\u00e1 organizada por Biosport Menorca y Elitechip, tendr\u00e1 lugar el domingo, 14 de noviembre. Las tres modalidades acabar\u00e1n en el Polideportivo Municipal de Fornells.<\/p>\n","protected":false},"excerpt":{"rendered":"<p>La prueba se disputar\u00e1 el 14 de noviembre con las distancias de 48KM, 26KM y 14KM Los amantes de Trail Run tendr\u00e1n una nueva ocasi\u00f3n para disfrutar de su deporte en Menorca merced a la Trail del Nord, una prueba que contar\u00e1 con las distancias de 48KM, 26KM y 14KM y que pasar\u00e1n por el [&hellip;]<\/p>\n","protected":false},"author":1,"featured_media":2138,"comment_status":"closed","ping_status":"closed","sticky":false,"template":"","format":"standard","meta":{"spay_email":"","footnotes":""},"categories":[70],"tags":[],"class_list":["post-2734","post","type-post","status-publish","format-standard","has-post-thumbnail","hentry","category-trail-del-nord"],"acf":[],"jetpack_featured_media_url":"https:\/\/i0.wp.com\/illadelstrails.com\/wp-content\/uploads\/2020\/12\/Trail-dels-fars-2020-211.jpg?fit=1600%2C1067&ssl=1","jetpack-related-posts":[{"id":3283,"url":"https:\/\/illadelstrails.com\/ca\/2021\/07\/21\/hotel-jeni-de-es-mercadal-alojamiento-oficial\/","url_meta":{"origin":2734,"position":0},"title":"Hotel Jeni de Es Mercadal, alojamiento oficial","date":"21 July, 2021","format":false,"excerpt":"Estamos muy contentos de anunciar que el Hotel Jeni ubicado en Es Mercadal, ser\u00e1 el alojamiento oficial para la Trail del Nord que se celebrar\u00e1 el 14 de noviembre en Menorca. La Trail del Nord es una de las pruebas nuevas de este proyecto Illa dels Trails que cuenta con\u2026","rel":"","context":"In &quot;Trail del Nord&quot;","img":{"alt_text":"","src":"https:\/\/i0.wp.com\/illadelstrails.com\/wp-content\/uploads\/2021\/07\/Hotel-Nord.jpg?fit=1200%2C1200&ssl=1&resize=350%2C200","width":350,"height":200},"classes":[]},{"id":6398,"url":"https:\/\/illadelstrails.com\/ca\/2025\/11\/19\/la-marca-internacional-asics-se-incorpora-como-patrocinador-de-la-trail-del-nord\/","url_meta":{"origin":2734,"position":1},"title":"La marca internacional ASICS s\u2019incorpora com a patrocinador de la Trail del Nord","date":"19 November, 2025","format":false,"excerpt":"La marca esportiva japonesa donar\u00e0 visibilitat a Menorca i a la prova, a m\u00e9s d\u2019inscriure els seus millors corredors. \u00a0 La Trail del Nord ha fet un pas de gegant en la seva expansi\u00f3 nacional i internacional. La cursa, que se celebrar\u00e0 el dissabte 29 de mar\u00e7, comptar\u00e0 amb el\u2026","rel":"","context":"In &quot;Trail del Nord&quot;","img":{"alt_text":"","src":"","width":0,"height":0},"classes":[]},{"id":2738,"url":"https:\/\/illadelstrails.com\/ca\/2021\/02\/08\/los-encantos-de-la-trail-del-nord\/","url_meta":{"origin":2734,"position":2},"title":"Los encantos de la Trail del Nord","date":"8 February, 2021","format":false,"excerpt":"La prueba transcurre por el norte de Menorca el d\u00eda 14 de noviembre. El Castillo de Santa \u00c1gueda, las playas de Cavalleria, Cala Pilar o Binimetl\u00b7l\u00e0 son algunos de los encantos con los que contar\u00e1 la primera edici\u00f3n de la Trail del Nord, que tendr\u00e1 lugar el d\u00eda 14 de\u2026","rel":"","context":"In &quot;Trail del Nord&quot;","img":{"alt_text":"","src":"https:\/\/i0.wp.com\/illadelstrails.com\/wp-content\/uploads\/2020\/12\/WhatsApp-Image-2019-02-03-at-19.08.39.jpeg?fit=1200%2C800&ssl=1&resize=350%2C200","width":350,"height":200},"classes":[]},{"id":6400,"url":"https:\/\/illadelstrails.com\/ca\/2025\/11\/19\/la-mejor-trail-del-nord-estrena-recorrido-distancia-y-meta-en-ferreries\/","url_meta":{"origin":2734,"position":3},"title":"La millor Trail del Nord estrena recorregut, dist\u00e0ncia i meta a Ferreries","date":"19 November, 2025","format":false,"excerpt":"La segona prova de la lliga Illa dels Trails se celebra aquest dissabte amb m\u00e9s de vint esportistes professionals de l\u2019equip ASICS i uns 600 inscrits entre les dist\u00e0ncies de 14KM i 30KM. \u00a0 La Trail del Nord es reinventa aquest dissabte, 29 de mar\u00e7, amb una edici\u00f3 especial que,\u2026","rel":"","context":"In &quot;Trail del Nord&quot;","img":{"alt_text":"","src":"https:\/\/i0.wp.com\/illadelstrails.com\/wp-content\/uploads\/2025\/11\/Foto-Presentacion.jpeg?fit=1200%2C772&ssl=1&resize=350%2C200","width":350,"height":200},"classes":[]},{"id":6404,"url":"https:\/\/illadelstrails.com\/ca\/2025\/11\/19\/el-team-asics-fuji-trail-el-autentico-vendaval-que-arrasa-en-la-trail-del-nord\/","url_meta":{"origin":2734,"position":4},"title":"El Team Asics Fuji Trail, l\u2019aut\u00e8ntic vendaval que arrasa a la Trail del Nord","date":"19 November, 2025","format":false,"excerpt":"L\u2019equip professional de corredors s\u2019imposa als 23KM amb Kaline Osaki i Benjamin Roubiol, i als 14KM amb Maude Mathis i Quentin Meyleu. \u00a0 El gui\u00f3 es va complir amb escreix. La participaci\u00f3 del Team Asics Fuji Trail a la Trail del Nord, amb una vintena de participants, va tenyir una\u2026","rel":"","context":"In &quot;Trail del Nord&quot;","img":{"alt_text":"","src":"https:\/\/i0.wp.com\/illadelstrails.com\/wp-content\/uploads\/2025\/11\/PHOTO-2025-03-29-17-55-21.jpg?fit=1200%2C800&ssl=1&resize=350%2C200","width":350,"height":200},"classes":[]},{"id":2736,"url":"https:\/\/illadelstrails.com\/ca\/2021\/02\/08\/cala-morell-el-pilar-y-binimetl%c2%b7la-las-salidas-de-la-trail-del-nord\/","url_meta":{"origin":2734,"position":5},"title":"Cala Morell, El Pilar y Binimetl\u00b7l\u00e0, las salidas de la Trail del Nord","date":"8 February, 2021","format":false,"excerpt":"La carrera, que se disputar\u00e1 el 14 de noviembre, ofrece una forma distinta de descubrir la costa norte menorquina. La Trail del Nord ya conoce los tres recorridos con los que contar\u00e1 para su primera edici\u00f3n. Se trata de una carrera que tendr\u00e1 lugar el d\u00eda 14 de noviembre, que\u2026","rel":"","context":"In &quot;Trail del Nord&quot;","img":{"alt_text":"","src":"https:\/\/i0.wp.com\/illadelstrails.com\/wp-content\/uploads\/2020\/12\/210216082324.jpg?fit=1200%2C800&ssl=1&resize=350%2C200","width":350,"height":200},"classes":[]}],"_links":{"self":[{"href":"https:\/\/illadelstrails.com\/ca\/wp-json\/wp\/v2\/posts\/2734"}],"collection":[{"href":"https:\/\/illadelstrails.com\/ca\/wp-json\/wp\/v2\/posts"}],"about":[{"href":"https:\/\/illadelstrails.com\/ca\/wp-json\/wp\/v2\/types\/post"}],"author":[{"embeddable":true,"href":"https:\/\/illadelstrails.com\/ca\/wp-json\/wp\/v2\/users\/1"}],"replies":[{"embeddable":true,"href":"https:\/\/illadelstrails.com\/ca\/wp-json\/wp\/v2\/comments?post=2734"}],"version-history":[{"count":1,"href":"https:\/\/illadelstrails.com\/ca\/wp-json\/wp\/v2\/posts\/2734\/revisions"}],"predecessor-version":[{"id":2735,"href":"https:\/\/illadelstrails.com\/ca\/wp-json\/wp\/v2\/posts\/2734\/revisions\/2735"}],"wp:featuredmedia":[{"embeddable":true,"href":"https:\/\/illadelstrails.com\/ca\/wp-json\/wp\/v2\/media\/2138"}],"wp:attachment":[{"href":"https:\/\/illadelstrails.com\/ca\/wp-json\/wp\/v2\/media?parent=2734"}],"wp:term":[{"taxonomy":"category","embeddable":true,"href":"https:\/\/illadelstrails.com\/ca\/wp-json\/wp\/v2\/categories?post=2734"},{"taxonomy":"post_tag","embeddable":true,"href":"https:\/\/illadelstrails.com\/ca\/wp-json\/wp\/v2\/tags?post=2734"}],"curies":[{"name":"wp","href":"https:\/\/api.w.org\/{rel}","templated":true}]}}