{"id":2648,"date":"2021-01-19T14:02:00","date_gmt":"2021-01-19T12:02:00","guid":{"rendered":"https:\/\/illadelstrails.com\/?p=2648"},"modified":"2021-02-08T20:30:45","modified_gmt":"2021-02-08T18:30:45","slug":"la-covid19-obliga-a-pasar-la-trail-dels-fars-al-mes-de-abril","status":"publish","type":"post","link":"https:\/\/illadelstrails.com\/ca\/2021\/01\/19\/la-covid19-obliga-a-pasar-la-trail-dels-fars-al-mes-de-abril\/","title":{"rendered":"La COVID19 obliga a pasar la Trail dels Fars al mes de abril"},"content":{"rendered":"<p><em>La entrada de Menorca en Fase 4 como m\u00ednimo hasta d\u00eda 30 dificulta la concesi\u00f3n de los permisos necesarios para que se dispute la prueba <\/em><\/p>\n<p>La Trail dels Fars 2021 se disputar\u00e1 los d\u00edas 24 y 25 de abril. La actual situaci\u00f3n que atraviesa Menorca derivada por la COVID19 dificulta la celebraci\u00f3n de la carrera prevista inicialmente para los d\u00edas 6 y 7 de febrero. La entrada de la Isla en Fase 4 propicia una serie de restricciones que complican la concesi\u00f3n del permiso necesario por parte del Govern Balear para que se lleve a cabo la prueba. Adem\u00e1s, como organizaci\u00f3n, creemos que es la decisi\u00f3n m\u00e1s responsable y necesaria.<\/p>\n<p>La edici\u00f3n de 2021 de la Trail dels Fars deb\u00eda abrir el circuito Illa dels Trails que se estrena en ese a\u00f1o y que comprende cinco pruebas. Esta responsabilidad recae ahora en la Trail dels Barrancs, que se disputa el d\u00eda 28 de marzo.<\/p>\n<p>Los participantes que tengan que tramitar alguna incidencia con su inscripci\u00f3n lo podr\u00e1n hacer directamente escribiendo un correo electr\u00f3nico a <a href=\"mailto:web@elitechip.net\">web@elitechip.net<\/a>.<\/p>\n<p>La prueba cuenta con el patrocinio de la Fundaci\u00f3 Foment del Turisme de Menorca y est\u00e1 organizada por Biosport Menorca y Elitechip.<\/p>\n","protected":false},"excerpt":{"rendered":"<p>La entrada de Menorca en Fase 4 como m\u00ednimo hasta d\u00eda 30 dificulta la concesi\u00f3n de los permisos necesarios para que se dispute la prueba La Trail dels Fars 2021 se disputar\u00e1 los d\u00edas 24 y 25 de abril. La actual situaci\u00f3n que atraviesa Menorca derivada por la COVID19 dificulta la celebraci\u00f3n de la carrera [&hellip;]<\/p>\n","protected":false},"author":2,"featured_media":2649,"comment_status":"closed","ping_status":"closed","sticky":false,"template":"","format":"standard","meta":{"spay_email":"","footnotes":""},"categories":[61],"tags":[],"class_list":["post-2648","post","type-post","status-publish","format-standard","has-post-thumbnail","hentry","category-trail-dels-fars"],"acf":[],"jetpack_featured_media_url":"https:\/\/i0.wp.com\/illadelstrails.com\/wp-content\/uploads\/2021\/01\/cartell_trail_fars_2021_posposat_INSTA.jpg?fit=1768%2C1768&ssl=1","jetpack-related-posts":[{"id":2582,"url":"https:\/\/illadelstrails.com\/ca\/2021\/01\/05\/la-trail-dels-barrancs-en-la-liga-illa-dels-trails\/","url_meta":{"origin":2648,"position":0},"title":"La Trail dels Barrancs, en la liga Illa dels Trails","date":"5 January, 2021","format":false,"excerpt":"La carrera, que se disputar\u00e1 el d\u00eda 28 de marzo, ser\u00e1 la segunda prueba de la liga Illa dels Trails El 28 de marzo Alaior acoger\u00e1 la segunda prueba de la liga Illa dels Trails, una competici\u00f3n que se estrena este 2021 y que premiar\u00e1 a los deportistas m\u00e1s regulares\u2026","rel":"","context":"In &quot;Trail dels Barrancs&quot;","img":{"alt_text":"","src":"https:\/\/i0.wp.com\/illadelstrails.com\/wp-content\/uploads\/2021\/01\/noticia_3.jpg?fit=1200%2C752&ssl=1&resize=350%2C200","width":350,"height":200},"classes":[]},{"id":2981,"url":"https:\/\/illadelstrails.com\/ca\/2021\/04\/20\/la-trail-dels-fars-mas-especial-a-punto\/","url_meta":{"origin":2648,"position":1},"title":"La Trail dels Fars m\u00e1s especial, a punto","date":"20 April, 2021","format":false,"excerpt":"La prueba, que forma parte de la lliga Illa dels Trails, se disputar\u00e1 el s\u00e1bado y el domingo con un total de cinco carreras con los 46 kil\u00f3metros como campeonato de Baleares La octava edici\u00f3n de la Trail dels Fars vivir\u00e1 este fin de semana su edici\u00f3n m\u00e1s diferente, ya\u2026","rel":"","context":"In &quot;Trail dels Fars&quot;","img":{"alt_text":"","src":"https:\/\/i0.wp.com\/illadelstrails.com\/wp-content\/uploads\/2021\/04\/IMG_9448.jpg?fit=1200%2C900&ssl=1&resize=350%2C200","width":350,"height":200},"classes":[]},{"id":4691,"url":"https:\/\/illadelstrails.com\/ca\/2023\/02\/03\/la-trail-dels-fars-acoge-750-participantes-para-su-decima-edicion\/","url_meta":{"origin":2648,"position":2},"title":"La Trail dels Fars acull 750 participants per a la seva desena edici\u00f3","date":"3 February, 2023","format":false,"excerpt":"La primera prova de l'edici\u00f3 de 2023 de la lliga\u00a0Illa\u00a0dels\u00a0Trails\u00a0compta amb tres dist\u00e0ncies que es disputaran \u00edntegrament el diumenge La\u00a0Illa\u00a0dels\u00a0Trails\u00a0obre la seva tercera edici\u00f3 aquest diumenge amb la disputa de la desena edici\u00f3 de la\u00a0Trail\u00a0dels\u00a0Fars. La carrera, que s'ha presentat aquest divendres en el renovat sal\u00f3 g\u00f2tic de l'Ajuntament de\u2026","rel":"","context":"In &quot;Trail dels Fars&quot;","img":{"alt_text":"","src":"https:\/\/i0.wp.com\/illadelstrails.com\/wp-content\/uploads\/2023\/02\/1.jpeg?fit=1200%2C900&ssl=1&resize=350%2C200","width":350,"height":200},"classes":[]},{"id":4703,"url":"https:\/\/illadelstrails.com\/ca\/2023\/02\/08\/la-trail-dels-fars-nocturna-abre-sus-inscripciones-y-regresa-a-menorca-el-16-de-septiembre\/","url_meta":{"origin":2648,"position":3},"title":"La Trail dels Fars Nocturna obre les seves inscripcions i torna a Menorca el 16 de setembre","date":"8 February, 2023","format":false,"excerpt":"La carrera, que ser\u00e0 la tercera cita de la lliga Illa dels Trails, comptar\u00e0 amb les dist\u00e0ncies de 23KM i de 13KM entre el far de Favaritx i la Base Militar de San Isidro La tercera parada de la lliga Illa dels Trails que es disputa a Menorca tindr\u00e0 la\u2026","rel":"","context":"In &quot;Trail Nocturna&quot;","img":{"alt_text":"","src":"https:\/\/i0.wp.com\/illadelstrails.com\/wp-content\/uploads\/2023\/02\/TrailNocturna2022-098-scaled.jpg?fit=1200%2C800&ssl=1&resize=350%2C200","width":350,"height":200},"classes":[]},{"id":2810,"url":"https:\/\/illadelstrails.com\/ca\/2021\/03\/12\/la-marca-sport-hg-se-incorpora-a-lilla-dels-trails\/","url_meta":{"origin":2648,"position":4},"title":"La marca Sport HG se incorpora a l\u2019Illa dels Trails","date":"12 March, 2021","format":false,"excerpt":"La marca internacional de ropa t\u00e9cnica deportiva ser\u00e1 uno de los principales patrocinadores del circuito de pruebas que tendr\u00e1 lugar en Menorca a lo largo de 2021 El proyecto Illa dels Trails sigue creciendo de cara a un 2021 cargado de ilusi\u00f3n. La prestigiosa marca internacional de ropa t\u00e9cnica deportiva,\u2026","rel":"","context":"In &quot;October Trail&quot;","img":{"alt_text":"","src":"https:\/\/i0.wp.com\/illadelstrails.com\/wp-content\/uploads\/2021\/03\/CarlosLl\u00a9-1381-scaled.jpg?fit=1200%2C800&ssl=1&resize=350%2C200","width":350,"height":200},"classes":[]},{"id":1597,"url":"https:\/\/illadelstrails.com\/ca\/2020\/12\/22\/la-trail-dels-fars-abre-sus-inscripciones-y-sera-campeonato-de-baleares\/","url_meta":{"origin":2648,"position":5},"title":"La Trail dels Fars abre sus inscripciones y ser\u00e1 campeonato de baleares","date":"22 December, 2020","format":false,"excerpt":"La prueba, que se disputar\u00e1 el 7 de febrero, mantiene las distancias de 46KM, 21KM y 12KM, con 150 plazas disponibles para cada distancia La Trail dels Fars diurna ya tiene fecha. La prueba\u00a0se disputar\u00e1 el domingo 7 de febrero y lo har\u00e1, adem\u00e1s, con la vitola de ser campeonato\u2026","rel":"","context":"In &quot;Trail dels Fars&quot;","img":{"alt_text":"","src":"https:\/\/i0.wp.com\/illadelstrails.com\/wp-content\/uploads\/2020\/12\/noticia_2.jpg?fit=1200%2C752&ssl=1&resize=350%2C200","width":350,"height":200},"classes":[]}],"_links":{"self":[{"href":"https:\/\/illadelstrails.com\/ca\/wp-json\/wp\/v2\/posts\/2648"}],"collection":[{"href":"https:\/\/illadelstrails.com\/ca\/wp-json\/wp\/v2\/posts"}],"about":[{"href":"https:\/\/illadelstrails.com\/ca\/wp-json\/wp\/v2\/types\/post"}],"author":[{"embeddable":true,"href":"https:\/\/illadelstrails.com\/ca\/wp-json\/wp\/v2\/users\/2"}],"replies":[{"embeddable":true,"href":"https:\/\/illadelstrails.com\/ca\/wp-json\/wp\/v2\/comments?post=2648"}],"version-history":[{"count":1,"href":"https:\/\/illadelstrails.com\/ca\/wp-json\/wp\/v2\/posts\/2648\/revisions"}],"predecessor-version":[{"id":2650,"href":"https:\/\/illadelstrails.com\/ca\/wp-json\/wp\/v2\/posts\/2648\/revisions\/2650"}],"wp:featuredmedia":[{"embeddable":true,"href":"https:\/\/illadelstrails.com\/ca\/wp-json\/wp\/v2\/media\/2649"}],"wp:attachment":[{"href":"https:\/\/illadelstrails.com\/ca\/wp-json\/wp\/v2\/media?parent=2648"}],"wp:term":[{"taxonomy":"category","embeddable":true,"href":"https:\/\/illadelstrails.com\/ca\/wp-json\/wp\/v2\/categories?post=2648"},{"taxonomy":"post_tag","embeddable":true,"href":"https:\/\/illadelstrails.com\/ca\/wp-json\/wp\/v2\/tags?post=2648"}],"curies":[{"name":"wp","href":"https:\/\/api.w.org\/{rel}","templated":true}]}}