{"id":2489,"date":"2020-12-29T14:44:33","date_gmt":"2020-12-29T12:44:33","guid":{"rendered":"https:\/\/illadelstrails.com\/?p=2489"},"modified":"2020-12-29T14:49:34","modified_gmt":"2020-12-29T12:49:34","slug":"ramis-y-orives-iluminan-la-trail-dels-fars-nocturna","status":"publish","type":"post","link":"https:\/\/illadelstrails.com\/ca\/2020\/12\/29\/ramis-y-orives-iluminan-la-trail-dels-fars-nocturna\/","title":{"rendered":"Ramis y Orives iluminan la Trail dels Fars nocturna"},"content":{"rendered":"<p><em>Los dos corredores se imponen en los 21 kil\u00f3metros mientras que Xavi Sintes y Mari All\u00e8s hacen lo propio en los 10 kil\u00f3metros.<\/em><\/p>\n<p>La primera edici\u00f3n de la Trail dels Fars Nocturna ya tiene sus estrellas particulares. El mallorqu\u00edn Dami\u00e0 Ramis y la menorquina Marta Orives fueron los m\u00e1s r\u00e1pidos en recorrer los 21 kil\u00f3metros entre el faro de Fav\u00e0ritx y Mah\u00f3n, mientras que Javi Sintes y Mari All\u00e8s hicieron lo propio en los 10 kil\u00f3metros desde Sa Mesquida. El evento, organizado por Elitechip y Biosport Menorca y patrocinado por la Fundaci\u00f3 Foment del Turisme de Menorca y el Ayuntamiento de Mah\u00f3n, estuvo marcado por la lluvia, que dio ratos de respiro, y el viento que no se cans\u00f3 de soplar.<\/p>\n<p>A las 18 horas se dio la salida de las dos distancias, ambas marcadas por el protocolo de seguridad, es decir, en grupos de 25 deportistas y con distanciamiento social entre ellos marcado con conos, y con mascarillas hasta el instante previo a empezar a correr.<\/p>\n<p>En los 21 kil\u00f3metros Ramis encontr\u00f3 en el alaiorense Joan Florit su principal adversario y marcaron un ritmo espectacular que pronto los distanci\u00f3 hasta llegar a la meta donde el mallorqu\u00edn cruz\u00f3 con 1:25:31 seguido del de Alaior con 1:26:06. Cerr\u00f3 el podio el atleta de Ciutadella Josep Salido (1:33:07).<\/p>\n<p>En mujeres, carrer\u00f3n el protagonizado por Marta Orives (1:59:06) qui\u00e9n sorprendi\u00f3 a Tina Ametller con una salida muy r\u00e1pida y sac\u00e1ndole 6 segundos en el momento de cruzar la meta (1:59:12). Las dos llegaron muy juntas a la meta, lo que dio todav\u00eda m\u00e1s emoci\u00f3n al momento. El podio lo complet\u00f3 Mari Mart\u00ednez con 2:10:37.<\/p>\n<p>En los 10 kil\u00f3metros, carrera rap\u00eddisima la que se marc\u00f3 el ganador Xavi Sintes, imponiendo ritmo desde el primer momento. Lleg\u00f3 a meta con un tiempo de 44:26 y con mucha diferencia con respecto a Miquel Torres, segundo clasificado, con 46:28, y del joven Enric Pons, qui\u00e9n firm\u00f3 un gran derroche de entrega entrando con 46:57.<\/p>\n<p>En mujeres, Mari All\u00e8s no tuvo rival. La experimentada corredora de Ciutadella cruz\u00f3 la l\u00ednea de meta con un crono de 53:51, la \u00fanica en bajar de la hora. La triatleta Nuria Femenias logr\u00f3 la medalla de plata con 1:01:10, mientras que el caj\u00f3n lo complet\u00f3 Judit Puig, con 1:03:14, arrebat\u00e1ndole la posici\u00f3n a Susana Segu\u00ed por 3 segundos.<\/p>\n<p>Al acabar se procedi\u00f3 al acto de entrega de trofeos en el hotel Catalonia Mirador des Port, un acto presidido por el alcalde de Mah\u00f3n, H\u00e9ctor Pons, el regidor de Deportes, Carlos Montes, y el director insular de Promoci\u00f3n Tur\u00edstica, Jes\u00fas Gomila.<\/p>\n","protected":false},"excerpt":{"rendered":"<p>Los dos corredores se imponen en los 21 kil\u00f3metros mientras que Xavi Sintes y Mari All\u00e8s hacen lo propio en los 10 kil\u00f3metros. La primera edici\u00f3n de la Trail dels Fars Nocturna ya tiene sus estrellas particulares. El mallorqu\u00edn Dami\u00e0 Ramis y la menorquina Marta Orives fueron los m\u00e1s r\u00e1pidos en recorrer los 21 kil\u00f3metros [&hellip;]<\/p>\n","protected":false},"author":1,"featured_media":2483,"comment_status":"closed","ping_status":"closed","sticky":false,"template":"","format":"standard","meta":{"spay_email":"","footnotes":""},"categories":[68],"tags":[],"class_list":["post-2489","post","type-post","status-publish","format-standard","has-post-thumbnail","hentry","category-trail-nocturna"],"acf":[],"jetpack_featured_media_url":"https:\/\/i0.wp.com\/illadelstrails.com\/wp-content\/uploads\/2020\/12\/noticia_3-1.jpg?fit=1024%2C641&ssl=1","jetpack-related-posts":[{"id":2985,"url":"https:\/\/illadelstrails.com\/ca\/2021\/04\/24\/ramis-benavides-moreno-y-pons-primeros-protagonistas-de-la-trail-dels-fars\/","url_meta":{"origin":2489,"position":0},"title":"Ramis, Ben\u00e1vides, Moreno y Pons, primeros protagonistas de la Trail dels Fars","date":"24 April, 2021","format":false,"excerpt":"La victoria de los 21 kil\u00f3metros cae en manos de los mallorquines Dami\u00e0 Ramis y Victoria Ben\u00e1vides, mientras que en la Cursa Popular triunfos locales para Joan Moreno y Bea Pons. La octava edici\u00f3n de la Trail dels Fars conoci\u00f3 este s\u00e1bado a sus primeros ganadores y ganadoras, en las\u2026","rel":"","context":"In &quot;Trail dels Fars&quot;","img":{"alt_text":"","src":"https:\/\/i0.wp.com\/illadelstrails.com\/wp-content\/uploads\/2021\/04\/odi-Masc-scaled.jpg?fit=1200%2C800&ssl=1&resize=350%2C200","width":350,"height":200},"classes":[]},{"id":2482,"url":"https:\/\/illadelstrails.com\/ca\/2020\/12\/29\/inscripciones-abiertas-reserva-tu-plaza\/","url_meta":{"origin":2489,"position":1},"title":"\u00a1Inscripciones abiertas! Reserva tu plaza","date":"29 December, 2020","format":false,"excerpt":"Las 500 inscripciones disponibles para la Trail dels Fars Nocturna se abren con 24 horas de precios promocionados para los participantes de la Trail dels Fars \u00a1Aprovecha! Las 500 inscripciones disponibles para la Trail dels Fars Nocturna se han abierto este domingo para los participantes de la Trail dels Fars\u2026","rel":"","context":"In &quot;Trail Nocturna&quot;","img":{"alt_text":"","src":"https:\/\/i0.wp.com\/illadelstrails.com\/wp-content\/uploads\/2020\/12\/noticia_1-2.jpg?fit=1024%2C641&ssl=1&resize=350%2C200","width":350,"height":200},"classes":[]},{"id":4312,"url":"https:\/\/illadelstrails.com\/ca\/2022\/09\/18\/riioja-y-alles-reyes-del-trail-nocturno\/","url_meta":{"origin":2489,"position":2},"title":"Rioja i All\u00e8s, reis del trail nocturn","date":"18 September, 2022","format":false,"excerpt":"El campi\u00f3 s'imposa amb un temps d'1.34:11 mentre que la guanyadora signatura una marca d'1.54:58 per a erigir-se en els m\u00e9s r\u00e0pids de la tercera edici\u00f3 de la\u00a0Trail\u00a0dels\u00a0Fars\u00a0Nocturna David Rioja i Mari\u00a0All\u00e9s\u00a0s\u00f3n els nous reis del\u00a0trail\u00a0nocturn a Menorca. Els dos corredors es van imposar en la tercera edici\u00f3 de la\u00a0Trail\u00a0dels\u00a0Fars\u00a0Nocturna,\u2026","rel":"","context":"In &quot;Trail Nocturna&quot;","img":{"alt_text":"","src":"https:\/\/i0.wp.com\/illadelstrails.com\/wp-content\/uploads\/2022\/09\/WhatsApp-Image-2022-09-18-at-9.31.23-AM-1.jpeg?fit=1200%2C800&ssl=1&resize=350%2C200","width":350,"height":200},"classes":[]},{"id":2487,"url":"https:\/\/illadelstrails.com\/ca\/2020\/12\/29\/mao-se-apunta-al-trail-running\/","url_meta":{"origin":2489,"position":3},"title":"Ma\u00f3 se apunta al Trail Running","date":"29 December, 2020","format":false,"excerpt":"El municipio acoge este s\u00e1bado la primera edici\u00f3n de la Trail dels Fars Nocturna con 300 participantes en dos distancias. La primera edici\u00f3n de la Trail dels Fars Nocturna se ha presentado este jueves en la zona que acoger\u00e1 la llegada de una carrera que ha cubierto las 300 plazas\u2026","rel":"","context":"In &quot;Trail Nocturna&quot;","img":{"alt_text":"","src":"https:\/\/i0.wp.com\/illadelstrails.com\/wp-content\/uploads\/2020\/12\/noticia_2-2.jpg?fit=1024%2C641&ssl=1&resize=350%2C200","width":350,"height":200},"classes":[]},{"id":4699,"url":"https:\/\/illadelstrails.com\/ca\/2023\/02\/05\/alles-y-martinez-dejan-la-victoria-de-la-trail-dels-fars-en-menorca\/","url_meta":{"origin":2489,"position":4},"title":"All\u00e9s i Mart\u00ednez deixen la vict\u00f2ria de la Trail dels Fars a Menorca","date":"5 February, 2023","format":false,"excerpt":"Els dos corredors signen un duel amb domini absolut i s'alcen amb el triomf en un diumenge amb molt de vent. Moll i Rocher, en 21KM, i Campins i Huguet, en 12KM, completen el cartell de guanyadors La tercera edici\u00f3 de la lliga\u00a0Illa\u00a0dels\u00a0Trails\u00a0ja \u00e9s tota una realitat. La\u00a0Trail\u00a0dels\u00a0Fars\u00a0va obrir aquest\u2026","rel":"","context":"In &quot;Trail dels Fars&quot;","img":{"alt_text":"","src":"https:\/\/i0.wp.com\/illadelstrails.com\/wp-content\/uploads\/2023\/02\/WhatsApp-Image-2023-02-05-at-15.53.21-3.jpeg?fit=1200%2C800&ssl=1&resize=350%2C200","width":350,"height":200},"classes":[]},{"id":2992,"url":"https:\/\/illadelstrails.com\/ca\/2021\/04\/25\/joan-florit-y-maria-pallicer-reyes-de-baleares\/","url_meta":{"origin":2489,"position":5},"title":"Joan Florit y Maria Pallicer, reyes de Baleares","date":"25 April, 2021","format":false,"excerpt":"Los corredores de Alaior y Ferreries ti\u00f1en de acento menorqu\u00edn la Trail dels Fars, tambi\u00e9n el campeonato balear de Trail Running. Joan Florit y Maria Pallicer. Maria Pallicer y Joan Florit. El trail run en Menorca no tiene a d\u00eda de hoy otros protagonistas que los dos corredores que impusieron\u2026","rel":"","context":"In &quot;Trail dels Fars&quot;","img":{"alt_text":"","src":"https:\/\/i0.wp.com\/illadelstrails.com\/wp-content\/uploads\/2021\/04\/WhatsApp-Image-2021-04-25-at-14.51.01.jpeg?fit=1200%2C800&ssl=1&resize=350%2C200","width":350,"height":200},"classes":[]}],"_links":{"self":[{"href":"https:\/\/illadelstrails.com\/ca\/wp-json\/wp\/v2\/posts\/2489"}],"collection":[{"href":"https:\/\/illadelstrails.com\/ca\/wp-json\/wp\/v2\/posts"}],"about":[{"href":"https:\/\/illadelstrails.com\/ca\/wp-json\/wp\/v2\/types\/post"}],"author":[{"embeddable":true,"href":"https:\/\/illadelstrails.com\/ca\/wp-json\/wp\/v2\/users\/1"}],"replies":[{"embeddable":true,"href":"https:\/\/illadelstrails.com\/ca\/wp-json\/wp\/v2\/comments?post=2489"}],"version-history":[{"count":1,"href":"https:\/\/illadelstrails.com\/ca\/wp-json\/wp\/v2\/posts\/2489\/revisions"}],"predecessor-version":[{"id":2490,"href":"https:\/\/illadelstrails.com\/ca\/wp-json\/wp\/v2\/posts\/2489\/revisions\/2490"}],"wp:featuredmedia":[{"embeddable":true,"href":"https:\/\/illadelstrails.com\/ca\/wp-json\/wp\/v2\/media\/2483"}],"wp:attachment":[{"href":"https:\/\/illadelstrails.com\/ca\/wp-json\/wp\/v2\/media?parent=2489"}],"wp:term":[{"taxonomy":"category","embeddable":true,"href":"https:\/\/illadelstrails.com\/ca\/wp-json\/wp\/v2\/categories?post=2489"},{"taxonomy":"post_tag","embeddable":true,"href":"https:\/\/illadelstrails.com\/ca\/wp-json\/wp\/v2\/tags?post=2489"}],"curies":[{"name":"wp","href":"https:\/\/api.w.org\/{rel}","templated":true}]}}