{"id":2487,"date":"2020-12-29T14:42:26","date_gmt":"2020-12-29T12:42:26","guid":{"rendered":"https:\/\/illadelstrails.com\/?p=2487"},"modified":"2020-12-29T14:42:26","modified_gmt":"2020-12-29T12:42:26","slug":"mao-se-apunta-al-trail-running","status":"publish","type":"post","link":"https:\/\/illadelstrails.com\/ca\/2020\/12\/29\/mao-se-apunta-al-trail-running\/","title":{"rendered":"Ma\u00f3 se apunta al Trail Running"},"content":{"rendered":"<p><em>El municipio acoge este s\u00e1bado la primera edici\u00f3n de la Trail dels Fars Nocturna con 300 participantes en dos distancias.<\/em><\/p>\n<p>La primera edici\u00f3n de la Trail dels Fars Nocturna se ha presentado este jueves en la zona que acoger\u00e1 la llegada de una carrera que ha cubierto las 300 plazas disponibles repartidas entre las dos distancias, 21 y 10 kil\u00f3metros y que cuenta con el patrocinio de la Fundaci\u00f3 Foment del Turisme de Menorca, y la colaboraci\u00f3n del Ayuntamiento de Mah\u00f3n. El mirador del hotel Catalonia Mirador del Port ser\u00e1 el punto y final de un evento para el que ser\u00e1 obligatorio participar con frontal y que su luz no supere los 50 l\u00famenes ni los 50 metros de alcance.<\/p>\n<p>La presidenta del Consell Insular, Susana Mora, ha presidido la presentaci\u00f3n de la Trail dels Fars Nocturna acompa\u00f1ada del alcalde de Mah\u00f3n, H\u00e9ctor Pons, del regidor de Deportes, Carlos Montes, y de los organizadores Toni Cap\u00f3, director general de Biosport Menorca, y de Guiem Bosch, gerente de Elitechip.<\/p>\n<p>La carrera comenzar\u00e1 el s\u00e1bado con la entrega de dorsales que se har\u00e1 de las 10 a las 14 horas en el mismo hotel. Posteriormente, a las 16.45 horas se trasladar\u00e1 a los participantes de los 21 kil\u00f3metros al faro de Fav\u00e0ritx desde donde arrancar\u00e1 la carrera a las 18 horas. La carrera de los 10 kil\u00f3metros empezar\u00e1 tambi\u00e9n a las 18 horas, pero lo har\u00e1 desde Es Grau. El bus saldr\u00e1 a las 17 horas. Los autobuses saldr\u00e1n desde la estaci\u00f3n mar\u00edtima del puerto.<\/p>\n<p>En ambas distancias, y siguiendo el protocolo de seguridad para el correcto desarrollo de la prueba, las salidas se har\u00e1n en grupos de 25 y con la colocaci\u00f3n de unos conos separados por un metro y medio para garantizar la seguridad y la distancia social.<\/p>\n<p>El recorrido seguir\u00e1 el Cam\u00ed de Cavalls hasta llegar a Sa Mesquida donde los corredores se desviar\u00e1n por el tramo privado de la Base de San Isidro abierto para la ocasi\u00f3n hasta llegar a Mah\u00f3n, recorrer un tramo de puerto y subir por la cuesta de Ses Piques, el parque de Dalt Vilanova y llegada al mirador.<\/p>\n<p>\u201cPensamos que es un evento que encaja en el modelo que impulsamos desde el Ayuntamiento, apostar por un turismo que venga todo el a\u00f1o y que ponga en valor nuestros paisajes\u201d, ha comentado el alcalde de Mah\u00f3n, H\u00e9ctor Pons. Por su parte, la presidenta, Susana Mora, explica que \u201cdesde el Consell Insular no podemos m\u00e1s que agradecer a Biosport Menorca y a Elitechip su empe\u00f1o por seguir organizando eventos pese a la dif\u00edcil situaci\u00f3n en la que nos encontramos y que muestra que seguimos apostando por estos eventos que cuidan nuestro modelo de turismo sostenible y a la vez enviar un mensaje a la sociedad de que seguimos estando vivos y que vamos a salir de esto\u201d<\/p>\n<p>Por su parte, Toni Cap\u00f3 admite que \u201ces un d\u00eda especial porque presentamos un evento que acaba en Mah\u00f3n, un municipio que nos faltaba en el proyecto de las carreras y nos ha sorprendido muy positivamente el apoyo que hemos recibido por su parte, especialmente de sus t\u00e9cnicos municipales, su gran implicaci\u00f3n y apoyo, que me ha sorprendido muy positivamente\u201d. Guiem Bosch cree que \u201cel marco en el que nos encontramos nos hace pensar que ser\u00e1 una de las llegadas a meta m\u00e1s bonita, aunque condicionada por la situaci\u00f3n de la COVID19, aunque el evento est\u00e1 pensado para que aquellas personas que no quieran ir tan r\u00e1pido y disfrutar del entorno lo puedan hacer\u201d.<\/p>\n","protected":false},"excerpt":{"rendered":"<p>El municipio acoge este s\u00e1bado la primera edici\u00f3n de la Trail dels Fars Nocturna con 300 participantes en dos distancias. La primera edici\u00f3n de la Trail dels Fars Nocturna se ha presentado este jueves en la zona que acoger\u00e1 la llegada de una carrera que ha cubierto las 300 plazas disponibles repartidas entre las dos [&hellip;]<\/p>\n","protected":false},"author":1,"featured_media":2484,"comment_status":"closed","ping_status":"closed","sticky":false,"template":"","format":"standard","meta":{"spay_email":"","footnotes":""},"categories":[68],"tags":[],"class_list":["post-2487","post","type-post","status-publish","format-standard","has-post-thumbnail","hentry","category-trail-nocturna"],"acf":[],"jetpack_featured_media_url":"https:\/\/i0.wp.com\/illadelstrails.com\/wp-content\/uploads\/2020\/12\/noticia_2-2.jpg?fit=1024%2C641&ssl=1","jetpack-related-posts":[{"id":2482,"url":"https:\/\/illadelstrails.com\/ca\/2020\/12\/29\/inscripciones-abiertas-reserva-tu-plaza\/","url_meta":{"origin":2487,"position":0},"title":"\u00a1Inscripciones abiertas! Reserva tu plaza","date":"29 December, 2020","format":false,"excerpt":"Las 500 inscripciones disponibles para la Trail dels Fars Nocturna se abren con 24 horas de precios promocionados para los participantes de la Trail dels Fars \u00a1Aprovecha! Las 500 inscripciones disponibles para la Trail dels Fars Nocturna se han abierto este domingo para los participantes de la Trail dels Fars\u2026","rel":"","context":"In &quot;Trail Nocturna&quot;","img":{"alt_text":"","src":"https:\/\/i0.wp.com\/illadelstrails.com\/wp-content\/uploads\/2020\/12\/noticia_1-2.jpg?fit=1024%2C641&ssl=1&resize=350%2C200","width":350,"height":200},"classes":[]},{"id":2489,"url":"https:\/\/illadelstrails.com\/ca\/2020\/12\/29\/ramis-y-orives-iluminan-la-trail-dels-fars-nocturna\/","url_meta":{"origin":2487,"position":1},"title":"Ramis y Orives iluminan la Trail dels Fars nocturna","date":"29 December, 2020","format":false,"excerpt":"Los dos corredores se imponen en los 21 kil\u00f3metros mientras que Xavi Sintes y Mari All\u00e8s hacen lo propio en los 10 kil\u00f3metros. La primera edici\u00f3n de la Trail dels Fars Nocturna ya tiene sus estrellas particulares. El mallorqu\u00edn Dami\u00e0 Ramis y la menorquina Marta Orives fueron los m\u00e1s r\u00e1pidos\u2026","rel":"","context":"In &quot;Trail Nocturna&quot;","img":{"alt_text":"","src":"https:\/\/i0.wp.com\/illadelstrails.com\/wp-content\/uploads\/2020\/12\/noticia_3-1.jpg?fit=1024%2C641&ssl=1&resize=350%2C200","width":350,"height":200},"classes":[]},{"id":5738,"url":"https:\/\/illadelstrails.com\/ca\/2024\/09\/30\/la-trail-dels-fars-nocturna-lista-para-el-fin-de-semana\/","url_meta":{"origin":2487,"position":2},"title":"La Trail dels Fars Nocturna, a punt per al cap de setmana","date":"30 September, 2024","format":false,"excerpt":"La tercera cursa de la lliga Illa dels Trails comptar\u00e0 amb prop de 400 participants repartits entre les seves dues dist\u00e0ncies de 13 i 23 quil\u00f2metres. La tercera cita de la lliga Illa dels Trails ja \u00e9s aqu\u00ed. La Trail dels Fars Nocturna, que enguany s'ha retardat en el calendari\u2026","rel":"","context":"In &quot;Trail Nocturna&quot;","img":{"alt_text":"","src":"https:\/\/i0.wp.com\/illadelstrails.com\/wp-content\/uploads\/2024\/09\/IMG_8791.jpg?fit=1200%2C900&ssl=1&resize=350%2C200","width":350,"height":200},"classes":[]},{"id":4305,"url":"https:\/\/illadelstrails.com\/ca\/2022\/09\/14\/la-trail-dels-fars-nocturna-de-record\/","url_meta":{"origin":2487,"position":3},"title":"La Trail dels Fars Nocturna, de r\u00e8cord","date":"14 September, 2022","format":false,"excerpt":"La quarta prova de la lliga\u00a0Illa\u00a0dels\u00a0Trails\u00a0es disputa aquest dissabte amb m\u00e9s de 425 participants entre les dues dist\u00e0ncies amb arribada a la Base Militar de San Isidro La segona edici\u00f3 de la Lliga\u00a0Illa\u00a0dels\u00a0Trails\u00a0arriba a la seva quarta estaci\u00f3, la\u00a0Trail\u00a0dels\u00a0Fars\u00a0Nocturna, amb un \u2018sold\u00a0out\u2019 en inscripcions i amb m\u00e9s de 425 esportistes\u2026","rel":"","context":"In &quot;Trail Nocturna&quot;","img":{"alt_text":"","src":"https:\/\/i0.wp.com\/illadelstrails.com\/wp-content\/uploads\/2022\/09\/1-scaled.jpg?fit=1200%2C800&ssl=1&resize=350%2C200","width":350,"height":200},"classes":[]},{"id":4703,"url":"https:\/\/illadelstrails.com\/ca\/2023\/02\/08\/la-trail-dels-fars-nocturna-abre-sus-inscripciones-y-regresa-a-menorca-el-16-de-septiembre\/","url_meta":{"origin":2487,"position":4},"title":"La Trail dels Fars Nocturna obre les seves inscripcions i torna a Menorca el 16 de setembre","date":"8 February, 2023","format":false,"excerpt":"La carrera, que ser\u00e0 la tercera cita de la lliga Illa dels Trails, comptar\u00e0 amb les dist\u00e0ncies de 23KM i de 13KM entre el far de Favaritx i la Base Militar de San Isidro La tercera parada de la lliga Illa dels Trails que es disputa a Menorca tindr\u00e0 la\u2026","rel":"","context":"In &quot;Trail Nocturna&quot;","img":{"alt_text":"","src":"https:\/\/i0.wp.com\/illadelstrails.com\/wp-content\/uploads\/2023\/02\/TrailNocturna2022-098-scaled.jpg?fit=1200%2C800&ssl=1&resize=350%2C200","width":350,"height":200},"classes":[]},{"id":5015,"url":"https:\/\/illadelstrails.com\/ca\/2023\/09\/13\/la-trail-dels-fars-supera-los-400-participantes-para-su-cuarta-edicion\/","url_meta":{"origin":2487,"position":5},"title":"La Trail dels Fars supera els 400 participants en la seva quarta edici\u00f3","date":"13 September, 2023","format":false,"excerpt":"La cursa, que ser\u00e0 la tercera cita de la lliga Illa dels Trails, comptar\u00e0 amb les dist\u00e0ncies de 23KM i 13KM entre el far de Favaritx i la Base Militar de San Isidro La quarta edici\u00f3 de la Trail dels Fars Nocturna s'ha presentat aquest dimecres al Biosport Mar\u00edtim amb\u2026","rel":"","context":"In &quot;Trail Nocturna&quot;","img":{"alt_text":"","src":"https:\/\/i0.wp.com\/illadelstrails.com\/wp-content\/uploads\/2023\/09\/Presentacio\u0301.jpeg?fit=1024%2C768&ssl=1&resize=350%2C200","width":350,"height":200},"classes":[]}],"_links":{"self":[{"href":"https:\/\/illadelstrails.com\/ca\/wp-json\/wp\/v2\/posts\/2487"}],"collection":[{"href":"https:\/\/illadelstrails.com\/ca\/wp-json\/wp\/v2\/posts"}],"about":[{"href":"https:\/\/illadelstrails.com\/ca\/wp-json\/wp\/v2\/types\/post"}],"author":[{"embeddable":true,"href":"https:\/\/illadelstrails.com\/ca\/wp-json\/wp\/v2\/users\/1"}],"replies":[{"embeddable":true,"href":"https:\/\/illadelstrails.com\/ca\/wp-json\/wp\/v2\/comments?post=2487"}],"version-history":[{"count":1,"href":"https:\/\/illadelstrails.com\/ca\/wp-json\/wp\/v2\/posts\/2487\/revisions"}],"predecessor-version":[{"id":2488,"href":"https:\/\/illadelstrails.com\/ca\/wp-json\/wp\/v2\/posts\/2487\/revisions\/2488"}],"wp:featuredmedia":[{"embeddable":true,"href":"https:\/\/illadelstrails.com\/ca\/wp-json\/wp\/v2\/media\/2484"}],"wp:attachment":[{"href":"https:\/\/illadelstrails.com\/ca\/wp-json\/wp\/v2\/media?parent=2487"}],"wp:term":[{"taxonomy":"category","embeddable":true,"href":"https:\/\/illadelstrails.com\/ca\/wp-json\/wp\/v2\/categories?post=2487"},{"taxonomy":"post_tag","embeddable":true,"href":"https:\/\/illadelstrails.com\/ca\/wp-json\/wp\/v2\/tags?post=2487"}],"curies":[{"name":"wp","href":"https:\/\/api.w.org\/{rel}","templated":true}]}}