{"id":2482,"date":"2020-12-29T14:41:22","date_gmt":"2020-12-29T12:41:22","guid":{"rendered":"https:\/\/illadelstrails.com\/?p=2482"},"modified":"2020-12-29T14:41:22","modified_gmt":"2020-12-29T12:41:22","slug":"inscripciones-abiertas-reserva-tu-plaza","status":"publish","type":"post","link":"https:\/\/illadelstrails.com\/ca\/2020\/12\/29\/inscripciones-abiertas-reserva-tu-plaza\/","title":{"rendered":"\u00a1Inscripciones abiertas! Reserva tu plaza"},"content":{"rendered":"<div class=\"entry-content\">\n<p><em>Las 500 inscripciones disponibles para la Trail dels Fars Nocturna se abren con 24 horas de precios promocionados para los participantes de la Trail dels Fars<\/em><\/p>\n<p>\u00a1Aprovecha! Las 500 inscripciones disponibles para la Trail dels Fars Nocturna se han abierto este domingo para los participantes de la Trail dels Fars con 24 horas de precios promocionados, que incluyen la posibilidad de reservar la habitaci\u00f3n del hotel Mirador des Port, donde acabar\u00e1 la competici\u00f3n, y donde se har\u00e1 la fiesta post carrera.<\/p>\n<p>\u00bfRecuerdas la experiencia de la October Trail? Te ofrecemos una actividad similar que acabar\u00e1 en Mah\u00f3n, con un recorrido nocturno y una fiesta post carrera en la que comentar c\u00f3mo hab\u00e9is vivido esta nueva experiencia que llega de la mano de Biosport Menorca y Elitechip.<\/p>\n<p>Los 21 kil\u00f3metros arrancar\u00e1n el s\u00e1bado 28 de noviembre desde el faro de Fav\u00e0ritx, a las 18 horas, mientras que los 10 kil\u00f3metros lo har\u00e1n a partir de las 19 horas desde Es Grau.<\/p>\n<\/div>\n<footer class=\"entry-footer\">\n<div class=\"share\"><\/div>\n<\/footer>\n","protected":false},"excerpt":{"rendered":"<p>Las 500 inscripciones disponibles para la Trail dels Fars Nocturna se abren con 24 horas de precios promocionados para los participantes de la Trail dels Fars \u00a1Aprovecha! Las 500 inscripciones disponibles para la Trail dels Fars Nocturna se han abierto este domingo para los participantes de la Trail dels Fars con 24 horas de precios [&hellip;]<\/p>\n","protected":false},"author":1,"featured_media":2485,"comment_status":"closed","ping_status":"closed","sticky":false,"template":"","format":"standard","meta":{"spay_email":"","footnotes":""},"categories":[68],"tags":[],"class_list":["post-2482","post","type-post","status-publish","format-standard","has-post-thumbnail","hentry","category-trail-nocturna"],"acf":[],"jetpack_featured_media_url":"https:\/\/i0.wp.com\/illadelstrails.com\/wp-content\/uploads\/2020\/12\/noticia_1-2.jpg?fit=1024%2C641&ssl=1","jetpack-related-posts":[{"id":4703,"url":"https:\/\/illadelstrails.com\/ca\/2023\/02\/08\/la-trail-dels-fars-nocturna-abre-sus-inscripciones-y-regresa-a-menorca-el-16-de-septiembre\/","url_meta":{"origin":2482,"position":0},"title":"La Trail dels Fars Nocturna obre les seves inscripcions i torna a Menorca el 16 de setembre","date":"8 February, 2023","format":false,"excerpt":"La carrera, que ser\u00e0 la tercera cita de la lliga Illa dels Trails, comptar\u00e0 amb les dist\u00e0ncies de 23KM i de 13KM entre el far de Favaritx i la Base Militar de San Isidro La tercera parada de la lliga Illa dels Trails que es disputa a Menorca tindr\u00e0 la\u2026","rel":"","context":"In &quot;Trail Nocturna&quot;","img":{"alt_text":"","src":"https:\/\/i0.wp.com\/illadelstrails.com\/wp-content\/uploads\/2023\/02\/TrailNocturna2022-098-scaled.jpg?fit=1200%2C800&ssl=1&resize=350%2C200","width":350,"height":200},"classes":[]},{"id":4305,"url":"https:\/\/illadelstrails.com\/ca\/2022\/09\/14\/la-trail-dels-fars-nocturna-de-record\/","url_meta":{"origin":2482,"position":1},"title":"La Trail dels Fars Nocturna, de r\u00e8cord","date":"14 September, 2022","format":false,"excerpt":"La quarta prova de la lliga\u00a0Illa\u00a0dels\u00a0Trails\u00a0es disputa aquest dissabte amb m\u00e9s de 425 participants entre les dues dist\u00e0ncies amb arribada a la Base Militar de San Isidro La segona edici\u00f3 de la Lliga\u00a0Illa\u00a0dels\u00a0Trails\u00a0arriba a la seva quarta estaci\u00f3, la\u00a0Trail\u00a0dels\u00a0Fars\u00a0Nocturna, amb un \u2018sold\u00a0out\u2019 en inscripcions i amb m\u00e9s de 425 esportistes\u2026","rel":"","context":"In &quot;Trail Nocturna&quot;","img":{"alt_text":"","src":"https:\/\/i0.wp.com\/illadelstrails.com\/wp-content\/uploads\/2022\/09\/1-scaled.jpg?fit=1200%2C800&ssl=1&resize=350%2C200","width":350,"height":200},"classes":[]},{"id":5738,"url":"https:\/\/illadelstrails.com\/ca\/2024\/09\/30\/la-trail-dels-fars-nocturna-lista-para-el-fin-de-semana\/","url_meta":{"origin":2482,"position":2},"title":"La Trail dels Fars Nocturna, a punt per al cap de setmana","date":"30 September, 2024","format":false,"excerpt":"La tercera cursa de la lliga Illa dels Trails comptar\u00e0 amb prop de 400 participants repartits entre les seves dues dist\u00e0ncies de 13 i 23 quil\u00f2metres. La tercera cita de la lliga Illa dels Trails ja \u00e9s aqu\u00ed. La Trail dels Fars Nocturna, que enguany s'ha retardat en el calendari\u2026","rel":"","context":"In &quot;Trail Nocturna&quot;","img":{"alt_text":"","src":"https:\/\/i0.wp.com\/illadelstrails.com\/wp-content\/uploads\/2024\/09\/IMG_8791.jpg?fit=1200%2C900&ssl=1&resize=350%2C200","width":350,"height":200},"classes":[]},{"id":3321,"url":"https:\/\/illadelstrails.com\/ca\/2021\/09\/22\/mes-de-500-estrelles-per-a-la-trail-dels-fars-nocturna\/","url_meta":{"origin":2482,"position":3},"title":"M\u00e9s de 500 estrelles per a la Trail dels Fars Nocturna","date":"22 September, 2021","format":false,"excerpt":"M\u00e9s de mig millar de corredors participaran en la segona edici\u00f3 d'una carrera que ofereix les dist\u00e0ncies de 21KM i 13KM i que acaba a la base de San Isidro La segona edici\u00f3 de la Trail del Fars Nocturna omplir\u00e0 aquest dissabte d'estrelles, m\u00e9s si cap, el tram de Cam\u00ed\u2026","rel":"","context":"In &quot;Trail Nocturna&quot;","img":{"alt_text":"","src":"https:\/\/i0.wp.com\/illadelstrails.com\/wp-content\/uploads\/2021\/09\/3.jpeg?fit=1024%2C768&ssl=1&resize=350%2C200","width":350,"height":200},"classes":[]},{"id":2810,"url":"https:\/\/illadelstrails.com\/ca\/2021\/03\/12\/la-marca-sport-hg-se-incorpora-a-lilla-dels-trails\/","url_meta":{"origin":2482,"position":4},"title":"La marca Sport HG se incorpora a l\u2019Illa dels Trails","date":"12 March, 2021","format":false,"excerpt":"La marca internacional de ropa t\u00e9cnica deportiva ser\u00e1 uno de los principales patrocinadores del circuito de pruebas que tendr\u00e1 lugar en Menorca a lo largo de 2021 El proyecto Illa dels Trails sigue creciendo de cara a un 2021 cargado de ilusi\u00f3n. La prestigiosa marca internacional de ropa t\u00e9cnica deportiva,\u2026","rel":"","context":"In &quot;October Trail&quot;","img":{"alt_text":"","src":"https:\/\/i0.wp.com\/illadelstrails.com\/wp-content\/uploads\/2021\/03\/CarlosLl\u00a9-1381-scaled.jpg?fit=1200%2C800&ssl=1&resize=350%2C200","width":350,"height":200},"classes":[]},{"id":4691,"url":"https:\/\/illadelstrails.com\/ca\/2023\/02\/03\/la-trail-dels-fars-acoge-750-participantes-para-su-decima-edicion\/","url_meta":{"origin":2482,"position":5},"title":"La Trail dels Fars acull 750 participants per a la seva desena edici\u00f3","date":"3 February, 2023","format":false,"excerpt":"La primera prova de l'edici\u00f3 de 2023 de la lliga\u00a0Illa\u00a0dels\u00a0Trails\u00a0compta amb tres dist\u00e0ncies que es disputaran \u00edntegrament el diumenge La\u00a0Illa\u00a0dels\u00a0Trails\u00a0obre la seva tercera edici\u00f3 aquest diumenge amb la disputa de la desena edici\u00f3 de la\u00a0Trail\u00a0dels\u00a0Fars. La carrera, que s'ha presentat aquest divendres en el renovat sal\u00f3 g\u00f2tic de l'Ajuntament de\u2026","rel":"","context":"In &quot;Trail dels Fars&quot;","img":{"alt_text":"","src":"https:\/\/i0.wp.com\/illadelstrails.com\/wp-content\/uploads\/2023\/02\/1.jpeg?fit=1200%2C900&ssl=1&resize=350%2C200","width":350,"height":200},"classes":[]}],"_links":{"self":[{"href":"https:\/\/illadelstrails.com\/ca\/wp-json\/wp\/v2\/posts\/2482"}],"collection":[{"href":"https:\/\/illadelstrails.com\/ca\/wp-json\/wp\/v2\/posts"}],"about":[{"href":"https:\/\/illadelstrails.com\/ca\/wp-json\/wp\/v2\/types\/post"}],"author":[{"embeddable":true,"href":"https:\/\/illadelstrails.com\/ca\/wp-json\/wp\/v2\/users\/1"}],"replies":[{"embeddable":true,"href":"https:\/\/illadelstrails.com\/ca\/wp-json\/wp\/v2\/comments?post=2482"}],"version-history":[{"count":1,"href":"https:\/\/illadelstrails.com\/ca\/wp-json\/wp\/v2\/posts\/2482\/revisions"}],"predecessor-version":[{"id":2486,"href":"https:\/\/illadelstrails.com\/ca\/wp-json\/wp\/v2\/posts\/2482\/revisions\/2486"}],"wp:featuredmedia":[{"embeddable":true,"href":"https:\/\/illadelstrails.com\/ca\/wp-json\/wp\/v2\/media\/2485"}],"wp:attachment":[{"href":"https:\/\/illadelstrails.com\/ca\/wp-json\/wp\/v2\/media?parent=2482"}],"wp:term":[{"taxonomy":"category","embeddable":true,"href":"https:\/\/illadelstrails.com\/ca\/wp-json\/wp\/v2\/categories?post=2482"},{"taxonomy":"post_tag","embeddable":true,"href":"https:\/\/illadelstrails.com\/ca\/wp-json\/wp\/v2\/tags?post=2482"}],"curies":[{"name":"wp","href":"https:\/\/api.w.org\/{rel}","templated":true}]}}