{"id":1893,"date":"2020-12-23T12:10:09","date_gmt":"2020-12-23T10:10:09","guid":{"rendered":"https:\/\/illadelstrails.com\/?p=1893"},"modified":"2020-12-23T12:10:09","modified_gmt":"2020-12-23T10:10:09","slug":"florit-y-alles-reyes-en-el-regreso-de-la-october-trail-menorca","status":"publish","type":"post","link":"https:\/\/illadelstrails.com\/ca\/2020\/12\/23\/florit-y-alles-reyes-en-el-regreso-de-la-october-trail-menorca\/","title":{"rendered":"Florit y All\u00e8s reyes en el regreso de la October Trail Menorca"},"content":{"rendered":"<p>Los menorquines protagonizan una carrera trepidante imponiendo ritmo de principio a fin por delante de Joan Toni Mayol y Lloren\u00e7 Socias y Marga Adrover y Karina G\u00f3mez.<\/p>\n<p>La October Trail Menorca regres\u00f3 por todo lo alto y con triunfos para Joan Florit (2:28:13) y Mari All\u00e8s (3:11:25), ti\u00f1endo la prueba de un claro sabor menorqu\u00edn. Fue una carrera at\u00edpica, marcada por las precauciones, las normas y los protocolos relacionados con la COVID 19, pero en la que no faltaron la pasi\u00f3n, la ilusi\u00f3n y las ganas de volver a colgarse un dorsal.<\/p>\n<p>Florit domin\u00f3 de principio a fin una carrera en la que marc\u00f3 un gran ritmo para arrancar la victoria a Joan Toni Mayol (2:33:50), segundo, y Lloren\u00e7 Socias (2:37:14), tercero. En f\u00e9minas, All\u00e8s vol\u00f3 hacia la meta ubicada en Cala\u2019n Bosch, para acabar por delante de Marga Adrover (3:11:25) y Karina Gomez Dixon (3:14:45).<\/p>\n<p>Desde la salida los 150 inscritos marcaron un ritmo fuerte sobre la arena de Son Bou, pre\u00e1mbulo de lo que se encontraron en Santo Tom\u00e1s, Binigaus y el escarpado tramo hacia Cala Mitjana. La llegada al avituallamiento en Cala Galdana mostraba ya los primeros rostos de cansancio entre los participantes, mientras Florit y All\u00e8s incrementaban su distancia a cada zancada flirteando por momentos con los 7 y los 5 minutos respectivamente.<\/p>\n<p>En el \u00faltimo tramo de competici\u00f3n no hubo sorpresas y los l\u00edderes certificaron un triunfo en una ma\u00f1ana marcada por el calor y las ganas de volver a correr.<\/p>\n<p>La prueba, organizada por Elitechip y por Biosport Menorca con el patrocinio de la Fundaci\u00f3 Foment del Turisme de Menorca, se cerr\u00f3 con la entrega de trofeos presidida por la regidora de Deportes del Ayuntamiento de Ciutadella, Sandra Moll, su hom\u00f3logo en Alaior, Rafel Quintana, y el director del Lago Resort Menorca, Alejandro Alguacil.<\/p>\n","protected":false},"excerpt":{"rendered":"<p>Los menorquines protagonizan una carrera trepidante imponiendo ritmo de principio a fin por delante de Joan Toni Mayol y Lloren\u00e7 Socias y Marga Adrover y Karina G\u00f3mez. La October Trail Menorca regres\u00f3 por todo lo alto y con triunfos para Joan Florit (2:28:13) y Mari All\u00e8s (3:11:25), ti\u00f1endo la prueba de un claro sabor menorqu\u00edn. [&hellip;]<\/p>\n","protected":false},"author":1,"featured_media":1887,"comment_status":"closed","ping_status":"closed","sticky":false,"template":"","format":"standard","meta":{"spay_email":"","footnotes":""},"categories":[64],"tags":[],"class_list":["post-1893","post","type-post","status-publish","format-standard","has-post-thumbnail","hentry","category-october-trail"],"acf":[],"jetpack_featured_media_url":"https:\/\/i0.wp.com\/illadelstrails.com\/wp-content\/uploads\/2020\/12\/noticia_3.jpg?fit=1024%2C641&ssl=1","jetpack-related-posts":[{"id":3494,"url":"https:\/\/illadelstrails.com\/ca\/2021\/10\/19\/alles-repite-triunfo-y-esteve-debuta-con-victoria-en-la-october\/","url_meta":{"origin":1893,"position":0},"title":"All\u00e9s repeteix triomf i Esteve debuta amb vict\u00f2ria en la October Trail","date":"19 October, 2021","format":false,"excerpt":"La tercera edici\u00f3 de la carrera viu un aut\u00e8ntic festival de l'esport en el qual B\u00e0rbara Sureda i Toful Moll, en els 19KM, i Marga Farragut i Tomeu Salord, en els 11KM, regnen La tercera edici\u00f3 de l\u2019October Trail va oferir un gran espectacle esportiu a la zona del Lago\u2026","rel":"","context":"In &quot;October Trail&quot;","img":{"alt_text":"","src":"https:\/\/i0.wp.com\/illadelstrails.com\/wp-content\/uploads\/2021\/10\/WhatsApp-Image-2021-10-16-at-17.30.18-1.jpeg?fit=1200%2C800&ssl=1&resize=350%2C200","width":350,"height":200},"classes":[]},{"id":4351,"url":"https:\/\/illadelstrails.com\/ca\/2022\/10\/17\/castanyer-y-alles-derriten-la-october-trail\/","url_meta":{"origin":1893,"position":1},"title":"Castanyer i All\u00e9s fonen l\u2019October Trail","date":"17 October, 2022","format":false,"excerpt":"El mallorqu\u00ed, corredor referent nacional, s\u2019imposa a una carrera que va haver de remuntar i la menorquina compleix el seu pron\u00f2stic La\u00a0October\u00a0Trail\u00a0i la segona edici\u00f3 de la lliga\u00a0Illa\u00a0dels\u00a0Trails\u00a0ja s\u00f3n hist\u00f2ria. I els seus protagonistes s\u00f3n el mallorqu\u00ed\u00a0Tofol\u00a0Castanyer i la\u00a0ciutadellenca\u00a0Mari\u00a0All\u00e8s, guanyadors absoluts de la dist\u00e0ncia regna en un dissabte molt emocionant\u2026","rel":"","context":"In &quot;October Trail&quot;","img":{"alt_text":"","src":"https:\/\/i0.wp.com\/illadelstrails.com\/wp-content\/uploads\/2022\/10\/WhatsApp-Image-2022-10-15-at-5.23.35-PM.jpeg?fit=1200%2C800&ssl=1&resize=350%2C200","width":350,"height":200},"classes":[]},{"id":2837,"url":"https:\/\/illadelstrails.com\/ca\/2021\/03\/28\/dominio-menorquin-para-la-trail-dels-barrancs\/","url_meta":{"origin":1893,"position":2},"title":"Dominio menorqu\u00edn para la Trail dels Barrancs","date":"28 March, 2021","format":false,"excerpt":"Maria Pallicer y Joan Florit se imponen en los 38KM en el estreno de la Illa dels Trails La primera edici\u00f3n de la Trail dels Barrancs, encargada de abrir la liga de carreras Illa dels Trails, se cerr\u00f3 con un \u00e9xito rotundo. Joan Florit y Maria Pallicer se alzaron con\u2026","rel":"","context":"In &quot;Trail dels Barrancs&quot;","img":{"alt_text":"","src":"https:\/\/i0.wp.com\/illadelstrails.com\/wp-content\/uploads\/2021\/03\/3.jpeg?fit=1200%2C800&ssl=1&resize=350%2C200","width":350,"height":200},"classes":[]},{"id":3328,"url":"https:\/\/illadelstrails.com\/ca\/2021\/09\/27\/florit-i-alles-estrelles-brillants-en-mao\/","url_meta":{"origin":1893,"position":3},"title":"Florit i All\u00e8s, estrelles brillants en Ma\u00f3","date":"27 September, 2021","format":false,"excerpt":"Els dos corredors s\u2019emporten el triomf als 21 quil\u00f2metres de la Trail dels Fars Nocturna, mentre que Isabella Orellana i Tomeu Salord, s\u2019imposen als 13 quil\u00f2metres Nit d'estrelles i de calor la que es va viure aquest dissabte en la segona edici\u00f3 de la Trail dels Fars Nocturna, tercera prova\u2026","rel":"","context":"In &quot;Trail Nocturna&quot;","img":{"alt_text":"","src":"https:\/\/i0.wp.com\/illadelstrails.com\/wp-content\/uploads\/2021\/09\/WhatsApp-Image-2021-09-26-at-10.03.46.jpeg?fit=1200%2C800&ssl=1&resize=350%2C200","width":350,"height":200},"classes":[]},{"id":2992,"url":"https:\/\/illadelstrails.com\/ca\/2021\/04\/25\/joan-florit-y-maria-pallicer-reyes-de-baleares\/","url_meta":{"origin":1893,"position":4},"title":"Joan Florit y Maria Pallicer, reyes de Baleares","date":"25 April, 2021","format":false,"excerpt":"Los corredores de Alaior y Ferreries ti\u00f1en de acento menorqu\u00edn la Trail dels Fars, tambi\u00e9n el campeonato balear de Trail Running. Joan Florit y Maria Pallicer. Maria Pallicer y Joan Florit. El trail run en Menorca no tiene a d\u00eda de hoy otros protagonistas que los dos corredores que impusieron\u2026","rel":"","context":"In &quot;Trail dels Fars&quot;","img":{"alt_text":"","src":"https:\/\/i0.wp.com\/illadelstrails.com\/wp-content\/uploads\/2021\/04\/WhatsApp-Image-2021-04-25-at-14.51.01.jpeg?fit=1200%2C800&ssl=1&resize=350%2C200","width":350,"height":200},"classes":[]},{"id":4312,"url":"https:\/\/illadelstrails.com\/ca\/2022\/09\/18\/riioja-y-alles-reyes-del-trail-nocturno\/","url_meta":{"origin":1893,"position":5},"title":"Rioja i All\u00e8s, reis del trail nocturn","date":"18 September, 2022","format":false,"excerpt":"El campi\u00f3 s'imposa amb un temps d'1.34:11 mentre que la guanyadora signatura una marca d'1.54:58 per a erigir-se en els m\u00e9s r\u00e0pids de la tercera edici\u00f3 de la\u00a0Trail\u00a0dels\u00a0Fars\u00a0Nocturna David Rioja i Mari\u00a0All\u00e9s\u00a0s\u00f3n els nous reis del\u00a0trail\u00a0nocturn a Menorca. Els dos corredors es van imposar en la tercera edici\u00f3 de la\u00a0Trail\u00a0dels\u00a0Fars\u00a0Nocturna,\u2026","rel":"","context":"In &quot;Trail Nocturna&quot;","img":{"alt_text":"","src":"https:\/\/i0.wp.com\/illadelstrails.com\/wp-content\/uploads\/2022\/09\/WhatsApp-Image-2022-09-18-at-9.31.23-AM-1.jpeg?fit=1200%2C800&ssl=1&resize=350%2C200","width":350,"height":200},"classes":[]}],"_links":{"self":[{"href":"https:\/\/illadelstrails.com\/ca\/wp-json\/wp\/v2\/posts\/1893"}],"collection":[{"href":"https:\/\/illadelstrails.com\/ca\/wp-json\/wp\/v2\/posts"}],"about":[{"href":"https:\/\/illadelstrails.com\/ca\/wp-json\/wp\/v2\/types\/post"}],"author":[{"embeddable":true,"href":"https:\/\/illadelstrails.com\/ca\/wp-json\/wp\/v2\/users\/1"}],"replies":[{"embeddable":true,"href":"https:\/\/illadelstrails.com\/ca\/wp-json\/wp\/v2\/comments?post=1893"}],"version-history":[{"count":1,"href":"https:\/\/illadelstrails.com\/ca\/wp-json\/wp\/v2\/posts\/1893\/revisions"}],"predecessor-version":[{"id":1894,"href":"https:\/\/illadelstrails.com\/ca\/wp-json\/wp\/v2\/posts\/1893\/revisions\/1894"}],"wp:featuredmedia":[{"embeddable":true,"href":"https:\/\/illadelstrails.com\/ca\/wp-json\/wp\/v2\/media\/1887"}],"wp:attachment":[{"href":"https:\/\/illadelstrails.com\/ca\/wp-json\/wp\/v2\/media?parent=1893"}],"wp:term":[{"taxonomy":"category","embeddable":true,"href":"https:\/\/illadelstrails.com\/ca\/wp-json\/wp\/v2\/categories?post=1893"},{"taxonomy":"post_tag","embeddable":true,"href":"https:\/\/illadelstrails.com\/ca\/wp-json\/wp\/v2\/tags?post=1893"}],"curies":[{"name":"wp","href":"https:\/\/api.w.org\/{rel}","templated":true}]}}