{"id":1890,"date":"2020-12-23T12:07:33","date_gmt":"2020-12-23T10:07:33","guid":{"rendered":"https:\/\/illadelstrails.com\/?p=1890"},"modified":"2020-12-23T12:08:26","modified_gmt":"2020-12-23T10:08:26","slug":"32km-de-seguridad-y-protocolo-en-la-october-trail-menorca","status":"publish","type":"post","link":"https:\/\/illadelstrails.com\/ca\/2020\/12\/23\/32km-de-seguridad-y-protocolo-en-la-october-trail-menorca\/","title":{"rendered":"32KM de seguridad y protocolo en la October Trail Menorca"},"content":{"rendered":"<p>La carrera se adapta a las normas que marca el Govern Balear para llevar a cabo una prueba que llena las 150 plazas disponibles para su distancia reina.<\/p>\n<p>La segunda edici\u00f3n de la October Trail Menorca ha superado todas las exigencias y se ha reinventado de la forma m\u00e1s segura cumpliendo las normas que marca el Govern Balear para convertirse en toda una realidad que llenar\u00e1 el tramo de Cam\u00ed de Cavalls entre Son Bou y Cala\u2019n Bosch este s\u00e1bado con 150 participantes. Se trata de un evento que organizan Biosport Menorca y Elitechip y que cuenta con el patrocinio de la Fundaci\u00f3 Foment del Turisme de Menorca.<\/p>\n<p>La carrera arranca este s\u00e1bado, d\u00eda 12, a las 8 de la ma\u00f1ana con la salida de 150 participantes. La organizaci\u00f3n, siguiendo los protocolos marcados desde el Govern Balear, ha dise\u00f1ado una salida que se har\u00e1 en grupos de 25 corredores que lo har\u00e1n desde las se\u00f1ales que se habilitar\u00e1n para garantizar la separaci\u00f3n de 1,5 metros entre cada uno, y en tandas cada 2 minutos. El tiempo, al llegar a meta, estar\u00e1 compensado para saber qu\u00e9 corredor y corredora han sido los m\u00e1s r\u00e1pidos en cubrir los 32 kil\u00f3metros.<\/p>\n<p>La October Trail Menorca se present\u00f3 este viernes en el epicentro de la carrera, las magn\u00edficas instalaciones del Lago Resort Menorca, en Cala\u2019n Bosch, lugar que acoge a participantes y donde se ubicar\u00e1 la zona de meta. La regidora de Deportes del Ayuntamiento de Ciutadella, Sandra Moll, presidi\u00f3 el acto acompa\u00f1ada del director insular de Promoci\u00f3n Tur\u00edstica, Jes\u00fas Gomila, el director del hotel, \u00c1lex Alguacil, y los organizadores Toni Cap\u00f3, director general de Biosport Menorca, y Guillem Bosch, gerente de Elitechip.<\/p>\n<p>Por la tarde, los 150 participantes ten\u00edan previsto recoger los dorsales en el hotel, preparando los \u00faltimos detalles de una carrera que supone un nuevo paso hacia el regreso a la normalidad deportiva en Menorca. El autob\u00fas de traslado de los participantes desde el Lago Resort Menorca hasta la salida est\u00e1 previsto para las 6.45 horas. Y la entrega de trofeos se har\u00e1 a las 12 horas, tambi\u00e9n delante del recinto.<\/p>\n<p>Para que la prueba se lleve a cabo los organizadores han redactado un protocolo de actuaci\u00f3n previa, durante y posterior a la carrera que cuenta con el visto bueno de los responsables del Govern Balear, adaptando algunos de los servicios y experiencias que ofrec\u00edan al escenario actual que limita algunos aspectos en este sentido.<\/p>\n<p>Sandra Moll cree que \u201ceste tipo de eventos controlados son necesarios, nos tenemos que adaptar a la nueva normalidad y no dejar de vivir estas experiencias deportivas\u201d. La responsable de deportes en Ciutadella matiza que \u201csi nos adaptamos no haremos una vida normal pero si lo m\u00e1s pr\u00f3xima a lo que ten\u00edamos y, si se cumplen las medidas de seguridad como no tenemos duda que hacen Biosport Menorca y Elitechip podemos disfrutar tranquilos\u201d.<\/p>\n<p>En ese sentido, Jes\u00fas Gomila agradece \u201cel esfuerzo que han hecho los organizadores para adaptarse a todas las exigencias, que no ha sido f\u00e1cil, y que ofrecen la posibilidad de seguir apostando por la marca Menorca Deportiva, un reclamo por el que llevamos a\u00f1os trabajando\u201d. En este sentido, el director insular de Promoci\u00f3n Tur\u00edstica valora como \u201cmuy positivo el mensaje que enviamos de que, con seguridad y cumpliendo las normas, seguimos movi\u00e9ndonos y organizando eventos que ayuden a promocionarnos\u201d.<\/p>\n<p>Toni Cap\u00f3, por su parte, agradece \u201ca cada una de las personas que se han implicado para que este s\u00e1bado podamos ofrecer, cumpliendo todas las normativaa, la posibilidad a 150 personas de disfrutar del Cam\u00ed de Cavalls. No es la prueba que querr\u00edamos hacer pero es la que podemo hacer y lo debemos valorar como tal\u201d. El organizador, junto con Guillem Bosch, matiza que \u201chay que ponerle el valor que merece al hecho de que Menorca sea capaz de acoger y de organizar una prueba de trail como esta cuando otros eventos en otros lugares no se han podido hacer, es un mensaje positivo, y hay que agradecer a la Fundaci\u00f3n Foment del Turisme el esfuerzo que han hecho y al Lago Resort Menorca, que a pesar del verano tan complicado que nos ha tocado vivir han apostado por mantener sus instalaciones y servicios en todo su esplendor, un ejemplo claro de que hay gente en Menorca que sigue creyendo en este proyecto\u201d.<\/p>\n<p>En ese sentido, el director del establecimiento, \u00c1lex Alguacil, admite \u201cestar muy contento de apoyar a este tipo de eventos que, a su vez, nos ayudan a nosotros como hotel y a toda la isla porque nos da a conocer\u201d. En esa l\u00ednea, el m\u00e1ximo responsable de Lago Resort Menorca agradece \u201cel esfuerzo por parte de la organizaci\u00f3n porque el escenario es complicado y el hecho de que se haga es digno de admirar\u201d.<\/p>\n","protected":false},"excerpt":{"rendered":"<p>La carrera se adapta a las normas que marca el Govern Balear para llevar a cabo una prueba que llena las 150 plazas disponibles para su distancia reina. La segunda edici\u00f3n de la October Trail Menorca ha superado todas las exigencias y se ha reinventado de la forma m\u00e1s segura cumpliendo las normas que marca [&hellip;]<\/p>\n","protected":false},"author":1,"featured_media":1888,"comment_status":"closed","ping_status":"closed","sticky":false,"template":"","format":"standard","meta":{"spay_email":"","footnotes":""},"categories":[64],"tags":[],"class_list":["post-1890","post","type-post","status-publish","format-standard","has-post-thumbnail","hentry","category-october-trail"],"acf":[],"jetpack_featured_media_url":"https:\/\/i0.wp.com\/illadelstrails.com\/wp-content\/uploads\/2020\/12\/noticia_2-1.jpg?fit=1024%2C641&ssl=1","jetpack-related-posts":[{"id":1885,"url":"https:\/\/illadelstrails.com\/ca\/2020\/12\/23\/la-covid19-obliga-a-cancelar-las-distancias-de-11km-y-19km-de-la-october-trail-menorca\/","url_meta":{"origin":1890,"position":0},"title":"La COVID19 obliga a cancelar las distancias de 11KM y 19KM de la October Trail Menorca","date":"23 December, 2020","format":false,"excerpt":"La situacio\u0301n actual en relacio\u0301n a la pandemia motiva una decisio\u0301n que, aunque difi\u0301cil, sigue la normativa marcada por el Govern Balear La segunda edicio\u0301n de la October Trail Menorca solamente contara\u0301 con la prueba de los 32KM. La actual situacio\u0301n con relacio\u0301n a la COVID19 ligada a las normas\u2026","rel":"","context":"In &quot;October Trail&quot;","img":{"alt_text":"","src":"https:\/\/i0.wp.com\/illadelstrails.com\/wp-content\/uploads\/2020\/12\/noticia_1-1.jpg?fit=1024%2C641&ssl=1&resize=350%2C200","width":350,"height":200},"classes":[]},{"id":1893,"url":"https:\/\/illadelstrails.com\/ca\/2020\/12\/23\/florit-y-alles-reyes-en-el-regreso-de-la-october-trail-menorca\/","url_meta":{"origin":1890,"position":1},"title":"Florit y All\u00e8s reyes en el regreso de la October Trail Menorca","date":"23 December, 2020","format":false,"excerpt":"Los menorquines protagonizan una carrera trepidante imponiendo ritmo de principio a fin por delante de Joan Toni Mayol y Lloren\u00e7 Socias y Marga Adrover y Karina G\u00f3mez. La October Trail Menorca regres\u00f3 por todo lo alto y con triunfos para Joan Florit (2:28:13) y Mari All\u00e8s (3:11:25), ti\u00f1endo la prueba\u2026","rel":"","context":"In &quot;October Trail&quot;","img":{"alt_text":"","src":"https:\/\/i0.wp.com\/illadelstrails.com\/wp-content\/uploads\/2020\/12\/noticia_3.jpg?fit=1024%2C641&ssl=1&resize=350%2C200","width":350,"height":200},"classes":[]},{"id":6378,"url":"https:\/\/illadelstrails.com\/ca\/2025\/11\/13\/la-october-trail-menorca-y-sus-2-000-inscritos-preparados-para-cerrar-la-illa-dels-trails\/","url_meta":{"origin":1890,"position":2},"title":"L\u2019October Trail Menorca i els seus 2.000 inscrits, preparats per tancar l\u2019Illa dels Trails","date":"13 November, 2025","format":false,"excerpt":"L\u2019\u00faltima cita de la lliga arriba aquest dissabte amb r\u00e8cord de participaci\u00f3 general i amb m\u00e9s d\u2019un 40% de corredores, una xifra entre les m\u00e9s altes de les Illes Balears. \u00a0 La setena edici\u00f3 de l\u2019October Trail Menorca ha comen\u00e7at a rodar aquest dijous amb la presentaci\u00f3 d\u2019una cursa que\u2026","rel":"","context":"In &quot;October Trail&quot;","img":{"alt_text":"","src":"https:\/\/i0.wp.com\/illadelstrails.com\/wp-content\/uploads\/2025\/11\/Presentacio.jpeg?fit=1200%2C782&ssl=1&resize=350%2C200","width":350,"height":200},"classes":[]},{"id":2826,"url":"https:\/\/illadelstrails.com\/ca\/2021\/03\/24\/alaior-y-sus-barrancos-se-llenara-de-participantes-para-la-trail-dels-barrancs\/","url_meta":{"origin":1890,"position":3},"title":"Alaior y sus barrancos se llenar\u00e1 de participantes para la Trail dels Barrancs","date":"24 March, 2021","format":false,"excerpt":"La carrera, que abre la liga Illa dels Trails, cuenta con tres distancias, 38KM, 21KM y 15KM. El hecho de ser federada y formar parte del calendario nacional de carreras garantiza que todos los participantes de fuera de Menorca puedan desplazarse para disputarla Apenas restan horas para que arranque la\u2026","rel":"","context":"In &quot;Trail dels Barrancs&quot;","img":{"alt_text":"","src":"https:\/\/i0.wp.com\/illadelstrails.com\/wp-content\/uploads\/2021\/03\/Pres-scaled.jpg?fit=1200%2C800&ssl=1&resize=350%2C200","width":350,"height":200},"classes":[]},{"id":5890,"url":"https:\/\/illadelstrails.com\/ca\/2024\/10\/28\/la-tormenta-electrica-le-gana-la-carrera-a-la-october-trail\/","url_meta":{"origin":1890,"position":4},"title":"La tempesta el\u00e8ctrica guanya la cursa a l&#8217;October Trail","date":"28 October, 2024","format":false,"excerpt":"Els llamps van motivar a l'organitzaci\u00f3 a prendre la decisi\u00f3 de cancel\u00b7lar la prova posant per sobre de tot la salut dels participants. Enric Pons i Inmaculada Rodr\u00edguez, guanyadors de la Lliga Illa dels Trails. La tempesta el\u00e8ctrica que va afectar la zona de Ciutadella aquest dissabte va guanyar la\u2026","rel":"","context":"In &quot;October Trail&quot;","img":{"alt_text":"","src":"https:\/\/i0.wp.com\/illadelstrails.com\/wp-content\/uploads\/2024\/10\/Podio-Oro.jpeg?fit=1200%2C800&ssl=1&resize=350%2C200","width":350,"height":200},"classes":[]},{"id":3484,"url":"https:\/\/illadelstrails.com\/ca\/2021\/10\/15\/un-sabado-de-trail-de-bicicleta-y-de-mucho-mas\/","url_meta":{"origin":1890,"position":5},"title":"Un dissabte de trail, de bicicleta i de molt m\u00e9s","date":"15 October, 2021","format":false,"excerpt":"La October Trail viur\u00e0 la seva tercera edici\u00f3 incrementant la seva oferta amb la October Bike i formant part d'un complet cartell d'activitats esportives organitzades per Lago Resort Menorca La zona del Lago de Cala\u2019n Bosch, a Ciutadella, viur\u00e0 aquest dissabte una jornada esportiva d'all\u00f2 m\u00e9s completa gr\u00e0cies a la\u2026","rel":"","context":"In &quot;October Trail&quot;","img":{"alt_text":"","src":"https:\/\/i0.wp.com\/illadelstrails.com\/wp-content\/uploads\/2021\/10\/1.jpeg?fit=1024%2C768&ssl=1&resize=350%2C200","width":350,"height":200},"classes":[]}],"_links":{"self":[{"href":"https:\/\/illadelstrails.com\/ca\/wp-json\/wp\/v2\/posts\/1890"}],"collection":[{"href":"https:\/\/illadelstrails.com\/ca\/wp-json\/wp\/v2\/posts"}],"about":[{"href":"https:\/\/illadelstrails.com\/ca\/wp-json\/wp\/v2\/types\/post"}],"author":[{"embeddable":true,"href":"https:\/\/illadelstrails.com\/ca\/wp-json\/wp\/v2\/users\/1"}],"replies":[{"embeddable":true,"href":"https:\/\/illadelstrails.com\/ca\/wp-json\/wp\/v2\/comments?post=1890"}],"version-history":[{"count":2,"href":"https:\/\/illadelstrails.com\/ca\/wp-json\/wp\/v2\/posts\/1890\/revisions"}],"predecessor-version":[{"id":1892,"href":"https:\/\/illadelstrails.com\/ca\/wp-json\/wp\/v2\/posts\/1890\/revisions\/1892"}],"wp:featuredmedia":[{"embeddable":true,"href":"https:\/\/illadelstrails.com\/ca\/wp-json\/wp\/v2\/media\/1888"}],"wp:attachment":[{"href":"https:\/\/illadelstrails.com\/ca\/wp-json\/wp\/v2\/media?parent=1890"}],"wp:term":[{"taxonomy":"category","embeddable":true,"href":"https:\/\/illadelstrails.com\/ca\/wp-json\/wp\/v2\/categories?post=1890"},{"taxonomy":"post_tag","embeddable":true,"href":"https:\/\/illadelstrails.com\/ca\/wp-json\/wp\/v2\/tags?post=1890"}],"curies":[{"name":"wp","href":"https:\/\/api.w.org\/{rel}","templated":true}]}}