{"id":1885,"date":"2020-12-23T12:05:55","date_gmt":"2020-12-23T10:05:55","guid":{"rendered":"https:\/\/illadelstrails.com\/?p=1885"},"modified":"2020-12-23T12:05:55","modified_gmt":"2020-12-23T10:05:55","slug":"la-covid19-obliga-a-cancelar-las-distancias-de-11km-y-19km-de-la-october-trail-menorca","status":"publish","type":"post","link":"https:\/\/illadelstrails.com\/ca\/2020\/12\/23\/la-covid19-obliga-a-cancelar-las-distancias-de-11km-y-19km-de-la-october-trail-menorca\/","title":{"rendered":"La COVID19 obliga a cancelar las distancias de 11KM y 19KM de la October Trail Menorca"},"content":{"rendered":"<div class=\"column\">\n<p>La situacio\u0301n actual en relacio\u0301n a la pandemia motiva una decisio\u0301n que, aunque difi\u0301cil, sigue la normativa marcada por el Govern Balear<\/p>\n<\/div>\n<div class=\"page\" title=\"Page 1\">\n<div class=\"layoutArea\">\n<div class=\"column\">\n<p>La segunda edicio\u0301n de la October Trail Menorca solamente contara\u0301 con la prueba de los 32KM. La actual situacio\u0301n con relacio\u0301n a la COVID19 ligada a las normas marcadas por el Govern Balear obliga a tomar la difi\u0301cil decisio\u0301n de cancelar las ditancias de los 19KM y los 11KM. Las personas que se han inscrito en esas dos distancias recibira\u0301n el rembolso de las inscripciones i\u0301ntegramente. Tambie\u0301n se ofrecera\u0301 la posibilidad a un nu\u0301mero reducido de personas que lo soliciten de pasarse a la distancia de 32KM. Deben enviar un mail a contacto@elitechip.net antes del di\u0301a 5 de septiembre.<\/p>\n<p>Desde la organizacio\u0301n hemos estado trabajando constantemente junto con las autoridades para conseguir todos los permisos necesarios para llevar a cabo la prueba, la adaptacio\u0301n de un protocolo para incrementar la seguridad, pero las condiciones de la situacio\u0301n actual mandan, y se debe limitar la participacio\u0301n a 150 participantes en una sola distancia.<\/p>\n<p>De este modo, la carrera de 32KM saldra\u0301 el sa\u0301bado, 12 de setiembre, desde Son Bou a las 8 horas, y llegara\u0301, como estaba previsto, a Cala\u2019n Bosch. Otra decisio\u0301n que se toma por parte de la organizacio\u0301n es la cancelacio\u0301n de la fiesta posterior por motivos de seguridad.<\/p>\n<p>Desde Elitechip.net y Biosport Menorca somos conscientes de los contratiempos que conllevan esta decisio\u0301n, que en cualquier caso esta\u0301 justificada por la complicada situacio\u0301n actual y las medidas de seguridad que marca el Govern Balear, y lamentamos las molestias que puedan ocasionar.<\/p>\n<\/div>\n<\/div>\n<\/div>\n","protected":false},"excerpt":{"rendered":"<p>La situacio\u0301n actual en relacio\u0301n a la pandemia motiva una decisio\u0301n que, aunque difi\u0301cil, sigue la normativa marcada por el Govern Balear La segunda edicio\u0301n de la October Trail Menorca solamente contara\u0301 con la prueba de los 32KM. La actual situacio\u0301n con relacio\u0301n a la COVID19 ligada a las normas marcadas por el Govern Balear [&hellip;]<\/p>\n","protected":false},"author":1,"featured_media":1886,"comment_status":"closed","ping_status":"closed","sticky":false,"template":"","format":"standard","meta":{"spay_email":"","footnotes":""},"categories":[64],"tags":[],"class_list":["post-1885","post","type-post","status-publish","format-standard","has-post-thumbnail","hentry","category-october-trail"],"acf":[],"jetpack_featured_media_url":"https:\/\/i0.wp.com\/illadelstrails.com\/wp-content\/uploads\/2020\/12\/noticia_1-1.jpg?fit=1024%2C641&ssl=1","jetpack-related-posts":[{"id":3040,"url":"https:\/\/illadelstrails.com\/ca\/2021\/07\/01\/la-october-trail-2021-abre-sus-inscripciones\/","url_meta":{"origin":1885,"position":0},"title":"La October Trail 2021 abre sus inscripciones","date":"1 July, 2021","format":false,"excerpt":"La carrera, que se disputar\u00e1 el 16 de octubre, contar\u00e1 con las distancias de 32KM, 19KM y 11KM con llegada en Cala\u2019n Bosch La tercera edici\u00f3n de la October Trail ha abierto este 1 de julio las inscripciones para las tres distancias con las que contar\u00e1 para este s\u00e1bado, 16\u2026","rel":"","context":"In &quot;October Trail&quot;","img":{"alt_text":"","src":"https:\/\/i0.wp.com\/illadelstrails.com\/wp-content\/uploads\/2021\/07\/OctoberTrail-165-scaled.jpg?fit=1200%2C800&ssl=1&resize=350%2C200","width":350,"height":200},"classes":[]},{"id":5887,"url":"https:\/\/illadelstrails.com\/ca\/2024\/10\/28\/calan-bosch-se-prepara-para-recibir-a-casi-2000-corredores-en-la-october-trail\/","url_meta":{"origin":1885,"position":1},"title":"Cala\u2019n Bosch es prepara per rebre gaireb\u00e9 2000 corredors a l&#8217;October Trail","date":"28 October, 2024","format":false,"excerpt":"La prova esportiva tancar\u00e0 aquest dissabte una nova edici\u00f3 de la Lliga Illa dels Trails amb r\u00e8cord de participaci\u00f3 en els 32KM, els 19KM i els 11KM. L'October Trail 2024 compta les hores perqu\u00e8 comenci l'edici\u00f3 m\u00e9s concorreguda de la seva hist\u00f2ria. La prova, que tamb\u00e9 ser\u00e0 l'encarregada de tancar\u2026","rel":"","context":"In &quot;October Trail&quot;","img":{"alt_text":"","src":"https:\/\/i0.wp.com\/illadelstrails.com\/wp-content\/uploads\/2024\/10\/Presentacion.jpg?fit=1200%2C900&ssl=1&resize=350%2C200","width":350,"height":200},"classes":[]},{"id":6378,"url":"https:\/\/illadelstrails.com\/ca\/2025\/11\/13\/la-october-trail-menorca-y-sus-2-000-inscritos-preparados-para-cerrar-la-illa-dels-trails\/","url_meta":{"origin":1885,"position":2},"title":"L\u2019October Trail Menorca i els seus 2.000 inscrits, preparats per tancar l\u2019Illa dels Trails","date":"13 November, 2025","format":false,"excerpt":"L\u2019\u00faltima cita de la lliga arriba aquest dissabte amb r\u00e8cord de participaci\u00f3 general i amb m\u00e9s d\u2019un 40% de corredores, una xifra entre les m\u00e9s altes de les Illes Balears. \u00a0 La setena edici\u00f3 de l\u2019October Trail Menorca ha comen\u00e7at a rodar aquest dijous amb la presentaci\u00f3 d\u2019una cursa que\u2026","rel":"","context":"In &quot;October Trail&quot;","img":{"alt_text":"","src":"https:\/\/i0.wp.com\/illadelstrails.com\/wp-content\/uploads\/2025\/11\/Presentacio.jpeg?fit=1200%2C782&ssl=1&resize=350%2C200","width":350,"height":200},"classes":[]},{"id":4703,"url":"https:\/\/illadelstrails.com\/ca\/2023\/02\/08\/la-trail-dels-fars-nocturna-abre-sus-inscripciones-y-regresa-a-menorca-el-16-de-septiembre\/","url_meta":{"origin":1885,"position":3},"title":"La Trail dels Fars Nocturna obre les seves inscripcions i torna a Menorca el 16 de setembre","date":"8 February, 2023","format":false,"excerpt":"La carrera, que ser\u00e0 la tercera cita de la lliga Illa dels Trails, comptar\u00e0 amb les dist\u00e0ncies de 23KM i de 13KM entre el far de Favaritx i la Base Militar de San Isidro La tercera parada de la lliga Illa dels Trails que es disputa a Menorca tindr\u00e0 la\u2026","rel":"","context":"In &quot;Trail Nocturna&quot;","img":{"alt_text":"","src":"https:\/\/i0.wp.com\/illadelstrails.com\/wp-content\/uploads\/2023\/02\/TrailNocturna2022-098-scaled.jpg?fit=1200%2C800&ssl=1&resize=350%2C200","width":350,"height":200},"classes":[]},{"id":1890,"url":"https:\/\/illadelstrails.com\/ca\/2020\/12\/23\/32km-de-seguridad-y-protocolo-en-la-october-trail-menorca\/","url_meta":{"origin":1885,"position":4},"title":"32KM de seguridad y protocolo en la October Trail Menorca","date":"23 December, 2020","format":false,"excerpt":"La carrera se adapta a las normas que marca el Govern Balear para llevar a cabo una prueba que llena las 150 plazas disponibles para su distancia reina. La segunda edici\u00f3n de la October Trail Menorca ha superado todas las exigencias y se ha reinventado de la forma m\u00e1s segura\u2026","rel":"","context":"In &quot;October Trail&quot;","img":{"alt_text":"","src":"https:\/\/i0.wp.com\/illadelstrails.com\/wp-content\/uploads\/2020\/12\/noticia_2-1.jpg?fit=1024%2C641&ssl=1&resize=350%2C200","width":350,"height":200},"classes":[]},{"id":6381,"url":"https:\/\/illadelstrails.com\/ca\/2025\/11\/13\/coral-velilla-y-xavi-villalonga-vencen-en-una-calurosa-y-concurrida-edicion-de-la-october-trail-menorca\/","url_meta":{"origin":1885,"position":5},"title":"Coral Velilla i Xavi Villalonga, vencedors en una edici\u00f3 calorosa i multitudin\u00e0ria de l\u2019October Trail Menorca","date":"13 November, 2025","format":false,"excerpt":"La cita esportiva va congregar uns 2.000 participants, amb vict\u00f2ries de Joana Chac\u00f3n i el menorqu\u00ed Marc L\u00f3pez als 19KM i d\u2019Asmaa Zammou i Manu Dom\u00ednguez als 11KM \u00a0 La setena edici\u00f3 de l\u2019October Trail Menorca va abaixar el tel\u00f3 a una de les seves edicions m\u00e9s caloroses que es\u2026","rel":"","context":"In &quot;October Trail&quot;","img":{"alt_text":"","src":"https:\/\/i0.wp.com\/illadelstrails.com\/wp-content\/uploads\/2025\/11\/OCTOBER-TRAIL-MENORCA-2025-164516-scaled.jpg?fit=1200%2C799&ssl=1&resize=350%2C200","width":350,"height":200},"classes":[]}],"_links":{"self":[{"href":"https:\/\/illadelstrails.com\/ca\/wp-json\/wp\/v2\/posts\/1885"}],"collection":[{"href":"https:\/\/illadelstrails.com\/ca\/wp-json\/wp\/v2\/posts"}],"about":[{"href":"https:\/\/illadelstrails.com\/ca\/wp-json\/wp\/v2\/types\/post"}],"author":[{"embeddable":true,"href":"https:\/\/illadelstrails.com\/ca\/wp-json\/wp\/v2\/users\/1"}],"replies":[{"embeddable":true,"href":"https:\/\/illadelstrails.com\/ca\/wp-json\/wp\/v2\/comments?post=1885"}],"version-history":[{"count":1,"href":"https:\/\/illadelstrails.com\/ca\/wp-json\/wp\/v2\/posts\/1885\/revisions"}],"predecessor-version":[{"id":1889,"href":"https:\/\/illadelstrails.com\/ca\/wp-json\/wp\/v2\/posts\/1885\/revisions\/1889"}],"wp:featuredmedia":[{"embeddable":true,"href":"https:\/\/illadelstrails.com\/ca\/wp-json\/wp\/v2\/media\/1886"}],"wp:attachment":[{"href":"https:\/\/illadelstrails.com\/ca\/wp-json\/wp\/v2\/media?parent=1885"}],"wp:term":[{"taxonomy":"category","embeddable":true,"href":"https:\/\/illadelstrails.com\/ca\/wp-json\/wp\/v2\/categories?post=1885"},{"taxonomy":"post_tag","embeddable":true,"href":"https:\/\/illadelstrails.com\/ca\/wp-json\/wp\/v2\/tags?post=1885"}],"curies":[{"name":"wp","href":"https:\/\/api.w.org\/{rel}","templated":true}]}}