{"id":1,"date":"2020-12-02T20:18:02","date_gmt":"2020-12-02T18:18:02","guid":{"rendered":"https:\/\/illadelstrails.com\/?p=1"},"modified":"2020-12-02T20:18:02","modified_gmt":"2020-12-02T18:18:02","slug":"hola-mon","status":"publish","type":"post","link":"https:\/\/illadelstrails.com\/ca\/2020\/12\/02\/hola-mon\/","title":{"rendered":"Hola, m\u00f3n!"},"content":{"rendered":"\n<p>Benvinguts al WordPress. Aquest \u00e9s la primera entrada. Editeu-la o suprimiu-la, i aleshores comenceu a escriure!<\/p>\n","protected":false},"excerpt":{"rendered":"<p>Benvinguts al WordPress. Aquest \u00e9s la primera entrada. Editeu-la o suprimiu-la, i aleshores comenceu a escriure!<\/p>\n","protected":false},"author":1,"featured_media":0,"comment_status":"open","ping_status":"open","sticky":false,"template":"","format":"standard","meta":{"spay_email":"","footnotes":""},"categories":[1],"tags":[],"class_list":["post-1","post","type-post","status-publish","format-standard","hentry","category-general"],"acf":[],"jetpack_featured_media_url":"","jetpack-related-posts":[{"id":6392,"url":"https:\/\/illadelstrails.com\/ca\/2025\/11\/19\/mas-de-700-participantes-abren-el-ano-deportivo-en-la-trail-dels-fars\/","url_meta":{"origin":1,"position":0},"title":"M\u00e9s de 700 participants obren l\u2019any esportiu a la Trail dels Fars","date":"19 November, 2025","format":false,"excerpt":"La tradicional cita que acaba a Ciutadella obrir\u00e0, una vegada m\u00e9s, el calendari d\u2019esdeveniments de l\u2019illa amb una cursa de 46KM, 21KM i 12KM. La Lliga Illa dels Trails obrir\u00e0 aquest diumenge la seva quarta edici\u00f3 amb la tradicional Trail dels Fars. La cita, que ja ha superat els 700\u2026","rel":"","context":"In &quot;Trail dels Fars&quot;","img":{"alt_text":"","src":"https:\/\/i0.wp.com\/illadelstrails.com\/wp-content\/uploads\/2025\/11\/Presentacio-scaled.jpg?fit=1200%2C900&ssl=1&resize=350%2C200","width":350,"height":200},"classes":[]},{"id":6378,"url":"https:\/\/illadelstrails.com\/ca\/2025\/11\/13\/la-october-trail-menorca-y-sus-2-000-inscritos-preparados-para-cerrar-la-illa-dels-trails\/","url_meta":{"origin":1,"position":1},"title":"L\u2019October Trail Menorca i els seus 2.000 inscrits, preparats per tancar l\u2019Illa dels Trails","date":"13 November, 2025","format":false,"excerpt":"L\u2019\u00faltima cita de la lliga arriba aquest dissabte amb r\u00e8cord de participaci\u00f3 general i amb m\u00e9s d\u2019un 40% de corredores, una xifra entre les m\u00e9s altes de les Illes Balears. \u00a0 La setena edici\u00f3 de l\u2019October Trail Menorca ha comen\u00e7at a rodar aquest dijous amb la presentaci\u00f3 d\u2019una cursa que\u2026","rel":"","context":"In &quot;October Trail&quot;","img":{"alt_text":"","src":"https:\/\/i0.wp.com\/illadelstrails.com\/wp-content\/uploads\/2025\/11\/Presentacio.jpeg?fit=1200%2C782&ssl=1&resize=350%2C200","width":350,"height":200},"classes":[]},{"id":3321,"url":"https:\/\/illadelstrails.com\/ca\/2021\/09\/22\/mes-de-500-estrelles-per-a-la-trail-dels-fars-nocturna\/","url_meta":{"origin":1,"position":2},"title":"M\u00e9s de 500 estrelles per a la Trail dels Fars Nocturna","date":"22 September, 2021","format":false,"excerpt":"M\u00e9s de mig millar de corredors participaran en la segona edici\u00f3 d'una carrera que ofereix les dist\u00e0ncies de 21KM i 13KM i que acaba a la base de San Isidro La segona edici\u00f3 de la Trail del Fars Nocturna omplir\u00e0 aquest dissabte d'estrelles, m\u00e9s si cap, el tram de Cam\u00ed\u2026","rel":"","context":"In &quot;Trail Nocturna&quot;","img":{"alt_text":"","src":"https:\/\/i0.wp.com\/illadelstrails.com\/wp-content\/uploads\/2021\/09\/3.jpeg?fit=1024%2C768&ssl=1&resize=350%2C200","width":350,"height":200},"classes":[]},{"id":3508,"url":"https:\/\/illadelstrails.com\/ca\/2021\/11\/11\/la-trail-del-nord-debuta-superando-los-700-inscritos-para-cerrar-la-liga-illa-dels-trails\/","url_meta":{"origin":1,"position":3},"title":"La Trail del Nord debuta superant els 700 inscrits per a tancar la lliga Illa dels Trails","date":"11 November, 2021","format":false,"excerpt":"L'\u00faltima carrera tindr\u00e0 lloc aquest diumenge amb tres dist\u00e0ncies que acabaran totes en el Poliesportiu Municipal de\u00a0Fornells La primera edici\u00f3 de la lliga\u00a0Illa\u00a0dels\u00a0Trails\u00a0arriba aquest diumenge a la seva fi amb la disputa de la\u00a0Trail\u00a0del\u00a0Nord, una carrera que s'estrena a Menorca i que ha despertat l'inter\u00e8s de m\u00e9s de 700 participants\u2026","rel":"","context":"In &quot;Trail del Nord&quot;","img":{"alt_text":"","src":"https:\/\/i0.wp.com\/illadelstrails.com\/wp-content\/uploads\/2021\/11\/Presentacio.jpeg?fit=1024%2C768&ssl=1&resize=350%2C200","width":350,"height":200},"classes":[]},{"id":3904,"url":"https:\/\/illadelstrails.com\/ca\/2022\/02\/03\/la-segunda-edicion-de-la-lliga-illa-dels-trails-se-abre-con-mas-de-700-inscritos-en-la-trail-dels-fars\/","url_meta":{"origin":1,"position":4},"title":"La segona edici\u00f3 de la lliga Illa dels Trails s\u2019obra amb m\u00e9s de 700 inscrits a la Trail dels Fars","date":"3 February, 2022","format":false,"excerpt":"Ciutadella acull aquest diumenge l\u2019apertura de la competici\u00f3 de 5 curses de trail, amb una prova amb les dist\u00e0ncies de 46KM, 21KM i 12KM La segona edici\u00f3 de la lliga Illa dels Trails obrir\u00e0 el seu recorregut aquest diumenge, 6 de febrer, amb la Trail dels Fars. Amb m\u00e9s de\u2026","rel":"","context":"In &quot;Trail dels Fars&quot;","img":{"alt_text":"","src":"https:\/\/i0.wp.com\/illadelstrails.com\/wp-content\/uploads\/2022\/02\/1.jpeg?fit=1200%2C900&ssl=1&resize=350%2C200","width":350,"height":200},"classes":[]},{"id":6436,"url":"https:\/\/illadelstrails.com\/ca\/2026\/03\/13\/ferreries-se-vuelca-con-los-600-corredores-de-la-trail-del-nord\/","url_meta":{"origin":1,"position":5},"title":"Ferreries es bolca amb els 600 corredors de la Trail del Nord","date":"13 March, 2026","format":false,"excerpt":"El municipi acollir\u00e0 la meta de la segona prova de la Lliga Illa dels Trails que se celebra aquest dissabte \u00a0 La Trail del Nord compta les hores per arrencar la seva sisena edici\u00f3, la segona que t\u00e9 Ferreries com a epicentre, i que acollir\u00e0 600 participants repartits entre les\u2026","rel":"","context":"In &quot;Trail del Nord&quot;","img":{"alt_text":"","src":"https:\/\/i0.wp.com\/illadelstrails.com\/wp-content\/uploads\/2026\/03\/IMG_2751.jpg?fit=1200%2C900&ssl=1&resize=350%2C200","width":350,"height":200},"classes":[]}],"_links":{"self":[{"href":"https:\/\/illadelstrails.com\/ca\/wp-json\/wp\/v2\/posts\/1"}],"collection":[{"href":"https:\/\/illadelstrails.com\/ca\/wp-json\/wp\/v2\/posts"}],"about":[{"href":"https:\/\/illadelstrails.com\/ca\/wp-json\/wp\/v2\/types\/post"}],"author":[{"embeddable":true,"href":"https:\/\/illadelstrails.com\/ca\/wp-json\/wp\/v2\/users\/1"}],"replies":[{"embeddable":true,"href":"https:\/\/illadelstrails.com\/ca\/wp-json\/wp\/v2\/comments?post=1"}],"version-history":[{"count":0,"href":"https:\/\/illadelstrails.com\/ca\/wp-json\/wp\/v2\/posts\/1\/revisions"}],"wp:attachment":[{"href":"https:\/\/illadelstrails.com\/ca\/wp-json\/wp\/v2\/media?parent=1"}],"wp:term":[{"taxonomy":"category","embeddable":true,"href":"https:\/\/illadelstrails.com\/ca\/wp-json\/wp\/v2\/categories?post=1"},{"taxonomy":"post_tag","embeddable":true,"href":"https:\/\/illadelstrails.com\/ca\/wp-json\/wp\/v2\/tags?post=1"}],"curies":[{"name":"wp","href":"https:\/\/api.w.org\/{rel}","templated":true}]}}